{"id":78647,"date":"2025-09-02T10:25:48","date_gmt":"2025-09-02T08:25:48","guid":{"rendered":"https:\/\/miradordeatarfe.es\/?p=78647"},"modified":"2025-09-01T18:29:35","modified_gmt":"2025-09-01T16:29:35","slug":"el-radar-de-tramo-de-la-circunvalacion-de-granada-comienza-a-multar-desde-este-lunes","status":"publish","type":"post","link":"https:\/\/miradordeatarfe.es\/?p=78647","title":{"rendered":"El radar de tramo de la Circunvalaci\u00f3n de Granada comienza a multar desde este lunes"},"content":{"rendered":"<h2 class=\"subtitle-atom B-500-400-300-N B-525-400-300-N--md mb-3_5\" style=\"text-align: justify;\">Durante el mes de agosto ha mandado cartas de alerta, sin multas, a quienes superaban los 90 kil\u00f3metros por hora en esta zona<\/h2>\n<div class=\"bbnx-body prometeo-hideable two-columns-default-width\">\n<p class=\"paragraph-atom B-510-400-550-N B-525-400-700-N--md\" style=\"text-align: justify;\">El regreso a Granada tras las vacaciones llega con una novedad importante. La <strong>Direcci\u00f3n General de Tr\u00e1fico (DGT)<\/strong> ha anunciado que el <strong>radar de tramo de la Autov\u00eda GR-30<\/strong>, la <strong>Circunvalaci\u00f3n de Granada<\/strong>, ubicado entre los <strong>kil\u00f3metros 12 y 9 en sentido Ja\u00e9n<\/strong>, ya est\u00e1 activo y <strong>comenzar\u00e1 a multar desde este lunes 1 de septiembre<\/strong>.<\/p>\n<p class=\"paragraph-atom B-510-400-550-N B-525-400-700-N--md\" style=\"text-align: justify;\">Tras una espera de un mes para poder calibrarlo, durante el cual ha enviado cartas de alerta a quienes infring\u00edan la velocidad m\u00e1xima, desde ya se encuentra emitiendo sanciones <strong>entre la salida de La Chana<\/strong>, en el kil\u00f3metro 11, hasta la siguiente, <strong>la salida hacia la Carretera de M\u00e1laga y a la A-92G<\/strong>, a la altura del kil\u00f3metro 9.<\/p>\n<aside id=\"id-1000058-advertising--desktop\" class=\"advertising--desktop\" data-ad-type=\"list\">\n<div class=\"advertising rectangle list\" data-mrf-recirculation=\"M\u00f3dulo de publicidad\">\n<div id=\"list-1000058-141314\" class=\"advertising-wrapper\">\n<div class=\"adv-intext\">\n<div id=\"sm-it-main-container-1756743939251\" class=\"sm-it-main-container\" data-it=\"ab31bd4b-8504-478f-9cb5-f24e2f71b994\" data-device=\"desktop\" data-index=\"0\">\n<div id=\"sm-reference-1756743939251\" class=\"sm-reference\">\u00a0<\/div>\n<\/div>\n<\/div>\n<\/div>\n<\/div>\n<\/aside>\n<p class=\"paragraph-atom B-510-400-550-N B-525-400-700-N--md\" style=\"text-align: justify;\">Este control de velocidad no es el t\u00edpico radar de &#8216;fotograf\u00eda&#8217;, sino uno que hasta el momento nunca hab\u00eda sido instalado en toda la geograf\u00eda granadina: <strong>de control de velocidad en tramo, el primero de este tipo que se instala en la provincia de Granada. <\/strong>En septiembre de 2024 se instal\u00f3 en esta zona el cartel que alerta de la proximidad de este tipo de radares y el propio radar en s\u00ed, que estar\u00e1 alimentado con placas solares, y es ahora cuando ha empezado a funcionar de forma completa.<\/p>\n<h2 class=\"heading-atom B-600-500-200-N B-650-500-300-N--md heading\" style=\"text-align: justify;\"><strong>Radar en una zona de accidentes frecuentes<\/strong><\/h2>\n<p class=\"paragraph-atom B-510-400-550-N B-525-400-700-N--md\" style=\"text-align: justify;\">La zona en la que est\u00e1 colocado este radar de tramo coincide con una gran curva de la Circunvalaci\u00f3n, <strong>uno de los tramos m\u00e1s complicados en los que circular por la GR-30<\/strong>, y en la que se dan varias casu\u00edsticas. Adem\u00e1s de concentrar una de las zonas de mayor afluencia de veh\u00edculos de esta v\u00eda, el hecho de circular en curva de derechas y acelerando, debido al peralte ascendente, unido a que el carril derecho se destina a la salida hacia la Carretera de M\u00e1laga, desapareciendo m\u00e1s adelante, hace que <strong>esta zona sea una de las que m\u00e1s concentraci\u00f3n de accidentes tiene en la provincia de Granada<\/strong>, debido a los cambios de carril y a la velocidad.<\/p>\n<p class=\"paragraph-atom B-510-400-550-N B-525-400-700-N--md\" style=\"text-align: justify;\">El radar de tramo registra que los veh\u00edculos que circulen entre los kil\u00f3metros destinados no sobrepasen la velocidad m\u00e1xima permitida. Para hacer esto, un sistema de c\u00e1maras graba de forma continua, identificando la matr\u00edcula de cada veh\u00edculo a la entrada y a la salida del tramo. Despu\u00e9s, <strong>un ordenador relaciona las matr\u00edculas iguales, comprueba los tiempos de paso por las c\u00e1maras, y calcula la velocidad media del veh\u00edculo<\/strong>. Cuando la velocidad media del recorrido est\u00e1 por debajo del l\u00edmite, no hay infracci\u00f3n, pero si esta es superior a la velocidad m\u00e1xima permitida (en este caso 90 kil\u00f3metros por hora), emite la multa.<\/p>\n<p class=\"paragraph-atom B-510-400-550-N B-525-400-700-N--md\" style=\"text-align: justify;\">Los conductores que superen la velocidad media permitida en este tramo de la GR-30 podr\u00e1n recibir a <strong>multas de entre 100 y 600 euros<\/strong>, en funci\u00f3n de cuanto se haya excedido el l\u00edmite velocidad. En casos graves, la Ley contempla que se eliminen hasta <strong>seis puntos del carn\u00e9 de conducir<\/strong>.<\/p>\n<h2 class=\"heading-atom B-600-500-200-N B-650-500-300-N--md heading\" style=\"text-align: justify;\"><strong>Cuatro radares en ocho kil\u00f3metros<\/strong><\/h2>\n<p class=\"paragraph-atom B-510-400-550-N B-525-400-700-N--md\" style=\"text-align: justify;\">Con la instalaci\u00f3n de este nuevo radar de tramo en la Circunvalaci\u00f3n de Granada, la GR-30 registra un total de <strong>cuatro controladores de velocidad en apenas ocho kil\u00f3metros<\/strong>. Dos est\u00e1n en direcci\u00f3n Ja\u00e9n, y los otros dos en direcci\u00f3n Motril. Tres son radares tradicionales, y el otro este nuevo de tramo.<\/p>\n<p class=\"paragraph-atom B-510-400-550-N B-525-400-700-N--md\" style=\"text-align: justify;\">En <strong>direcci\u00f3n Ja\u00e9n<\/strong>, el primero de ellos se sit\u00faa entre las salidas de Og\u00edjares y la Ronda Sur, casi a la altura del desv\u00edo hacia Armilla y la A-395, en el kil\u00f3metro 15. Este fue el primero que se instal\u00f3 en la v\u00eda, y lleva funcionando muchos a\u00f1os, siempre y cuando no haya sido vandalizado. La limitaci\u00f3n es de 90 kil\u00f3metros hora. El segundo en direcci\u00f3n Ja\u00e9n ser\u00e1 el de tramo entre las salidas de La Chana y la Carretera de M\u00e1laga ya descrito.<\/p>\n<p class=\"paragraph-atom B-510-400-550-N B-525-400-700-N--md\" style=\"text-align: justify;\">En<strong> direcci\u00f3n Motril<\/strong>, el primero se sit\u00faa entre las salidas de Maracena y Estaci\u00f3n de Autobuses y la Carretera de M\u00e1laga, situado entre el kil\u00f3metro 8 y 9. Est\u00e1 ubicado en un panel luminoso situado sobre la v\u00eda, y limita la velocidad a 90 kil\u00f3metros por hora en una zona con pendiente descendente. El otro se ubica m\u00e1s adelante, en el kil\u00f3metro 15, en la bifurcaci\u00f3n entre la GR-30 y la A-395, coincidiendo tambi\u00e9n con uno de los accesos principales hacia el Centro Comercial Nevada Shopping. Aunque aqu\u00ed la velocidad est\u00e1 limitada a 80 kil\u00f3metros por hora.<\/p>\n<div class=\"author-content\"><a class=\"author-content-name A-300-700-500-N\" href=\"https:\/\/www.granadahoy.com\/salvador_rodriguez\/\" data-mrf-link=\"https:\/\/www.granadahoy.com\/salvador_rodriguez\/\"><strong> Salva Rodr\u00edguez<\/strong><\/a><\/div>\n<div>\u00a0<\/div>\n<div><span class=\"text\">Imagen del panel de informaci\u00f3n que avisa del radar de tramo<\/span> \/ <span class=\"signature color-neutral900 tt-u\">G. H.<\/span><\/div>\n<div>\u00a0<\/div>\n<div>https:\/\/www.granadahoy.com\/granada\/radar-tramo-circunvalacion-gr-30-granada-comienza-multar-lunes-1-septiembre-2025_0_2004666487.html<\/div>\n<\/div>\n<div>\u00a0<\/div>\n","protected":false},"excerpt":{"rendered":"<p>Durante el mes de agosto ha mandado cartas de alerta, sin multas, a quienes superaban&#8230;<\/p>\n","protected":false},"author":1,"featured_media":78648,"comment_status":"closed","ping_status":"closed","sticky":false,"template":"","format":"standard","meta":{"_coblocks_attr":"","_coblocks_dimensions":"","_coblocks_responsive_height":"","_coblocks_accordion_ie_support":"","jetpack_post_was_ever_published":false,"_jetpack_newsletter_access":"","_jetpack_dont_email_post_to_subs":false,"_jetpack_newsletter_tier_id":0,"_jetpack_memberships_contains_paywalled_content":false,"_jetpack_memberships_contains_paid_content":false,"footnotes":"","jetpack_publicize_message":"","jetpack_publicize_feature_enabled":true,"jetpack_social_post_already_shared":true,"jetpack_social_options":{"image_generator_settings":{"template":"highway","default_image_id":0,"enabled":false},"version":2}},"categories":[1161,10781,44],"tags":[],"class_list":["post-78647","post","type-post","status-publish","format-standard","has-post-thumbnail","hentry","category-ciudadania","category-granada","category-noticias-de-hoy"],"jetpack_publicize_connections":[],"jetpack_featured_media_url":"https:\/\/i0.wp.com\/miradordeatarfe.es\/wp-content\/uploads\/2025\/09\/26bec002-c485-4301-90ec-16c79e68454e_16-9-aspect-ratio_1600w_1004153.webp?fit=1600%2C900&ssl=1","jetpack_likes_enabled":true,"jetpack_sharing_enabled":true,"_links":{"self":[{"href":"https:\/\/miradordeatarfe.es\/index.php?rest_route=\/wp\/v2\/posts\/78647","targetHints":{"allow":["GET"]}}],"collection":[{"href":"https:\/\/miradordeatarfe.es\/index.php?rest_route=\/wp\/v2\/posts"}],"about":[{"href":"https:\/\/miradordeatarfe.es\/index.php?rest_route=\/wp\/v2\/types\/post"}],"author":[{"embeddable":true,"href":"https:\/\/miradordeatarfe.es\/index.php?rest_route=\/wp\/v2\/users\/1"}],"replies":[{"embeddable":true,"href":"https:\/\/miradordeatarfe.es\/index.php?rest_route=%2Fwp%2Fv2%2Fcomments&post=78647"}],"version-history":[{"count":1,"href":"https:\/\/miradordeatarfe.es\/index.php?rest_route=\/wp\/v2\/posts\/78647\/revisions"}],"predecessor-version":[{"id":78649,"href":"https:\/\/miradordeatarfe.es\/index.php?rest_route=\/wp\/v2\/posts\/78647\/revisions\/78649"}],"wp:featuredmedia":[{"embeddable":true,"href":"https:\/\/miradordeatarfe.es\/index.php?rest_route=\/wp\/v2\/media\/78648"}],"wp:attachment":[{"href":"https:\/\/miradordeatarfe.es\/index.php?rest_route=%2Fwp%2Fv2%2Fmedia&parent=78647"}],"wp:term":[{"taxonomy":"category","embeddable":true,"href":"https:\/\/miradordeatarfe.es\/index.php?rest_route=%2Fwp%2Fv2%2Fcategories&post=78647"},{"taxonomy":"post_tag","embeddable":true,"href":"https:\/\/miradordeatarfe.es\/index.php?rest_route=%2Fwp%2Fv2%2Ftags&post=78647"}],"curies":[{"name":"wp","href":"https:\/\/api.w.org\/{rel}","templated":true}]}}