{"id":78650,"date":"2025-09-05T11:00:39","date_gmt":"2025-09-05T09:00:39","guid":{"rendered":"https:\/\/miradordeatarfe.es\/?p=78650"},"modified":"2025-09-05T10:27:43","modified_gmt":"2025-09-05T08:27:43","slug":"la-liturgia-de-la-supervivencia-politica-por-alberto-granados","status":"publish","type":"post","link":"https:\/\/miradordeatarfe.es\/?p=78650","title":{"rendered":"\u00abLa liturgia de la supervivencia Pol\u00edtica\u00bb por Alberto Granados"},"content":{"rendered":"<div class=\"jw-body\">\n<div class=\"topmenu\">\n<header>\n<div class=\"topmenu-inner js-topbar-content-container\">\n<div class=\"jw-header-logo\">\u00a0<\/div>\n<\/div>\n<\/header>\n<\/div>\n<div class=\"main-content\"><main class=\"block-content\"><\/p>\n<div class=\"jw-section jw-section-content jw-responsive\" data-section-name=\"content\">\n<div id=\"jw-element-549841517\" class=\"jw-tree-node jw-element jw-strip-root jw-tree-container jw-node-is-first-child jw-node-is-last-child\" data-jw-element-id=\"549841517\">\n<div id=\"jw-element-549841518\" class=\"jw-tree-node jw-element jw-strip jw-tree-container jw-strip--default jw-strip--style-color jw-strip--color-default jw-strip--padding-both jw-node-is-first-child jw-strip--primary jw-node-is-last-child\" data-jw-element-id=\"549841518\">\n<div class=\"jw-strip__content-container\">\n<div class=\"jw-strip__content jw-responsive\">\n<div id=\"jw-element-549842069\" class=\"jw-tree-node jw-element jw-image-text\" data-jw-element-id=\"549842069\">\n<div class=\"jw-element-imagetext-text\">\n<h3 class=\"jw-heading-70\" style=\"text-align: justify;\">\u00abY el electorado aguantando el tir\u00f3n como puede, con verdadero hartazgo, asco y desconfianza. Y la extrema derecha subiendo por culpa de la gesti\u00f3n ca\u00f3tica de los roles de gobierno y oposici\u00f3n que les corresponden a PSOE y PP. Y a esperar, desoladamente, que la situaci\u00f3n se resuelva en un pa\u00eds cada vez m\u00e1s triste llamado Espa\u00f1a.\u00bb<\/h3>\n<p style=\"text-align: justify;\">Parece que nuestros partidos pol\u00edticos, de uno al otro lado del espectro, han cambiado la din\u00e1mica del poder ejecutivo, esa din\u00e1mica destinada a hacer cosas (ahora se dir\u00eda a implementar) en beneficio de la poblaci\u00f3n, por la de la supervivencia, que consiste en mantener el poder, renunciando incluso a las l\u00edneas maestras anunciadas a bombo y platillo en forma de promesas electorales durante la \u00faltima campa\u00f1a. Ya no importa qu\u00e9 medidas legislativas se ejecutan, sino permanecer en el cargo lo m\u00e1ximo posible, por encima del balance de aciertos y errores, las falsedades, las promesas incumplidas, etc. Mantenerse a toda costa, no bajarse del burro, aunque haya que caer en un liturgia burlesca y vergonzosa, de esas que ser\u00edan m\u00e1s que suficientes para provocar el sonrojo, si no creyeran que el electorado es imb\u00e9cil y que cada uno de nosotros se cree los infundios que en su delirio nos cuentan cada d\u00eda, aunque el sufrido elector sabe que todo es una gigantesca pantomima que arruina la nobleza del oficio de pol\u00edtico en su sentido cl\u00e1sico del servidor de la cosa p\u00fablica.<\/p>\n<p style=\"text-align: justify;\">Para permanecer en la Moncloa, Pedro S\u00e1nchez ha intentado hacernos creer que la financiaci\u00f3n singular de Catalu\u00f1a nos beneficia a todos, que el pasteleo con Junts no es una compra de los votos necesarios para gobernar, que las concesiones no son una vergonzosa bajada de pantalones. Pero no nos convence, ni siquiera a los m\u00e1s proclives a comulgar con ruedas de molino. Es un mero ejercicio de supervivencia que, eso s\u00ed, cuenta con ciertas complicidades, no por la excelencia de las medidas, sino por el p\u00e1nico a que entren en la Moncloa el Partido Popular y su aliado natural, el neofascismo de VOX, que supondr\u00eda una involuci\u00f3n de d\u00e9cadas.<\/p>\n<p style=\"text-align: justify;\"><img data-recalc-dims=\"1\" loading=\"lazy\" decoding=\"async\" class=\"wp-image-78651 alignleft\" src=\"https:\/\/i0.wp.com\/miradordeatarfe.es\/wp-content\/uploads\/2025\/09\/e71c35ab-de4d-4931-bdc4-6b0a3d8165fc_source-aspect-ratio_default_0-high.webp?resize=380%2C337&#038;ssl=1\" alt=\"\" width=\"380\" height=\"337\" srcset=\"https:\/\/i0.wp.com\/miradordeatarfe.es\/wp-content\/uploads\/2025\/09\/e71c35ab-de4d-4931-bdc4-6b0a3d8165fc_source-aspect-ratio_default_0-high.webp?resize=300%2C266&amp;ssl=1 300w, https:\/\/i0.wp.com\/miradordeatarfe.es\/wp-content\/uploads\/2025\/09\/e71c35ab-de4d-4931-bdc4-6b0a3d8165fc_source-aspect-ratio_default_0-high.webp?w=578&amp;ssl=1 578w\" sizes=\"auto, (max-width: 380px) 100vw, 380px\" \/><\/p>\n<\/div>\n<\/div>\n<\/div>\n<\/div>\n<\/div>\n<\/div>\n<\/div>\n<p><\/main><\/div>\n<\/div>\n<div id=\"jw-element-549844172\" class=\"jw-tree-node jw-element jw-columns jw-tree-container jw-tree-horizontal jw-columns--mode-flex\" style=\"text-align: justify;\" data-jw-element-id=\"549844172\">\n<div id=\"jw-element-549844173\" class=\"jw-tree-node jw-element jw-column jw-tree-container jw-node-is-first-child jw-responsive lt640 lt800\" data-jw-element-id=\"549844173\">\n<div id=\"jw-element-549845451\" class=\"jw-tree-node jw-element jw-image-text jw-node-is-last-child\" data-jw-element-id=\"549845451\">\n<div class=\"jw-element-imagetext-text\">\n<p class=\"jw-text-small\"><em><strong>El 25 de mayo de 2018 triunf\u00f3 la moci\u00f3n de censura, planteada por el partido socialista, que dejaba a Mariano Rajoy y la formaci\u00f3n pol\u00edtica en la que se soten\u00eda fuera del gobierno de la naci\u00f3n.<\/strong><\/em><\/p>\n<\/div>\n<\/div>\n<\/div>\n<div id=\"jw-element-549844174\" class=\"jw-tree-node jw-element jw-column jw-tree-container jw-node-is-last-child jw-responsive lt640 lt800\" data-jw-element-id=\"549844174\">\n<div id=\"jw-element-549844241\" class=\"jw-tree-node jw-element jw-image-text jw-node-is-first-child jw-node-is-last-child\" data-jw-element-id=\"549844241\">\n<div class=\"jw-element-imagetext-text\">\n<p>Y el Partido Popular, por su parte, empez\u00f3 deslegitimando la moci\u00f3n de censura a Rajoy, pese a ser un mecanismo constitucional. Despu\u00e9s, tras las \u00faltimas elecciones generales volvi\u00f3 el intento de deslegitimar la formaci\u00f3n de gobierno por parte de S\u00e1nchez. Ninguna de las dos medidas desprestigiadas por los voceros del PP eran ileg\u00edtimas, sino una simple aplicaci\u00f3n de nuestro sistema pol\u00edtico, les guste o no a los conservadores. Eso de que Feij\u00f3o no es Presidente porque no quiere, es una simple versi\u00f3n revisada de la f\u00e1bula de la zorra y las uvas.\u00a0<\/p>\n<p>Desde las primeras intentonas de deslegitimaci\u00f3n los miembros de la bancada popular no han cesado de exagerar, mentir, interpretar dolosamente y embarrar todas las medidas del ejecutivo. Si S\u00e1nchez nos oblig\u00f3 a confinarnos durante la pandemia, con cientos de muertos diarios, era una dictadura bolivariana donde no se permit\u00eda tomar ca\u00f1as (\u00a1hay que ver la estupidez y el tir\u00f3n de complicidades que suscit\u00f3 un pensamiento tan primario!). Si S\u00e1nchez tomaba medidas contra el volc\u00e1n, la dana o los incendios, era una injerencia, pero si no la hac\u00eda era negligencia. Si S\u00e1nchez convocaba a los barones de las autonom\u00edas, no acud\u00edan porque de antemano sab\u00edan que era una forma de chupar c\u00e1mara del Presidente. Lleg\u00f3 a plantearse que el uso del pinganillo era ofensivo y la se\u00f1ora Ayuso se sali\u00f3 de una importante reuni\u00f3n, (como siempre: con aires de ni\u00f1ata maleducada y choni, que no me explico c\u00f3mo consigue encandilar a los madrile\u00f1os que la votan).<\/p>\n<\/div>\n<\/div>\n<\/div>\n<\/div>\n<div id=\"jw-element-549845633\" class=\"jw-tree-node jw-element jw-image-text\" style=\"text-align: justify;\" data-jw-element-id=\"549845633\">\n<div class=\"jw-element-imagetext-text\">\n<p>Gente como Bendodo, Tellado, la antigua portavoz, Cuca Gamarra, o la nueva, Esther Mu\u00f1oz, parecen amanecer con la descalificaci\u00f3n ya preparada y el propio Feij\u00f3o pide todos los d\u00edas del a\u00f1o la dimisi\u00f3n de S\u00e1nchez, con una monoton\u00eda cansina y est\u00fapida, que el Presidente contrarresta inmediatamente.<\/p>\n<p>De los dem\u00e1s partidos, ni hablo: Prefiero pensar que la burbuja Vox pinchar\u00e1 en cualquier momento y Podemos es un partido que tras alcanzar un n\u00famero de votos cada vez m\u00e1s limitado, act\u00faa como si hubiera obtenido la mayor\u00eda absoluta, sin la menor capacidad de di\u00e1logo y negociaci\u00f3n. Y es una pena, porque muchas de sus ideas me gustan mucho m\u00e1s que algunas propuestas del PSOE, pero no saben hacer pol\u00edtica. Les basta con estar convencidos de que tienen raz\u00f3n, algo lamentablemente innecesario en el ejercicio de la pol\u00edtica. Que lo que queda de Podemos haya votado junto a PP y Vox ya es todo un s\u00edntoma de la degradaci\u00f3n pol\u00edtica que sufrimos.<\/p>\n<p>Y el electorado aguantando el tir\u00f3n como puede, con verdadero hartazgo, asco y desconfianza. Y la extrema derecha subiendo por culpa de la gesti\u00f3n ca\u00f3tica de los roles de gobierno y oposici\u00f3n que les corresponden a PSOE y PP. Y a esperar, desoladamente, que la situaci\u00f3n se resuelva en un pa\u00eds cada vez m\u00e1s triste llamado Espa\u00f1a.<\/p>\n<\/div>\n<\/div>\n<div id=\"jw-element-549848171\" class=\"jw-tree-node jw-element jw-column jw-tree-container jw-node-is-first-child jw-responsive lt480 lt540 lt600 lt640 lt800\" style=\"text-align: justify;\" data-jw-element-id=\"549848171\">\n<div id=\"jw-element-549850501\" class=\"jw-tree-node jw-element jw-image-text jw-node-is-last-child\" data-jw-element-id=\"549850501\">\n<div class=\"jw-element-imagetext-text\">\n<p class=\"jw-text-small\"><strong><em>El 4 de mayo, 30 trenes y 10.700 viajeros se vieron afectados por u<\/em><\/strong><img data-recalc-dims=\"1\" loading=\"lazy\" decoding=\"async\" class=\"size-medium wp-image-78652 alignright\" src=\"https:\/\/i0.wp.com\/miradordeatarfe.es\/wp-content\/uploads\/2025\/09\/ferrocarriles-de-la-generalitat-de-catalunya-fgc-high.webp?resize=300%2C169&#038;ssl=1\" alt=\"\" width=\"300\" height=\"169\" srcset=\"https:\/\/i0.wp.com\/miradordeatarfe.es\/wp-content\/uploads\/2025\/09\/ferrocarriles-de-la-generalitat-de-catalunya-fgc-high.webp?resize=300%2C169&amp;ssl=1 300w, https:\/\/i0.wp.com\/miradordeatarfe.es\/wp-content\/uploads\/2025\/09\/ferrocarriles-de-la-generalitat-de-catalunya-fgc-high.webp?w=377&amp;ssl=1 377w\" sizes=\"auto, (max-width: 300px) 100vw, 300px\" \/><strong><em>na incidencia provocada por el enganch\u00f3n de un tren Iryo con una catenaria y, previamente, el robo de 150 metros de cable de cobre en cinco puntos diferentes<\/em><\/strong><\/p>\n<\/div>\n<\/div>\n<\/div>\n<div id=\"jw-element-549848172\" class=\"jw-tree-node jw-element jw-column jw-tree-container jw-responsive lt480 lt540 lt600 lt640 lt800\" style=\"text-align: justify;\" data-jw-element-id=\"549848172\">\n<div id=\"jw-element-549848228\" class=\"jw-tree-node jw-element jw-image-text jw-node-is-first-child jw-node-is-last-child\" data-jw-element-id=\"549848228\">\n<div class=\"jw-element-imagetext-text\">\n<p>De repente, una cadena de desastres parece haberse desatado: un apag\u00f3n global, una serie de aver\u00edas en las catenarias de los trenes, los incendios en cadena. Tanto suceso junto no puede ser una casualidad, ni un s\u00edntoma de ineficacia. Cuando lo pienso, no puedo evitar acordarme de alguien que dijo aquello de \u201cquien pueda hacer que haga\u201d. Y pienso, tampoco puedo evitarlo, en determinados jueces que parecen dispuestos a encontrar delitos que no veo claros, situaci\u00f3n que podr\u00eda llamarse abiertamente prevaricaci\u00f3n.<\/p>\n<\/div>\n<\/div>\n<\/div>\n<div id=\"jw-element-549848170\" class=\"jw-tree-node jw-element jw-columns jw-tree-container jw-tree-horizontal jw-columns--mode-flex\" style=\"text-align: justify;\" data-jw-element-id=\"549848170\">\n<div id=\"jw-element-549848173\" class=\"jw-tree-node jw-element jw-column jw-tree-container jw-node-is-last-child jw-responsive lt480 lt540 lt600 lt640 lt800\" data-jw-element-id=\"549848173\">\n<div id=\"jw-element-549851279\" class=\"jw-tree-node jw-element jw-image-text jw-node-is-last-child\" data-jw-element-id=\"549851279\">\n<div class=\"jw-element-imagetext-text\">\n<p class=\"jw-text-small\"><em><strong>La ola de incendios que ha calcinado media Espa\u00f1a en lo que llevamos de 2025 ha afectado especialemente al noroeste peninsular, particularmente Castilla y Le\u00f3n y Galicia, que concentran gran parte de la superficie quemada.<\/strong><\/em><\/p>\n<\/div>\n<\/div>\n<\/div>\n<\/div>\n<div id=\"jw-element-549848366\" class=\"jw-tree-node jw-element jw-image-text\" style=\"text-align: justify;\" data-jw-element-id=\"549848366\">\n<div class=\"jw-element-imagetext-text\">\n<p>Las declaraciones de Bendodo (\u201cla directora de Protecci\u00f3n Civil es una pir\u00f3mana\u201d) me parecen ya el culmen de los desprop\u00f3sitos. Aqu\u00ed no ha habido m\u00e1s que un hecho: en los sitios donde han estado gobernando los negacionistas del cambio clim\u00e1tico, se ha desmantelado la infraestructura sobre prevenci\u00f3n. Y cuando ha venido el lobo, se ha quemado una superficie que bate r\u00e9cords y que est\u00e1 poniendo contra las cuerdas a los presidentes auton\u00f3micos de Galicia, Castilla-Le\u00f3n, Extremadura y Andaluc\u00eda. Dec\u00edan que esos sistemas de prevenci\u00f3n eran chiringuitos socialistas y los hicieron desaparecer. Pero lleg\u00f3 la pandemia y nuestros mayores fueron condenados a muerte, despu\u00e9s lleg\u00f3 la dana de fin de octubre y Maz\u00f3n, que a\u00fan no ha dado la cara ni ha dimitido, se comi\u00f3 200 y pico muertos. Y llegaron los incendios y el fuego devor\u00f3 casi medio mill\u00f3n de Has. Y como asumir semejante error es perder las pr\u00f3ximas elecciones, han sacado una sonrojante artiller\u00eda denostando de quien menos culpa tiene: el gobierno, como si la ciudadan\u00eda fuera tonta de baba y no se enterara de la pel\u00edcula.<\/p>\n<p>Es inadmisible. Ya est\u00e1 mal la ineficacia, a veces rozando lo criminal, pero que no asuman sus errores y nos mientan me parece repugnante. Y los avances de la extrema derecha, con su carga de fascismo, xenofobia, clasismo y racismo ser\u00e1n un producto de esta situaci\u00f3n. El negro futuro que nos espera ser\u00e1 culpa de la estupidez de muchos de nuestros pol\u00edticos actuales.<\/p>\n<\/div>\n<\/div>\n<div class=\"jw-body\">\n<footer class=\"block-footer\">\n<div class=\"jw-section jw-section-footer jw-responsive\" data-section-name=\"footer\">\n<div class=\"jw-strip jw-strip--default jw-strip--style-color jw-strip--primary jw-strip--color-default jw-strip--padding-both\">\n<div class=\"jw-strip__content-container\">\n<div class=\"jw-strip__content jw-responsive\">\n<div class=\"jw-credits clear\">\n<div class=\"jw-credits-owner\">\n<div id=\"jw-footer-text\">\n<div class=\"jw-footer-text-content\">Alternativa Mediterr\u00e1neo\/25<\/div>\n<\/div>\n<\/div>\n<div class=\"jw-credits-right\">\n<div id=\"jw-credits-tool\"><small> Con la tecnolog\u00eda de <a href=\"https:\/\/www.webador.es\" rel=\"\">Webador<\/a> <\/small><\/div>\n<\/div>\n<\/div>\n<\/div>\n<\/div>\n<\/div>\n<\/div>\n<\/footer>\n<div class=\"jw-bottom-bar__container\">\n<div class=\"jw-mobile-bar-container\" style=\"text-align: justify;\">\u00a0<\/div>\n<\/div>\n<div class=\"jw-bottom-bar__spacer\">\n<div class=\"jw-website-spacer jw-website-spacer--mobile-bar\">\u00a0<\/div>\n<\/div>\n<\/div>\n","protected":false},"excerpt":{"rendered":"<p>\u00a0 \u00abY el electorado aguantando el tir\u00f3n como puede, con verdadero hartazgo, asco y desconfianza&#8230;.<\/p>\n","protected":false},"author":1,"featured_media":0,"comment_status":"closed","ping_status":"closed","sticky":false,"template":"","format":"standard","meta":{"_coblocks_attr":"","_coblocks_dimensions":"","_coblocks_responsive_height":"","_coblocks_accordion_ie_support":"","jetpack_post_was_ever_published":false,"_jetpack_newsletter_access":"","_jetpack_dont_email_post_to_subs":false,"_jetpack_newsletter_tier_id":0,"_jetpack_memberships_contains_paywalled_content":false,"_jetpack_memberships_contains_paid_content":false,"footnotes":"","jetpack_publicize_message":"","jetpack_publicize_feature_enabled":true,"jetpack_social_post_already_shared":true,"jetpack_social_options":{"image_generator_settings":{"template":"highway","default_image_id":0,"enabled":false},"version":2}},"categories":[39,1161,44,7671],"tags":[],"class_list":["post-78650","post","type-post","status-publish","format-standard","hentry","category-opinion-de-alberto-granados","category-ciudadania","category-noticias-de-hoy","category-politica"],"jetpack_publicize_connections":[],"jetpack_featured_media_url":"","jetpack_likes_enabled":true,"jetpack_sharing_enabled":true,"_links":{"self":[{"href":"https:\/\/miradordeatarfe.es\/index.php?rest_route=\/wp\/v2\/posts\/78650","targetHints":{"allow":["GET"]}}],"collection":[{"href":"https:\/\/miradordeatarfe.es\/index.php?rest_route=\/wp\/v2\/posts"}],"about":[{"href":"https:\/\/miradordeatarfe.es\/index.php?rest_route=\/wp\/v2\/types\/post"}],"author":[{"embeddable":true,"href":"https:\/\/miradordeatarfe.es\/index.php?rest_route=\/wp\/v2\/users\/1"}],"replies":[{"embeddable":true,"href":"https:\/\/miradordeatarfe.es\/index.php?rest_route=%2Fwp%2Fv2%2Fcomments&post=78650"}],"version-history":[{"count":1,"href":"https:\/\/miradordeatarfe.es\/index.php?rest_route=\/wp\/v2\/posts\/78650\/revisions"}],"predecessor-version":[{"id":78654,"href":"https:\/\/miradordeatarfe.es\/index.php?rest_route=\/wp\/v2\/posts\/78650\/revisions\/78654"}],"wp:attachment":[{"href":"https:\/\/miradordeatarfe.es\/index.php?rest_route=%2Fwp%2Fv2%2Fmedia&parent=78650"}],"wp:term":[{"taxonomy":"category","embeddable":true,"href":"https:\/\/miradordeatarfe.es\/index.php?rest_route=%2Fwp%2Fv2%2Fcategories&post=78650"},{"taxonomy":"post_tag","embeddable":true,"href":"https:\/\/miradordeatarfe.es\/index.php?rest_route=%2Fwp%2Fv2%2Ftags&post=78650"}],"curies":[{"name":"wp","href":"https:\/\/api.w.org\/{rel}","templated":true}]}}