{"id":7866,"date":"2016-03-27T09:32:25","date_gmt":"2016-03-27T09:32:25","guid":{"rendered":"http:\/\/miradordeatarfe.es\/?p=7866"},"modified":"2016-03-27T10:34:32","modified_gmt":"2016-03-27T10:34:32","slug":"licitado-por-casi-500-000-euros-el-acondicionamiento-de-la-zona-del-embalse-de-cubillas","status":"publish","type":"post","link":"https:\/\/miradordeatarfe.es\/?p=7866","title":{"rendered":"Licitado por casi 500.000 euros el acondicionamiento del embalse de Cubillas"},"content":{"rendered":"<p class=\"entradilla_noticia\" style=\"text-align: justify;\">El proyecto contempla tambi\u00e9n el acotado de los caminos, la instalaci\u00f3n de depuradoras biol\u00f3gicas en los dos chiringuitos de la zona y la creaci\u00f3n de un observatorio de aves acu\u00e1ticas<!--more--><\/p>\n<div class=\"contenedor\">\n<p style=\"text-align: justify;\">La Confederaci\u00f3n Hidrogr\u00e1fica del Guadalquivir, organismo\u00a0dependiente del Ministerio de Agricultura, Alimentaci\u00f3n y Medio Ambiente, ha licitado\u00a0por 488.680,73 euros los trabajos de acondicionamiento y mantenimiento de la zona\u00a0recreativa y forestal del embalse de Cubillas, localizado en los t\u00e9rminos municipales de <strong>Atarfe y Albolote.<\/strong><\/p>\n<p style=\"text-align: justify;\">Por su proximidad a <strong>Granada<\/strong>, este embalse y su entorno forestal reciben un elevado n\u00famero de visitantes, sobre todo durante los fines de semana, d\u00edas festivos y en \u00e9pocas vacacionales. Una afluencia de p\u00fablico que supone una alta presi\u00f3n para los servicios e instalaciones existentes y que incide en el estado de limpieza de los terrenos con abundantes residuos org\u00e1nicos e inorg\u00e1nicos desperdigados, a pesar de existir contenedores de basura en la zona.<\/p>\n<p style=\"text-align: justify;\">En su momento se instalaron en esta zona barbacoas de mamposter\u00eda para el uso p\u00fablico, aunque actualmente su estado es ruinoso y su presencia puede incitar al empleo de fuego para cocinar, una pr\u00e1ctica particularmente peligrosa para la masa forestal, sobre todo durante los meses estivales, y prohibida seg\u00fan la normativa vigente.\u00a0Adem\u00e1s, se han detectado da\u00f1os sobre la vegetaci\u00f3n en los caminos debido al paso de veh\u00edculos y tambi\u00e9n sobre el suelo, por compactaci\u00f3n y erosi\u00f3n.<\/p>\n<p style=\"text-align: justify;\">La superficie gestionada por el organismo de cuenca en el embalse de Cubillas es de unas 217,8 hect\u00e1reas, de las que 67,8 hect\u00e1reas ocupan la zona recreativa, aunque menos de la mitad (38,4 hect\u00e1reas) tiene un uso p\u00fablico intensivo.<br \/>\nEste proyecto contempla diferentes actuaciones, como la retirada de las barbacoas de mamposter\u00eda y la instalaci\u00f3n de se\u00f1ales indicativas, de obligaci\u00f3n, informaci\u00f3n y orientaci\u00f3n. Adem\u00e1s, se van a acotar las m\u00e1rgenes de los caminos para impedir el tr\u00e1nsito indiscriminado de veh\u00edculos fuera de las pistas habilitadas.<\/p>\n<p style=\"text-align: justify;\">De igual forma, y con el fin de mejorar el tratamiento de las aguas residuales producidas por los dos chiringuitos existentes en la zona, se instalar\u00e1n sendas depuradoras biol\u00f3gicas compactas de poli\u00e9ster con vertido al embalse de las aguas ya depuradas.<\/p>\n<p style=\"text-align: justify;\">Por \u00faltimo, y debido a que la cola del embalse es muy visitada por los aficionados a la ornitolog\u00eda para observar las aves acu\u00e1ticas que suelen encontrarse en este lugar, se va a instalar un observatorio que facilite la contemplaci\u00f3n y el estudio de estas especies. Esta infraestructura se instalar\u00e1 en la orilla del embalse, en la margen derecha de la desembocadura del barranco de la Ca\u00f1ada Grande.<\/p>\n<p style=\"text-align: justify;\">Esta actuaci\u00f3n se completa con trabajos de mantenimiento que consisten, fundamentalmente, en la retirada peri\u00f3dica de basura.<\/p>\n<p style=\"text-align: justify;\">publicado en:<\/p>\n<p>http:\/\/www.ahoragranada.com\/noticia\/licitado-por-casi-500-000-euros-el-acondicionamiento-de-la-zona-del-embalse-de-cubillas\/<\/p>\n<\/div>\n","protected":false},"excerpt":{"rendered":"<p>El proyecto contempla tambi\u00e9n el acotado de los caminos, la instalaci\u00f3n de depuradoras biol\u00f3gicas en&#8230;<\/p>\n","protected":false},"author":1,"featured_media":7867,"comment_status":"closed","ping_status":"closed","sticky":false,"template":"","format":"standard","meta":{"_coblocks_attr":"","_coblocks_dimensions":"","_coblocks_responsive_height":"","_coblocks_accordion_ie_support":"","jetpack_post_was_ever_published":false,"_jetpack_newsletter_access":"","_jetpack_dont_email_post_to_subs":false,"_jetpack_newsletter_tier_id":0,"_jetpack_memberships_contains_paywalled_content":false,"_jetpack_memberships_contains_paid_content":false,"footnotes":"","jetpack_publicize_message":"","jetpack_publicize_feature_enabled":true,"jetpack_social_post_already_shared":false,"jetpack_social_options":{"image_generator_settings":{"template":"highway","default_image_id":0,"enabled":false},"version":2}},"categories":[186,44,15,10],"tags":[2396,1470,1117],"class_list":["post-7866","post","type-post","status-publish","format-standard","has-post-thumbnail","hentry","category-instituciones","category-noticias-de-hoy","category-ultimas-noticias","category-salud","tag-acondicionar","tag-limpieza","tag-pantano-del-cubillas"],"jetpack_publicize_connections":[],"jetpack_featured_media_url":"https:\/\/i0.wp.com\/miradordeatarfe.es\/wp-content\/uploads\/2016\/03\/maxresdefault-1.jpg?fit=1920%2C1080&ssl=1","jetpack_likes_enabled":true,"jetpack_sharing_enabled":true,"_links":{"self":[{"href":"https:\/\/miradordeatarfe.es\/index.php?rest_route=\/wp\/v2\/posts\/7866","targetHints":{"allow":["GET"]}}],"collection":[{"href":"https:\/\/miradordeatarfe.es\/index.php?rest_route=\/wp\/v2\/posts"}],"about":[{"href":"https:\/\/miradordeatarfe.es\/index.php?rest_route=\/wp\/v2\/types\/post"}],"author":[{"embeddable":true,"href":"https:\/\/miradordeatarfe.es\/index.php?rest_route=\/wp\/v2\/users\/1"}],"replies":[{"embeddable":true,"href":"https:\/\/miradordeatarfe.es\/index.php?rest_route=%2Fwp%2Fv2%2Fcomments&post=7866"}],"version-history":[{"count":2,"href":"https:\/\/miradordeatarfe.es\/index.php?rest_route=\/wp\/v2\/posts\/7866\/revisions"}],"predecessor-version":[{"id":7869,"href":"https:\/\/miradordeatarfe.es\/index.php?rest_route=\/wp\/v2\/posts\/7866\/revisions\/7869"}],"wp:featuredmedia":[{"embeddable":true,"href":"https:\/\/miradordeatarfe.es\/index.php?rest_route=\/wp\/v2\/media\/7867"}],"wp:attachment":[{"href":"https:\/\/miradordeatarfe.es\/index.php?rest_route=%2Fwp%2Fv2%2Fmedia&parent=7866"}],"wp:term":[{"taxonomy":"category","embeddable":true,"href":"https:\/\/miradordeatarfe.es\/index.php?rest_route=%2Fwp%2Fv2%2Fcategories&post=7866"},{"taxonomy":"post_tag","embeddable":true,"href":"https:\/\/miradordeatarfe.es\/index.php?rest_route=%2Fwp%2Fv2%2Ftags&post=7866"}],"curies":[{"name":"wp","href":"https:\/\/api.w.org\/{rel}","templated":true}]}}