{"id":78662,"date":"2025-09-05T08:21:14","date_gmt":"2025-09-05T06:21:14","guid":{"rendered":"https:\/\/miradordeatarfe.es\/?p=78662"},"modified":"2025-09-01T21:24:43","modified_gmt":"2025-09-01T19:24:43","slug":"robarle-al-rio-no-trae-cuenta","status":"publish","type":"post","link":"https:\/\/miradordeatarfe.es\/?p=78662","title":{"rendered":"Robarle al r\u00edo no trae cuenta."},"content":{"rendered":"<div id=\"jw-element-422777751\" class=\"jw-tree-node jw-element jw-image-text jw-node-is-last-child\" data-jw-element-id=\"422777751\">\n<div class=\"jw-element-imagetext-text\">\n<h3 class=\"jw-heading-70\"><em>La salvaje especulaci\u00f3n inmobiliaria de nuestro suelo ha llevado a una situaci\u00f3n cr\u00edtica a muchas de nuestras cuencas fluviales. Nunca fue buena idea robar al r\u00edo, pero al especulador jam\u00e1s le import\u00f3; como \u00e9l nunca muere&#8230;<\/em><\/h3>\n<div id=\"jw-element-422777756\" class=\"jw-tree-node jw-element jw-image-text jw-node-is-first-child\" data-jw-element-id=\"422777756\">\n<div class=\"jw-element-imagetext-text\">\n<p><span data-contrast=\"auto\"><span class=\"\" lang=\"ES-ES\" xml:lang=\"ES-ES\" data-contrast=\"auto\"><span class=\"\">Puede parecerle incre\u00edble, y lo es, pero hasta 2015, en Espa\u00f1a se pod\u00eda construir en zonas que\u00a0<\/span><\/span>era inundables, es decir que, en los cauces de los r\u00edos, en las ramblas y barrancos, era perfectamente factible construir siempre que el proyecto lo hiciese viable.\u00a0<\/span><\/p>\n<p><span data-contrast=\"auto\">A ra\u00edz de la cat\u00e1strofe valenciana, los espa\u00f1oles hemos comenzado a pensar en el entorno en el que vivimos y si nuestros hijos est\u00e1n seguros. La inmensa mayor\u00eda de la poblaci\u00f3n desconoce las caracter\u00edsticas del terreno sobre el que desarrolla su actividad diaria y desde luego en el que vive, una cuesti\u00f3n de vital importancia para todos, que en Europa o Estados Unidos es habitual conocer, pero que en Espa\u00f1a no tenemos por costumbre indagar, ni los promotores comentar.<\/span><\/p>\n<p><img data-recalc-dims=\"1\" loading=\"lazy\" decoding=\"async\" class=\"size-medium wp-image-78663 alignleft\" src=\"https:\/\/i0.wp.com\/miradordeatarfe.es\/wp-content\/uploads\/2025\/09\/rio_orbigo_wikipedia-standard.webp?resize=300%2C175&#038;ssl=1\" alt=\"\" width=\"300\" height=\"175\" srcset=\"https:\/\/i0.wp.com\/miradordeatarfe.es\/wp-content\/uploads\/2025\/09\/rio_orbigo_wikipedia-standard.webp?resize=300%2C175&amp;ssl=1 300w, https:\/\/i0.wp.com\/miradordeatarfe.es\/wp-content\/uploads\/2025\/09\/rio_orbigo_wikipedia-standard.webp?w=620&amp;ssl=1 620w\" sizes=\"auto, (max-width: 300px) 100vw, 300px\" \/><\/p>\n<\/div>\n<\/div>\n<p><span class=\"\">Son m\u00e1s de 27.000 kil\u00f3metros de extensas \u00e1reas, en las que durante d\u00e9cadas se ha permitido la especulaci\u00f3n inmobiliaria, verdadero trasfondo del <\/span><span class=\"\">problema, en<\/span><span class=\"\"> las que se ha construido sin medida y casi sin control. No son pocos los kil\u00f3metros de esos 27.000 que pertenecen a localidades de la Comunidad Valenciana que ahora se han visto afectadas por las inundaciones de la DANA; municipios <\/span><span class=\"\">como Utiel<\/span><span class=\"\"> o <\/span><span class=\"\">Letur<\/span><span class=\"\">, entre otros, en las que el desbordamiento de los r\u00edos, con sus cauces obstruidos u ocupados, han arrasado con barrios enteros, dejando el triste balance de v\u00edctimas mortales que superan ya las doscientas.<\/span><\/p>\n<div id=\"jw-element-422777757\" class=\"jw-tree-node jw-element jw-image\" data-jw-element-id=\"422777757\"><span class=\"\" lang=\"ES-ES\" xml:lang=\"ES-ES\" data-contrast=\"auto\"><span class=\"\">Los expertos han propuesto algunas soluciones que pueden minimizar las consecuencias de posibles riadas e inundaciones, algunas de las cueles pasan por demoler lo construido indebidamente, claro, pero tambi\u00e9n plantar vegetaci\u00f3n en la parte alta de los cauces de los r\u00edos a fin de que esta aminore el arrastre de s\u00f3lidos y lodo, y desde luego confeccionar mapas de riesgo que impidan nuevas construcciones.\u00a0<\/span><\/span><\/div>\n<\/div>\n<div data-jw-element-id=\"422777757\">https:\/\/www.alternativamediterraneo.com\/hemerotec-diciembre24<\/div>\n<\/div>\n","protected":false},"excerpt":{"rendered":"<p>La salvaje especulaci\u00f3n inmobiliaria de nuestro suelo ha llevado a una situaci\u00f3n cr\u00edtica a muchas&#8230;<\/p>\n","protected":false},"author":1,"featured_media":78664,"comment_status":"closed","ping_status":"closed","sticky":false,"template":"","format":"standard","meta":{"_coblocks_attr":"","_coblocks_dimensions":"","_coblocks_responsive_height":"","_coblocks_accordion_ie_support":"","jetpack_post_was_ever_published":false,"_jetpack_newsletter_access":"","_jetpack_dont_email_post_to_subs":false,"_jetpack_newsletter_tier_id":0,"_jetpack_memberships_contains_paywalled_content":false,"_jetpack_memberships_contains_paid_content":false,"footnotes":"","jetpack_publicize_message":"","jetpack_publicize_feature_enabled":true,"jetpack_social_post_already_shared":true,"jetpack_social_options":{"image_generator_settings":{"template":"highway","default_image_id":0,"enabled":false},"version":2}},"categories":[1161,186,44,6937],"tags":[],"class_list":["post-78662","post","type-post","status-publish","format-standard","has-post-thumbnail","hentry","category-ciudadania","category-instituciones","category-noticias-de-hoy","category-sociedad"],"jetpack_publicize_connections":[],"jetpack_featured_media_url":"https:\/\/i0.wp.com\/miradordeatarfe.es\/wp-content\/uploads\/2025\/09\/inundaciones_comunidad_valenciana-1440x808-standard.webp?fit=620%2C296&ssl=1","jetpack_likes_enabled":true,"jetpack_sharing_enabled":true,"_links":{"self":[{"href":"https:\/\/miradordeatarfe.es\/index.php?rest_route=\/wp\/v2\/posts\/78662","targetHints":{"allow":["GET"]}}],"collection":[{"href":"https:\/\/miradordeatarfe.es\/index.php?rest_route=\/wp\/v2\/posts"}],"about":[{"href":"https:\/\/miradordeatarfe.es\/index.php?rest_route=\/wp\/v2\/types\/post"}],"author":[{"embeddable":true,"href":"https:\/\/miradordeatarfe.es\/index.php?rest_route=\/wp\/v2\/users\/1"}],"replies":[{"embeddable":true,"href":"https:\/\/miradordeatarfe.es\/index.php?rest_route=%2Fwp%2Fv2%2Fcomments&post=78662"}],"version-history":[{"count":1,"href":"https:\/\/miradordeatarfe.es\/index.php?rest_route=\/wp\/v2\/posts\/78662\/revisions"}],"predecessor-version":[{"id":78665,"href":"https:\/\/miradordeatarfe.es\/index.php?rest_route=\/wp\/v2\/posts\/78662\/revisions\/78665"}],"wp:featuredmedia":[{"embeddable":true,"href":"https:\/\/miradordeatarfe.es\/index.php?rest_route=\/wp\/v2\/media\/78664"}],"wp:attachment":[{"href":"https:\/\/miradordeatarfe.es\/index.php?rest_route=%2Fwp%2Fv2%2Fmedia&parent=78662"}],"wp:term":[{"taxonomy":"category","embeddable":true,"href":"https:\/\/miradordeatarfe.es\/index.php?rest_route=%2Fwp%2Fv2%2Fcategories&post=78662"},{"taxonomy":"post_tag","embeddable":true,"href":"https:\/\/miradordeatarfe.es\/index.php?rest_route=%2Fwp%2Fv2%2Ftags&post=78662"}],"curies":[{"name":"wp","href":"https:\/\/api.w.org\/{rel}","templated":true}]}}