{"id":78667,"date":"2025-09-06T11:00:54","date_gmt":"2025-09-06T09:00:54","guid":{"rendered":"https:\/\/miradordeatarfe.es\/?p=78667"},"modified":"2025-09-03T11:00:24","modified_gmt":"2025-09-03T09:00:24","slug":"el-atarfe-industrial-debutara-a-domicilio-frente-al-aguilas-de-zujaira","status":"publish","type":"post","link":"https:\/\/miradordeatarfe.es\/?p=78667","title":{"rendered":"El\u00a0Atarfe Industrial\u00a0debutar\u00e1 a domicilio frente al\u00a0\u00c1guilas de Zujaira"},"content":{"rendered":"<h3 class=\"mb\" style=\"text-align: justify;\">La Primera Andaluza arranca el 7 de septiembre con At. Monachil &#8211; Guadix como gran duelo inaugural.\u00a0Purullena-Vandalia ser\u00e1 el otro punto de inter\u00e9s en la primera jornada de liga<\/h3>\n<p style=\"text-align: justify;\">La\u00a0<strong>Primera Divisi\u00f3n Andaluza<\/strong>\u00a0ya tiene calendario oficial para la temporada\u00a0<strong>2025\/26<\/strong>, que comenzar\u00e1 el\u00a0<strong>7 de septiembre<\/strong>\u00a0y concluir\u00e1 la liga regular el\u00a0<strong>26 de abril<\/strong>. Como gran novedad, el\u00a0<strong>campe\u00f3n<\/strong>\u00a0ascender\u00e1 de forma directa a\u00a0<strong>Divisi\u00f3n de Honor<\/strong>, mientras que del\u00a0<strong>tercero al sexto<\/strong>\u00a0clasificado disputar\u00e1n un\u00a0<strong>doble playoff<\/strong>: primero eliminatorias provinciales y, el vencedor, una fase interprovincial con equipos de\u00a0<strong>M\u00e1laga, Ja\u00e9n y Almer\u00eda<\/strong>\u00a0para luchar por otra plaza de ascenso.<\/p>\n<p style=\"text-align: justify;\">La\u00a0<strong>jornada inaugural<\/strong>\u00a0tendr\u00e1 como partido estrella el enfrentamiento en el\u00a0<strong>Manuel Robles<\/strong>\u00a0entre\u00a0<strong>Atl\u00e9tico Monachil<\/strong>\u00a0y\u00a0<strong>Guadix<\/strong>, dos de los aspirantes a la zona alta. La fecha tambi\u00e9n ofrecer\u00e1 duelos como\u00a0<strong>Purullena \u2013 Vandalia<\/strong>,\u00a0<strong>Gabias \u2013 C\u00e9ltic CF<\/strong>\u00a0o el estreno del\u00a0<strong>Granada CF C<\/strong>\u00a0\u2014reci\u00e9n ascendido\u2014 en el campo del\u00a0<strong>Sierra Nevada Cenes<\/strong>. El\u00a0<strong>Atarfe Industrial<\/strong>\u00a0debutar\u00e1 a domicilio frente al\u00a0<strong>\u00c1guilas de Zujaira<\/strong>, mientras que completar\u00e1n la jornada los encuentros\u00a0<strong>Villanueva Mes\u00eda \u2013 C\u00fallar Vega<\/strong>,\u00a0<strong>Atl\u00e9tico La Zubia \u2013 Salar<\/strong>\u00a0y\u00a0<strong>Maracena B \u2013 Costa Tropical<\/strong>.<\/p>\n<p style=\"text-align: justify;\">En la\u00a0<strong>segunda jornada<\/strong>, el foco estar\u00e1 en el\u00a0<strong>Granada CF C \u2013 Purullena<\/strong>, adem\u00e1s del\u00a0<strong>Guadix \u2013 Villanueva Mes\u00eda<\/strong>\u00a0y el debut en casa del\u00a0<strong>Atarfe Industrial<\/strong>\u00a0ante la\u00a0<strong>UD Maracena B<\/strong>. El resto de emparejamientos ser\u00e1n\u00a0<strong>Vandalia \u2013 \u00c1guilas de Zujaira<\/strong>,\u00a0<strong>C\u00e9ltic \u2013 Sierra Nevada Cenes<\/strong>,\u00a0<strong>C\u00fallar Vega \u2013 Gabias<\/strong>,\u00a0<strong>Salar \u2013 Atl\u00e9tico Monachil<\/strong>\u00a0y\u00a0<strong>Costa Tropical \u2013 Atl\u00e9tico La Zubia<\/strong>.<\/p>\n<p style=\"text-align: justify;\">David Contreras<\/p>\n<p>FOTO: <i>El Guadix CF abrir\u00e1 la liga ante el Atl\u00e9tico Monachil (GUADIX CF)<\/i><\/p>\n<p>https:\/\/www.granadaenjuego.com\/atarfe-industrial-\/la-primera-andaluza-arranca-el-7-de-septiembre-con-at&#8211;monachil&#8212;guadix-como-gran-duelo-inaugural<\/p>\n","protected":false},"excerpt":{"rendered":"<p>La Primera Andaluza arranca el 7 de septiembre con At. Monachil &#8211; Guadix como gran&#8230;<\/p>\n","protected":false},"author":1,"featured_media":78668,"comment_status":"closed","ping_status":"closed","sticky":false,"template":"","format":"standard","meta":{"_coblocks_attr":"","_coblocks_dimensions":"","_coblocks_responsive_height":"","_coblocks_accordion_ie_support":"","jetpack_post_was_ever_published":false,"_jetpack_newsletter_access":"","_jetpack_dont_email_post_to_subs":false,"_jetpack_newsletter_tier_id":0,"_jetpack_memberships_contains_paywalled_content":false,"_jetpack_memberships_contains_paid_content":false,"footnotes":"","jetpack_publicize_message":"","jetpack_publicize_feature_enabled":true,"jetpack_social_post_already_shared":true,"jetpack_social_options":{"image_generator_settings":{"template":"highway","default_image_id":0,"enabled":false},"version":2}},"categories":[182,186,44],"tags":[],"class_list":["post-78667","post","type-post","status-publish","format-standard","has-post-thumbnail","hentry","category-deportes","category-instituciones","category-noticias-de-hoy"],"jetpack_publicize_connections":[],"jetpack_featured_media_url":"https:\/\/i0.wp.com\/miradordeatarfe.es\/wp-content\/uploads\/2025\/09\/imagen61559_0_original.jpg?fit=1077%2C622&ssl=1","jetpack_likes_enabled":true,"jetpack_sharing_enabled":true,"_links":{"self":[{"href":"https:\/\/miradordeatarfe.es\/index.php?rest_route=\/wp\/v2\/posts\/78667","targetHints":{"allow":["GET"]}}],"collection":[{"href":"https:\/\/miradordeatarfe.es\/index.php?rest_route=\/wp\/v2\/posts"}],"about":[{"href":"https:\/\/miradordeatarfe.es\/index.php?rest_route=\/wp\/v2\/types\/post"}],"author":[{"embeddable":true,"href":"https:\/\/miradordeatarfe.es\/index.php?rest_route=\/wp\/v2\/users\/1"}],"replies":[{"embeddable":true,"href":"https:\/\/miradordeatarfe.es\/index.php?rest_route=%2Fwp%2Fv2%2Fcomments&post=78667"}],"version-history":[{"count":1,"href":"https:\/\/miradordeatarfe.es\/index.php?rest_route=\/wp\/v2\/posts\/78667\/revisions"}],"predecessor-version":[{"id":78669,"href":"https:\/\/miradordeatarfe.es\/index.php?rest_route=\/wp\/v2\/posts\/78667\/revisions\/78669"}],"wp:featuredmedia":[{"embeddable":true,"href":"https:\/\/miradordeatarfe.es\/index.php?rest_route=\/wp\/v2\/media\/78668"}],"wp:attachment":[{"href":"https:\/\/miradordeatarfe.es\/index.php?rest_route=%2Fwp%2Fv2%2Fmedia&parent=78667"}],"wp:term":[{"taxonomy":"category","embeddable":true,"href":"https:\/\/miradordeatarfe.es\/index.php?rest_route=%2Fwp%2Fv2%2Fcategories&post=78667"},{"taxonomy":"post_tag","embeddable":true,"href":"https:\/\/miradordeatarfe.es\/index.php?rest_route=%2Fwp%2Fv2%2Ftags&post=78667"}],"curies":[{"name":"wp","href":"https:\/\/api.w.org\/{rel}","templated":true}]}}