{"id":78670,"date":"2025-09-05T11:15:30","date_gmt":"2025-09-05T09:15:30","guid":{"rendered":"https:\/\/miradordeatarfe.es\/?p=78670"},"modified":"2025-09-05T10:27:50","modified_gmt":"2025-09-05T08:27:50","slug":"el-coviran-cdu-atarfe-continuara-en-superliga-2","status":"publish","type":"post","link":"https:\/\/miradordeatarfe.es\/?p=78670","title":{"rendered":"El Covir\u00e1n CDU Atarfe continuar\u00e1 en Superliga-2"},"content":{"rendered":"<div class=\"grid_9 alpha posts noticiabig\">\n<h2 style=\"text-align: justify;\">Las atarfe\u00f1as han sido repescadas y compartir\u00e1n categor\u00eda con el Universidad de Granada<\/h2>\n<div class=\"meta mb autor\" style=\"text-align: justify;\">\u00a0El Club Voleibol\u00a0<strong>Atarfe<\/strong>\u00a0continuar\u00e1 una temporada m\u00e1s en\u00a0<strong>Superliga 2 Femenina<\/strong>, tras beneficiarse de varios movimientos en la\u00a0<strong>estructura<\/strong>\u00a0de la competici\u00f3n nacional. Aunque el conjunto hab\u00eda\u00a0<strong>descendido<\/strong>\u00a0al t\u00e9rmino de la pasada campa\u00f1a, la reestructuraci\u00f3n de la\u00a0<strong>liga<\/strong>\u00a0ha abierto nuevas oportunidades.<\/div>\n<div style=\"text-align: justify;\">\n<p>El\u00a0<strong>Bar\u00e7a<\/strong>, al descender desde\u00a0<strong>Superliga 1<\/strong>, provoc\u00f3 un ajuste entre sus equipos, ya que ten\u00eda dos conjuntos en Superliga 2. Uno de ellos tuvo que ser reubicado. A esto se suma la decisi\u00f3n de la\u00a0<strong>Federaci\u00f3n Espa\u00f1ola de Voleibol<\/strong>\u00a0de descender al equipo de la\u00a0<strong>Concentraci\u00f3n Permanente<\/strong>\u00a0\u2014considerado como una\u00a0<strong>selecci\u00f3n nacional<\/strong>\u00a0juvenil\u2014 a\u00a0<strong>Primera Nacional<\/strong>, dejando as\u00ed dos\u00a0<strong>plazas<\/strong>\u00a0vacantes.<\/p>\n<p>Esas vacantes han sido ocupadas por\u00a0<strong>Arona<\/strong>\u00a0y\u00a0<strong>Atarfe<\/strong>, los dos equipos mejor clasificados entre los que inicialmente hab\u00edan perdido la\u00a0<strong>categor\u00eda<\/strong>. \u201cNos quedamos a tan solo tres\u00a0<strong>puntos<\/strong>\u00a0de lograr la\u00a0<strong>permanencia<\/strong>\u201d, record\u00f3\u00a0el entrenador y presidente, Fran Santos.<\/p>\n<p>Este logro permitir\u00e1 que el equipo cumpla su <strong>sexta<\/strong>\u00a0temporada consecutiva en\u00a0<strong>Superliga 2<\/strong>, una gesta sobresaliente para un\u00a0<strong>pueblo<\/strong>\u00a0como Atarfe: \u201cEs todo un\u00a0<strong>hito<\/strong>\u00a0para la localidad y para la\u00a0<strong>provincia<\/strong>\u00a0de\u00a0<strong>Granada<\/strong>.\u201d<\/p>\n<p>Con optimismo, desde el club conf\u00edan en mejorar el rendimiento del curso anterior: \u201cTras los cambios del a\u00f1o pasado, creemos que esta temporada podremos hacerlo mejor y no sufrir tanto por mantenernos.\u201d, concluy\u00f3 Fran Santos.<\/p>\n<p>Redacci\u00f3n GRANADA EN JUEGO<\/p>\n<p>FOTO: CDU ATARFE<\/p>\n<\/div>\n<\/div>\n<p>https:\/\/www.granadaenjuego.com\/voleibol\/el-coviran-cdu-atarfe-continuara-en-superliga-2<\/p>\n","protected":false},"excerpt":{"rendered":"<p>Las atarfe\u00f1as han sido repescadas y compartir\u00e1n categor\u00eda con el Universidad de Granada \u00a0El Club&#8230;<\/p>\n","protected":false},"author":1,"featured_media":78671,"comment_status":"closed","ping_status":"closed","sticky":false,"template":"","format":"standard","meta":{"_coblocks_attr":"","_coblocks_dimensions":"","_coblocks_responsive_height":"","_coblocks_accordion_ie_support":"","jetpack_post_was_ever_published":false,"_jetpack_newsletter_access":"","_jetpack_dont_email_post_to_subs":false,"_jetpack_newsletter_tier_id":0,"_jetpack_memberships_contains_paywalled_content":false,"_jetpack_memberships_contains_paid_content":false,"footnotes":"","jetpack_publicize_message":"","jetpack_publicize_feature_enabled":true,"jetpack_social_post_already_shared":true,"jetpack_social_options":{"image_generator_settings":{"template":"highway","default_image_id":0,"enabled":false},"version":2}},"categories":[182,186,44],"tags":[],"class_list":["post-78670","post","type-post","status-publish","format-standard","has-post-thumbnail","hentry","category-deportes","category-instituciones","category-noticias-de-hoy"],"jetpack_publicize_connections":[],"jetpack_featured_media_url":"https:\/\/i0.wp.com\/miradordeatarfe.es\/wp-content\/uploads\/2025\/09\/imagen61374_0_original.jpg?fit=1066%2C1600&ssl=1","jetpack_likes_enabled":true,"jetpack_sharing_enabled":true,"_links":{"self":[{"href":"https:\/\/miradordeatarfe.es\/index.php?rest_route=\/wp\/v2\/posts\/78670","targetHints":{"allow":["GET"]}}],"collection":[{"href":"https:\/\/miradordeatarfe.es\/index.php?rest_route=\/wp\/v2\/posts"}],"about":[{"href":"https:\/\/miradordeatarfe.es\/index.php?rest_route=\/wp\/v2\/types\/post"}],"author":[{"embeddable":true,"href":"https:\/\/miradordeatarfe.es\/index.php?rest_route=\/wp\/v2\/users\/1"}],"replies":[{"embeddable":true,"href":"https:\/\/miradordeatarfe.es\/index.php?rest_route=%2Fwp%2Fv2%2Fcomments&post=78670"}],"version-history":[{"count":2,"href":"https:\/\/miradordeatarfe.es\/index.php?rest_route=\/wp\/v2\/posts\/78670\/revisions"}],"predecessor-version":[{"id":78673,"href":"https:\/\/miradordeatarfe.es\/index.php?rest_route=\/wp\/v2\/posts\/78670\/revisions\/78673"}],"wp:featuredmedia":[{"embeddable":true,"href":"https:\/\/miradordeatarfe.es\/index.php?rest_route=\/wp\/v2\/media\/78671"}],"wp:attachment":[{"href":"https:\/\/miradordeatarfe.es\/index.php?rest_route=%2Fwp%2Fv2%2Fmedia&parent=78670"}],"wp:term":[{"taxonomy":"category","embeddable":true,"href":"https:\/\/miradordeatarfe.es\/index.php?rest_route=%2Fwp%2Fv2%2Fcategories&post=78670"},{"taxonomy":"post_tag","embeddable":true,"href":"https:\/\/miradordeatarfe.es\/index.php?rest_route=%2Fwp%2Fv2%2Ftags&post=78670"}],"curies":[{"name":"wp","href":"https:\/\/api.w.org\/{rel}","templated":true}]}}