{"id":78674,"date":"2025-09-07T11:00:24","date_gmt":"2025-09-07T09:00:24","guid":{"rendered":"https:\/\/miradordeatarfe.es\/?p=78674"},"modified":"2025-09-01T22:07:41","modified_gmt":"2025-09-01T20:07:41","slug":"fran-santos-los-partidos-fuera-de-casa-nos-pasaron-mucha-factura","status":"publish","type":"post","link":"https:\/\/miradordeatarfe.es\/?p=78674","title":{"rendered":"Fran Santos: \u00abLos partidos fuera de casa nos pasaron mucha factura\u00bb"},"content":{"rendered":"<p style=\"text-align: justify;\">El Covir\u00e1n CDU Atarfe ha sufrido un duro golpe al verse abocado al descenso de categor\u00eda tras finalizar la temporada en la pen\u00faltima plaza de la Superliga-2. La marcha de varias jugadoras hacia el Universidad de Granada oblig\u00f3 a Fran Santos, entrenador del equipo, a formar una nueva plantilla inexperta que no logr\u00f3 adaptarse a la dureza de la competici\u00f3n.<\/p>\n<p style=\"text-align: justify;\">A pesar de este rev\u00e9s, Fran Santos se muestra optimista y est\u00e1 decidido a luchar para que las atarfe\u00f1as regresen a la segunda categor\u00eda del voleibol nacional en la pr\u00f3xima temporada, llevando as\u00ed el nombre de Atarfe por toda Espa\u00f1a.<\/p>\n<p style=\"text-align: justify;\">En una entrevista en nuestro programa de radio, Santos hizo un balance sobre la temporada. Destac\u00f3 el logro de haber permanecido cinco a\u00f1os en la liga: \u201cEste era nuestro quinto a\u00f1o en la Superliga-2. Para un pueblo como Atarfe, era toda una haza\u00f1a. Al final, nos quedamos a solo tres puntos de la permanencia. En principio, s\u00ed descender\u00edamos\u201d.<\/p>\n<p style=\"text-align: justify;\">El entrenador tambi\u00e9n habl\u00f3 sobre la inexperiencia del equipo: \u201cComo mencionamos al inicio de la temporada, era un equipo pr\u00e1cticamente nuevo y muy inexperto. Aunque en la primera vuelta tuvimos buenos resultados y est\u00e1bamos m\u00e1s cerca de la mitad de la tabla que del descenso, en la segunda vuelta nos cost\u00f3 mucho competir fuera de casa. Eso nos pas\u00f3 factura y nos llev\u00f3 al descenso\u201d.<\/p>\n<p style=\"text-align: justify;\">Santos subray\u00f3 la dureza de la Superliga-2: \u201cEs la segunda categor\u00eda de Espa\u00f1a, un deporte semiprofesional donde pr\u00e1cticamente todos los equipos cuentan con jugadoras extranjeras y fichajes. Es una competici\u00f3n muy exigente y para nosotros es complicado mantenernos; este a\u00f1o nos toc\u00f3 descender\u201d.<\/p>\n<p style=\"text-align: justify;\">A pesar del descenso, el t\u00e9cnico destac\u00f3 que el equipo termin\u00f3 bien la liga: \u201cLos \u00faltimos partidos los terminamos a buen nivel. Ganamos en casa el pen\u00faltimo partido contra Almer\u00eda y estuvimos a punto de forzar el quinto set contra Finestrat, un equipo de mitad tabla\u201d.<\/p>\n<p style=\"text-align: justify;\">Sobre el estado emocional del equipo, Santos coment\u00f3: \u201cLas jugadoras est\u00e1n disgustadas por el descenso, pero eran conscientes del nivel que ten\u00edamos y de la exigencia de la liga\u201d.<\/p>\n<p style=\"text-align: justify;\">\u201cEsperemos que esto sea solo un hasta pronto y que la pr\u00f3xima temporada podamos ascender\u201d, concluy\u00f3 Fran Santos.<\/p>\n<p style=\"text-align: justify;\">David Contreras<\/p>\n<p>FOTO: <i>El t\u00e9cnico del Covir\u00e1n CDU Atarfe, Fran Santos <\/i><\/p>\n<p>https:\/\/www.granadaenjuego.com\/voleibol\/fran-santos&#8211;los-partidos-fuera-de-casa-nos-pasaron-mucha-factura<\/p>\n","protected":false},"excerpt":{"rendered":"<p>El Covir\u00e1n CDU Atarfe ha sufrido un duro golpe al verse abocado al descenso de&#8230;<\/p>\n","protected":false},"author":1,"featured_media":78676,"comment_status":"closed","ping_status":"closed","sticky":false,"template":"","format":"standard","meta":{"_coblocks_attr":"","_coblocks_dimensions":"","_coblocks_responsive_height":"","_coblocks_accordion_ie_support":"","jetpack_post_was_ever_published":false,"_jetpack_newsletter_access":"","_jetpack_dont_email_post_to_subs":false,"_jetpack_newsletter_tier_id":0,"_jetpack_memberships_contains_paywalled_content":false,"_jetpack_memberships_contains_paid_content":false,"footnotes":"","jetpack_publicize_message":"","jetpack_publicize_feature_enabled":true,"jetpack_social_post_already_shared":true,"jetpack_social_options":{"image_generator_settings":{"template":"highway","default_image_id":0,"enabled":false},"version":2}},"categories":[182,186,44],"tags":[],"class_list":["post-78674","post","type-post","status-publish","format-standard","has-post-thumbnail","hentry","category-deportes","category-instituciones","category-noticias-de-hoy"],"jetpack_publicize_connections":[],"jetpack_featured_media_url":"https:\/\/i0.wp.com\/miradordeatarfe.es\/wp-content\/uploads\/2025\/09\/imagen60101_0_original.jpg?fit=1100%2C743&ssl=1","jetpack_likes_enabled":true,"jetpack_sharing_enabled":true,"_links":{"self":[{"href":"https:\/\/miradordeatarfe.es\/index.php?rest_route=\/wp\/v2\/posts\/78674","targetHints":{"allow":["GET"]}}],"collection":[{"href":"https:\/\/miradordeatarfe.es\/index.php?rest_route=\/wp\/v2\/posts"}],"about":[{"href":"https:\/\/miradordeatarfe.es\/index.php?rest_route=\/wp\/v2\/types\/post"}],"author":[{"embeddable":true,"href":"https:\/\/miradordeatarfe.es\/index.php?rest_route=\/wp\/v2\/users\/1"}],"replies":[{"embeddable":true,"href":"https:\/\/miradordeatarfe.es\/index.php?rest_route=%2Fwp%2Fv2%2Fcomments&post=78674"}],"version-history":[{"count":1,"href":"https:\/\/miradordeatarfe.es\/index.php?rest_route=\/wp\/v2\/posts\/78674\/revisions"}],"predecessor-version":[{"id":78675,"href":"https:\/\/miradordeatarfe.es\/index.php?rest_route=\/wp\/v2\/posts\/78674\/revisions\/78675"}],"wp:featuredmedia":[{"embeddable":true,"href":"https:\/\/miradordeatarfe.es\/index.php?rest_route=\/wp\/v2\/media\/78676"}],"wp:attachment":[{"href":"https:\/\/miradordeatarfe.es\/index.php?rest_route=%2Fwp%2Fv2%2Fmedia&parent=78674"}],"wp:term":[{"taxonomy":"category","embeddable":true,"href":"https:\/\/miradordeatarfe.es\/index.php?rest_route=%2Fwp%2Fv2%2Fcategories&post=78674"},{"taxonomy":"post_tag","embeddable":true,"href":"https:\/\/miradordeatarfe.es\/index.php?rest_route=%2Fwp%2Fv2%2Ftags&post=78674"}],"curies":[{"name":"wp","href":"https:\/\/api.w.org\/{rel}","templated":true}]}}