{"id":78686,"date":"2025-09-06T11:54:03","date_gmt":"2025-09-06T09:54:03","guid":{"rendered":"https:\/\/miradordeatarfe.es\/?p=78686"},"modified":"2025-09-02T10:02:35","modified_gmt":"2025-09-02T08:02:35","slug":"un-siglo-de-un-angel-menos-dos-alas-por-fran-lopez","status":"publish","type":"post","link":"https:\/\/miradordeatarfe.es\/?p=78686","title":{"rendered":"\u00abUn siglo de un \u00c1ngel menos dos alas\u00bb por Fran L\u00f3pez"},"content":{"rendered":"<h3>Me siento a escribir y caigo en la cuenta de que llevo casi un a\u00f1o sin ser capaz de cuajar un nuevo art\u00edculo para el Mirador de Atarfe. Durante este tiempo hubo alg\u00fan tanteo; sin embargo, cada vez que lo intentaba me topaba de bruces con la actualidad, con esa sucesi\u00f3n de noticias grises que en la tele, en la radio o en los diarios terminan por minar el \u00e1nimo de quien las ve, las escucha o las lee. Y, ante la posibilidad de contribuir a esa desidia y de profundizar en la melancol\u00eda de mis lectores, desist\u00eda.<\/h3>\n<p>En consecuencia, en este lapso, he dado oportunidad \u2014como dej\u00f3 dicho Machado en su poema \u201cRetrato\u201d\u2014 a conversar con el hombre que siempre va conmigo, ese que me ense\u00f1a los secretos de la filantrop\u00eda. Tambi\u00e9n a escribir en otros enclaves y, sobre todo, a viajar leyendo y releyendo, a veces tambi\u00e9n poes\u00eda.<\/p>\n<p>Hace unos d\u00edas, releyendo al poeta \u00c1ngel Gonz\u00e1lez, me encontr\u00e9 con su verso: \u00abHe aprendido a perder para no darme por vencido\u00bb, y algo en m\u00ed me hizo comprender que deb\u00eda volver a este espacio abandonado. Este mismo a\u00f1o,<em> el 6 de septiembre de 2025, se cumple un siglo del nacimiento de este imprescindible autor<\/em>. Dado que le debo a su verso la reconciliaci\u00f3n con este formato, este art\u00edculo pretende ser un homenaje a su figura.<\/p>\n<p><strong>\u00c1ngel Gonz\u00e1lez Mu\u00f1i<\/strong>z naci\u00f3 en Oviedo en 1925, en el seno de una familia golpeada por la tragedia y la represi\u00f3n. Su padre muri\u00f3 cuando \u00e9l era apenas un ni\u00f1o, su hermano Manolo fue fusilado al comienzo de la Guerra Civil, su hermano Pedro tuvo que exiliarse y su hermana Maruja sufri\u00f3 represalias. Sol\u00eda decir que las dos figuras m\u00e1s influyentes de su vida eran su padre y su abuelo, a quienes apenas conoci\u00f3, pero cuya huella segu\u00eda viva en su madre y sus hermanos: los llamaba \u201cdos muertos de muerte imposible\u201d. En su educaci\u00f3n sentimental tuvieron un peso especial dos palabras: resistencia y supervivencia. Educado en los sue\u00f1os de la Rep\u00fablica, pronto aprendi\u00f3 que no siempre ganaban los buenos y que el esfuerzo no garantizaba recompensa; de ah\u00ed naci\u00f3 su \u00e9tica prudente de resistir y sobrevivir, refugiado en la amistad y en la literatura. A los dieciocho a\u00f1os la tuberculosis lo oblig\u00f3 a guardar cama en Le\u00f3n durante una larga convalecencia que, parad\u00f3jicamente, le abri\u00f3 la puerta a la literatura: all\u00ed, entre silencios y lecturas, comenz\u00f3 a escribir los primeros versos. \u00c1ngel Gonz\u00e1lez termin\u00f3 convirti\u00e9ndose en uno de los poetas m\u00e1s influyentes de la Generaci\u00f3n del 50.<img data-recalc-dims=\"1\" loading=\"lazy\" decoding=\"async\" class=\"size-medium wp-image-78689 alignleft\" src=\"https:\/\/i0.wp.com\/miradordeatarfe.es\/wp-content\/uploads\/2025\/09\/Angel-Gonzalez.jpg?resize=300%2C169&#038;ssl=1\" alt=\"\" width=\"300\" height=\"169\" srcset=\"https:\/\/i0.wp.com\/miradordeatarfe.es\/wp-content\/uploads\/2025\/09\/Angel-Gonzalez.jpg?resize=300%2C169&amp;ssl=1 300w, https:\/\/i0.wp.com\/miradordeatarfe.es\/wp-content\/uploads\/2025\/09\/Angel-Gonzalez.jpg?resize=1024%2C576&amp;ssl=1 1024w, https:\/\/i0.wp.com\/miradordeatarfe.es\/wp-content\/uploads\/2025\/09\/Angel-Gonzalez.jpg?resize=768%2C432&amp;ssl=1 768w, https:\/\/i0.wp.com\/miradordeatarfe.es\/wp-content\/uploads\/2025\/09\/Angel-Gonzalez.jpg?w=1280&amp;ssl=1 1280w\" sizes=\"auto, (max-width: 300px) 100vw, 300px\" \/><\/p>\n<p>Sin duda, el mejor homenaje que se le puede hacer a \u00c1ngel, tras un siglo de su nacimiento, es continuar leyendo su poes\u00eda: una poes\u00eda que, por norma general, quedaba marcada por la iron\u00eda y que sab\u00eda convertir escenas cotidianas en una compleja est\u00e9tica de lo sencillo. Ten\u00eda la capacidad de usar un tono bajo para narrar escenas de alto calado y de emplear el humor para acercarse a los asuntos m\u00e1s serios. Su amigo y compa\u00f1ero Luis Garc\u00eda Montero escribi\u00f3 una biograf\u00eda que retrata la infancia y juventud del poeta, concebida como testimonio y homenaje. La titul\u00f3 con uno de sus mejores versos: <em><i>Ma\u00f1ana no ser\u00e1 lo que Dios quiera<\/i><\/em>. \u00c1ngel sol\u00eda contar que este verso naci\u00f3 de una curiosa an\u00e9cdota de su ni\u00f1ez: caminaba de la mano de su hermano cuando, al despedirse de un se\u00f1or conocido con el cl\u00e1sico \u201cHasta ma\u00f1ana, si Dios quiere\u201d, su hermano \u2014consciente de la tensi\u00f3n creciente que se respiraba en la ciudad ante la inminente revoluci\u00f3n\u2014 le susurr\u00f3, cuando se alejaron lo suficiente como para no ser o\u00eddo: \u201cNo, ma\u00f1ana no ser\u00e1 lo que Dios quiera\u201d. Y \u00c1ngel sinti\u00f3 c\u00f3mo su hermano le apretaba con fuerza la mano, grabando aquellas palabras en su alma.<\/p>\n<p>El propio Luis Garc\u00eda Montero defin\u00eda as\u00ed a su amigo en el arranque de aquella biograf\u00eda: <em>\u00abNo s\u00e9 si ustedes conocen al poeta \u00c1ngel Gonz\u00e1lez. Su palabra revela una mezcla de fil\u00f3sofo cl\u00e1sico y de anciano del lugar, de superviviente estoico que lo ha visto todo y lo cuenta todo, mientras pide una \u00faltima copa para no dar por terminada la noche que de manera inevitable se pierde ya por la grieta rojiza del amanecer. Detr\u00e1s de su barba blanca esconde un ment\u00f3n demasiado corto y una vida demasiado larga\u00bb.<\/em><\/p>\n<p>En la \u00faltima etapa de su vida, \u00c1ngel Gonz\u00e1lez era invitado a multitud de actos donde recitaba su poes\u00eda. Se le pod\u00eda ver subiendo al escenario con un religioso rito: caminaba con paso lento, cargado de una humildad que se confund\u00eda con timidez, se asomaba al micr\u00f3fono y expectoraba unas primeras toses que delataban sus pulmones de fumador. Luego, intentaba mitigarlas con un caramelo de menta que \u2014o eso pretend\u00eda\u2014 le aclaraba la voz. Y tras este riguroso ceremonial, se arrancaba siempre con ese poema suyo en el que se autodefine de una forma sublime:<\/p>\n<p><em><i>Para que yo me llame \u00c1ngel Gonz\u00e1lez,<\/i><\/em><em><i><br \/>\n<\/i><\/em><em><i>para que mi ser pese sobre el suelo,<\/i><\/em><em><i><br \/>\n<\/i><\/em><em><i>fue necesario un ancho espacio<\/i><\/em><em><i><br \/>\n<\/i><\/em><em><i>y un largo tiempo:<\/i><\/em><em><i><br \/>\n<\/i><\/em><em><i>hombres de todo mar y toda tierra,<\/i><\/em><em><i><br \/>\n<\/i><\/em><em><i>f\u00e9rtiles vientres de mujer, y cuerpos<\/i><\/em><em><i><br \/>\n<\/i><\/em><em><i>y m\u00e1s cuerpos, fundi\u00e9ndose incesantes<\/i><\/em><em><i><br \/>\n<\/i><\/em><em><i>en otro cuerpo nuevo.<\/i><\/em><em><i><br \/>\n<\/i><\/em><em><i>Solsticios y equinoccios alumbraron<\/i><\/em><em><i><br \/>\n<\/i><\/em><em><i>con su cambiante luz, su vario cielo,<\/i><\/em><em><i><br \/>\n<\/i><\/em><em><i>el viaje milenario de mi carne<\/i><\/em><em><i><br \/>\n<\/i><\/em><em><i>trepando por los siglos y los huesos.<\/i><\/em><em><i><br \/>\n<\/i><\/em><em><i>De su pasaje lento y doloroso<\/i><\/em><em><i><br \/>\n<\/i><\/em><em><i>de su huida hasta el fin, sobreviviendo<\/i><\/em><em><i><br \/>\n<\/i><\/em><em><i>naufragios, aferr\u00e1ndose<\/i><\/em><em><i><br \/>\n<\/i><\/em><em><i>al \u00faltimo suspiro de los muertos,<\/i><\/em><em><i><br \/>\n<\/i><\/em><em><i>yo no soy m\u00e1s que el resultado, el fruto,<\/i><\/em><em><i><br \/>\n<\/i><\/em><em><i>lo que queda, podrido, entre los restos;<\/i><\/em><em><i><br \/>\n<\/i><\/em><em><i>esto que veis aqu\u00ed,<\/i><\/em><em><i><br \/>\n<\/i><\/em><em><i>tan s\u00f3lo esto:<\/i><\/em><em><i><br \/>\n<\/i><\/em><em><i>un escombro tenaz, que se resiste<\/i><\/em><em><i><br \/>\n<\/i><\/em><em><i>a su ruina, que lucha contra el viento,<\/i><\/em><em><i><br \/>\n<\/i><\/em><em><i>que avanza por caminos que no llevan<\/i><\/em><em><i><br \/>\n<\/i><\/em><em><i>a ning\u00fan sitio. El \u00e9xito<\/i><\/em><em><i><br \/>\n<\/i><\/em><em><i>de todos los fracasos. La enloquecida<\/i><\/em><em><i><br \/>\n<\/i><\/em><em><i>fuerza del desaliento&#8230;<\/i><\/em><\/p>\n<p>Y con esta entrada daba paso a otra retah\u00edla de grandes poemas rematando en muchas ocasiones con esta maravillosa despedida:<\/p>\n<p><em><i>Cuando estoy en Madrid,<\/i><\/em><em><i><br \/>\n<\/i><\/em><em><i>las cucarachas de mi casa protestan porque leo por las<\/i><\/em><em><i><br \/>\n<\/i><\/em><em><i>noches.<\/i><\/em><em><i><br \/>\n<\/i><\/em><em><i>La luz no las anima a salir de sus escondrijos,<\/i><\/em><em><i><br \/>\n<\/i><\/em><em><i>y pierden de ese modo la oportunidad de pasearse por<\/i><\/em><em><i><br \/>\n<\/i><\/em><em><i>mi dormitorio,<\/i><\/em><em><i><br \/>\n<\/i><\/em><em><i>lugar hacia el que<\/i><\/em><em><i><br \/>\n<\/i><\/em><em><i>\u2014por oscuras razones\u2014<\/i><\/em><em><i><br \/>\n<\/i><\/em><em><i>se sienten irresistiblemente atra\u00eddas.<\/i><\/em><em><i><br \/>\n<\/i><\/em><em><i>Ahora hablan de presentar un escrito de queja al<\/i><\/em><em><i><br \/>\n<\/i><\/em><em><i>presidente de la rep\u00fablica,<\/i><\/em><em><i><br \/>\n<\/i><\/em><em><i>y yo me pregunto:<\/i><\/em><em><i><br \/>\n<\/i><\/em><em><i>\u00bfen qu\u00e9 pa\u00eds se creer\u00e1n que viven?;<\/i><\/em><em><i><br \/>\n<\/i><\/em><em><i>estas cucarachas no leen los peri\u00f3dicos.<\/i><\/em><em><i><br \/>\n<\/i><\/em><em><i>[&#8230;]<\/i><\/em><em><i><br \/>\n<\/i><\/em><em><i>les deseo buenas noches a destiempo<\/i><\/em><em><i><br \/>\n<\/i><\/em><em><i>\u2014pero de coraz\u00f3n, sinceramente\u2014,<\/i><\/em><em><i><br \/>\n<\/i><\/em><em><i>reconociendo en m\u00ed su incertidumbre,<\/i><\/em><em><i><br \/>\n<\/i><\/em><em><i>su inoportunidad,<\/i><\/em><em><i><br \/>\n<\/i><\/em><em><i>su fotofobia,<\/i><\/em><em><i><br \/>\n<\/i><\/em><em><i>y otras muchas tendencias y actitudes<\/i><\/em><em><i><br \/>\n<\/i><\/em><em><i>que \u2014lamento decirlo\u2014<\/i><\/em><em><i><br \/>\n<\/i><\/em><em><i>hablan poco en favor de esos ort\u00f3pteros.<\/i><\/em><\/p>\n<p><img data-recalc-dims=\"1\" loading=\"lazy\" decoding=\"async\" class=\"size-medium wp-image-78688 alignleft\" src=\"https:\/\/i0.wp.com\/miradordeatarfe.es\/wp-content\/uploads\/2025\/09\/Angel-Gonzalez-III.jpg?resize=300%2C169&#038;ssl=1\" alt=\"\" width=\"300\" height=\"169\" srcset=\"https:\/\/i0.wp.com\/miradordeatarfe.es\/wp-content\/uploads\/2025\/09\/Angel-Gonzalez-III.jpg?resize=300%2C169&amp;ssl=1 300w, https:\/\/i0.wp.com\/miradordeatarfe.es\/wp-content\/uploads\/2025\/09\/Angel-Gonzalez-III.jpg?resize=1024%2C576&amp;ssl=1 1024w, https:\/\/i0.wp.com\/miradordeatarfe.es\/wp-content\/uploads\/2025\/09\/Angel-Gonzalez-III.jpg?resize=768%2C432&amp;ssl=1 768w, https:\/\/i0.wp.com\/miradordeatarfe.es\/wp-content\/uploads\/2025\/09\/Angel-Gonzalez-III.jpg?resize=1536%2C864&amp;ssl=1 1536w, https:\/\/i0.wp.com\/miradordeatarfe.es\/wp-content\/uploads\/2025\/09\/Angel-Gonzalez-III.jpg?resize=1320%2C743&amp;ssl=1 1320w, https:\/\/i0.wp.com\/miradordeatarfe.es\/wp-content\/uploads\/2025\/09\/Angel-Gonzalez-III.jpg?w=1600&amp;ssl=1 1600w\" sizes=\"auto, (max-width: 300px) 100vw, 300px\" \/><\/p>\n<p>Ante el emp\u00edrico temor de extenderme en exceso en mi art\u00edculo o, peor a\u00fan, de apaciguar la curiosidad de acudir a la obra completa de \u00c1ngel Gonz\u00e1lez, dejar\u00e9 de poner muestras de su obra e ir\u00e9 buscando un cierre. Para ello, acudo a otro fumador empedernido, con quien fantaseo vi\u00e9ndolos compartiendo humos en noches de sobremesas infinitas. Os hablo de su compa\u00f1ero y amigo Joaqu\u00edn Sabina, quien a t\u00edtulo p\u00f3stumo le dedic\u00f3 una canci\u00f3n en la que comenzaba por definirlo de una forma magistral:<\/p>\n<p><em><i>Gonz\u00e1lez era un \u00e1ngel menos dos alas<\/i><\/em><em><i><br \/>\n<\/i><\/em><em><i>Gonz\u00e1lez era un santo por lo civil<\/i><\/em><em><i><br \/>\n<\/i><\/em><em><i>Un dandy con un ojo a la funerala<\/i><\/em><em><i><br \/>\n<\/i><\/em><em><i>Tan rojo, tan castizo y tan zascandil<\/i><\/em><\/p>\n<p>No creo que haya una mejor forma de definirle. Por desgracia, \u00c1ngel nos dejar\u00eda falleciendo el 12 de enero de 2008 en Madrid, de una forma que el propio Joaqu\u00edn defin\u00eda con su punto de iron\u00eda en aquella canci\u00f3n:<\/p>\n<p><em><i>Verde por la verg\u00fcenza que no ten\u00eda<\/i><\/em><em><i><br \/>\n<\/i><\/em><em><i>Hasta ayud\u00f3 a Caronte a quemar sus naves<\/i><\/em><em><i><br \/>\n<\/i><\/em><em><i>Dec\u00eda que morirse no era tan grave<\/i><\/em><em><i><br \/>\n<\/i><\/em><em><i>Y agoniz\u00f3 en voz baja por cortes\u00eda<\/i><\/em><\/p>\n<p>Lean a \u00c1ngel Gonz\u00e1lez, encontrar\u00e1n la compa\u00f1\u00eda y la cercan\u00eda de un autor que vive en sus lectores. Este humilde homenaje no pretende m\u00e1s que eso. Salud, paz y amor.<\/p>\n<p>&nbsp;<\/p>\n","protected":false},"excerpt":{"rendered":"<p>Me siento a escribir y caigo en la cuenta de que llevo casi un a\u00f1o&#8230;<\/p>\n","protected":false},"author":1,"featured_media":78687,"comment_status":"closed","ping_status":"closed","sticky":false,"template":"","format":"standard","meta":{"_coblocks_attr":"","_coblocks_dimensions":"","_coblocks_responsive_height":"","_coblocks_accordion_ie_support":"","jetpack_post_was_ever_published":false,"_jetpack_newsletter_access":"","_jetpack_dont_email_post_to_subs":false,"_jetpack_newsletter_tier_id":0,"_jetpack_memberships_contains_paywalled_content":false,"_jetpack_memberships_contains_paid_content":false,"footnotes":"","jetpack_publicize_message":"","jetpack_publicize_feature_enabled":true,"jetpack_social_post_already_shared":true,"jetpack_social_options":{"image_generator_settings":{"template":"highway","default_image_id":0,"enabled":false},"version":2}},"categories":[1161,10794,44,6937],"tags":[],"class_list":["post-78686","post","type-post","status-publish","format-standard","has-post-thumbnail","hentry","category-ciudadania","category-fran-lopez","category-noticias-de-hoy","category-sociedad"],"jetpack_publicize_connections":[],"jetpack_featured_media_url":"https:\/\/i0.wp.com\/miradordeatarfe.es\/wp-content\/uploads\/2025\/09\/Angel-Gonzalez-II.jpg?fit=780%2C570&ssl=1","jetpack_likes_enabled":true,"jetpack_sharing_enabled":true,"_links":{"self":[{"href":"https:\/\/miradordeatarfe.es\/index.php?rest_route=\/wp\/v2\/posts\/78686","targetHints":{"allow":["GET"]}}],"collection":[{"href":"https:\/\/miradordeatarfe.es\/index.php?rest_route=\/wp\/v2\/posts"}],"about":[{"href":"https:\/\/miradordeatarfe.es\/index.php?rest_route=\/wp\/v2\/types\/post"}],"author":[{"embeddable":true,"href":"https:\/\/miradordeatarfe.es\/index.php?rest_route=\/wp\/v2\/users\/1"}],"replies":[{"embeddable":true,"href":"https:\/\/miradordeatarfe.es\/index.php?rest_route=%2Fwp%2Fv2%2Fcomments&post=78686"}],"version-history":[{"count":1,"href":"https:\/\/miradordeatarfe.es\/index.php?rest_route=\/wp\/v2\/posts\/78686\/revisions"}],"predecessor-version":[{"id":78690,"href":"https:\/\/miradordeatarfe.es\/index.php?rest_route=\/wp\/v2\/posts\/78686\/revisions\/78690"}],"wp:featuredmedia":[{"embeddable":true,"href":"https:\/\/miradordeatarfe.es\/index.php?rest_route=\/wp\/v2\/media\/78687"}],"wp:attachment":[{"href":"https:\/\/miradordeatarfe.es\/index.php?rest_route=%2Fwp%2Fv2%2Fmedia&parent=78686"}],"wp:term":[{"taxonomy":"category","embeddable":true,"href":"https:\/\/miradordeatarfe.es\/index.php?rest_route=%2Fwp%2Fv2%2Fcategories&post=78686"},{"taxonomy":"post_tag","embeddable":true,"href":"https:\/\/miradordeatarfe.es\/index.php?rest_route=%2Fwp%2Fv2%2Ftags&post=78686"}],"curies":[{"name":"wp","href":"https:\/\/api.w.org\/{rel}","templated":true}]}}