{"id":78715,"date":"2025-09-24T11:00:09","date_gmt":"2025-09-24T09:00:09","guid":{"rendered":"https:\/\/miradordeatarfe.es\/?p=78715"},"modified":"2025-09-11T19:36:41","modified_gmt":"2025-09-11T17:36:41","slug":"antonio-por-ana-maria-guerrero-pozo","status":"publish","type":"post","link":"https:\/\/miradordeatarfe.es\/?p=78715","title":{"rendered":"\u00abANTONIO\u00bb por Ana Mar\u00eda Guerrero Pozo"},"content":{"rendered":"<h3>Por el camino del Sacromonte, Antonio el mendigo va,\u00a0viene, se santigua, reza de pronto, se para, mira el sol\u00a0rutilante que parece que reverdece el reflejo de la sierra,\u00a0de esa nieve que a pesar del calor que hace ya en este\u00a0mes de junio todav\u00eda hay jirones que parecen encajes,\u00a0trozos de velo de un traje nupcial que hubiera llevado\u00a0el viento.<\/h3>\n<p>A\u00fan me acuerdo del mes de enero, cuando a la fuerza\u00a0quisieron meterme en el albergue, algunos compa\u00f1eros\u00a0murieron de fr\u00edo en esas largas noches granadinas. La\u00a0noche de San Juan, noche bendita, los r\u00edos llevaran polen\u00a0y aroma, en los estanques de la Alhambra dormir\u00e1n\u00a0rosas de oro, y nos embriagaremos con el perfume de\u00a0los arrayanes y mirtos y el aquelarre acudir\u00e1 a su cita;\u00a0si me vieran los directivos del banco con esta barba y\u00a0estos andrajos no se lo creer\u00edan.<\/p>\n<p>Yo les dije, mire usted\u00a0don Pedro, que aqu\u00ed se queda con sus dividendos y\u00a0sus cuentas, que yo ya estoy aburrido de mi vida de\u00a0aut\u00f3mata. \u00bfQu\u00e9 har\u00e1s sin m\u00ed, mujer, y cuando yo muera?\u00a0Que t\u00fa te fuiste Ana, antes que yo y ya la vida para m\u00ed\u00a0carec\u00eda de sentido, que desde que nuestro hijo muri\u00f3 en\u00a0aquel est\u00fapido accidente, todo fue distinto y cuando\u00a0vienen mal las cosas, todo es cuesta abajo.<\/p>\n<p>\u00bfQu\u00e9 enredadera abrazar\u00e1 tu vida, que r\u00edo en tu monta\u00f1a\u00a0perecer\u00e1 e inundar\u00e1 tu soledad dormida? No s\u00e9 como\u00a0se me vienen estos versos a la cabeza, ser\u00e1 que tengo\u00a0alma de poeta, siempre vagabundeando de un lugar\u00a0para otro, que estoy harto, todos los d\u00edas con la misma\u00a0canci\u00f3n, que si capital autorizado, que si t\u00edtulos, valores,\u00a0que s\u00ed sociedades de inversi\u00f3n mobiliaria y nada de\u00a0puestas de sol al atardecer, ni respirar el aire limpio de\u00a0la ma\u00f1ana, que ahora todo el tiempo es para m\u00ed; Ana no\u00a0se merec\u00eda aquella enfermedad tan larga y los dolores\u00a0tan espantosos, que el sufrimiento humano no tiene\u00a0l\u00edmites y don Pedro, que no puedo creerlo Antonio, que\u00a0es usted un elemento important\u00edsimo en el organigrama\u00a0de la empresa, y que me da a m\u00ed del organigrama ni otras\u00a0zarandajas.<\/p>\n<p>\u00bfQu\u00e9 cosas m\u00e1gicas ocurrir\u00e1n la noche de San Juan?, que\u00a0me han contado que pueden verse brujas volando en sus\u00a0escobas, por encima de las chumberas de los cerros del\u00a0Sacromonte cuando los lugare\u00f1os hacen fogatas y bailan\u00a0alrededor de ellas, que ya el banco no lo necesito para\u00a0nada despu\u00e9s de tantas desgracias juntas, primero mi\u00a0hijo, despu\u00e9s mi mujer, que todo fue una cuesta abajo,\u00a0que no ten\u00eda ganas de nada y, me encerr\u00e9 en mi cuarto\u00a0y me pasaron los d\u00edas y las semanas. \u00bfQu\u00e9 har\u00e1s sin m\u00ed,\u00a0mujer, con el vestido de tu alba inocencia; que har\u00e1s sin mi, mujer, cuando escuches el silbo estremecido de mis\u00a0poemas, en la espesura agreste? Y Granada me parece\u00a0una maravilla y la vida de mendigo no es tan mala, que\u00a0puedo ver el sol al amanecer y el paisaje esplendoroso\u00a0de la vega granadina, yo viajar\u00e9 por mares y monta\u00f1as,\u00a0cuando el solsticio de verano llegue y sobre un enjambre\u00a0de vi\u00f1as y trigales volver\u00e1n a perfumar las flores en las\u00a0largas jornadas estivales, la naturaleza bulle con hervores\u00a0de magia la noche de San Juan, nunca me sent\u00ed m\u00e1s vivo\u00a0que ahora, d\u00e9jame que te nombre Alhambra, p\u00e1jaros de\u00a0otros tiempos est\u00e1n contando sobre tu luz de piedra.<\/p>\n<p>Yo, Antonio, el mendigo, el m\u00e1s feliz de los mortales\u00a0danzando alrededor de una hoguera en el camino del\u00a0Sacromonte; yo ser\u00e9 la estrella matutina, la n\u00e1yade solar\u00a0de los sentidos, la estela del cometa que cabalga, que a\u00a0veces, las l\u00e1grimas saltan de mis ojos acord\u00e1ndome de\u00a0mi mujer y de mi Andr\u00e9s, tantos desvelos para darle\u00a0una educaci\u00f3n, n\u00famero uno de su promoci\u00f3n en la\u00a0Universidad y despu\u00e9s aquel absurdo accidente, si hoy te\u00a0sientes mortal que el barro ha forjado, la semilla callada\u00a0de la sangre, y yo lo dec\u00eda, Andr\u00e9s, ten cuidado con esa\u00a0moto, si eres fuerte hijo m\u00edo y te sustentas sobre tu\u00a0propio credo y tus verdades, ma\u00f1ana de la herencia que\u00a0has nacido, carne m\u00eda, menuda ayer, hoy chopo grande,\u00a0podr\u00e1s decir al fin que eres un hombre.<\/p>\n<p>Ya siento el embrujo de la noche, la brisa sopla\u00a0ligeramente por los bosques de la Alhambra, meciendo el extenso panorama que domina las grandes cumbres\u00a0coronadas de blanca nieve, \u00bfcomenzar\u00e1 pronto el\u00a0aquelarre? Si Don Pedro, el director del banco me viera\u00a0as\u00ed con esta pinta, danzando alrededor de una hoguera\u00a0se morir\u00eda del susto; una luz dorada alcanza en la\u00a0 llanura\u00a0la cima de las m\u00e1s altas flores \u00bfestar\u00e1 encantado este\u00a0bosque? Pues mis ojos ven un magn\u00edfico palacio a las\u00a0orillas del Gen\u00edl. Sobre su vistoso y principal minarete\u00a0veo una hur\u00ed que se posaba rodeada de vaporosa nube\u00a0que desped\u00eda celestes resplandores. Pues el sol comienza\u00a0a te\u00f1ir de escarlata los montes de risco que ci\u00f1en por\u00a0levante a Granada. Granada tan bella, tan alabada por\u00a0poetas y escritores encantados de la belleza del morisco\u00a0vergel, pues desde cualquier punto de la Alhambra se\u00a0ve la vega, que extendiendo sus verdes tapices a los pies de Sierra Nevada, presta vida a los lindos pueblecillos\u00a0que descuellan en sus llanuras y colinas, entre cuyos\u00a0contornos se deslizan el Darro y Genil ba\u00f1ando con sus\u00a0plateadas ondas, los vecinos campos que florecen con\u00a0tanta abundancia, como cual otra tierra de promisi\u00f3n,\u00a0y semejante aquel lisonjero cuadro, al prometido\u00a0para\u00edso que en noches de insomnio crea la imaginaci\u00f3n volc\u00e1nica de un \u00e1rabe, viendo all\u00ed realizados esos paisajes\u00a0deliciosos que el G\u00e9nesis describe con tan halag\u00fce\u00f1o\u00a0colorido, a cuya contemplaci\u00f3n el alma se dilata y se\u00a0remonta la fantas\u00eda a sue\u00f1os de ventura que s\u00f3lo puede\u00a0concebir la mente del poeta.<\/p>\n<p>Pero estoy s\u00f3lo, ante ese gran rub\u00ed que parece el cielo al\u00a0ocultarse el sol, por el horizonte, y Ana con tanto como\u00a0sufri\u00f3 que no era necesario tanto dolor, pues desde lo\u00a0de nuestro hijo no levant\u00f3 cabeza. \u00bfOtra vez la danza de\u00a0las brujas? \u00a1Oh musgo! \u00a1Oh jaramago! La noche de San\u00a0Juan (pero en el bosque va danzando la noche), estar\u00e1\u00a0tejiendo miles de historias de dolor o alegr\u00eda, y he pasado\u00a0los d\u00edas enteros embebido en las cuentas, en los intereses\u00a0en los valores, que han secado mi rostro y marchitado\u00a0mi juventud, pero no lo sent\u00eda; mi vida estaba cifrada\u00a0en el trabajo para poder dar a los m\u00edos lo mejor, noche\u00a0bendita, ser\u00e9 un \u00e1ngel en el espacio c\u00f3smico, un Orfeo\u00a0divino, cruzar\u00e9 la columna de Karmack, cielos repletos\u00a0de estrellas luminosas, la constelaci\u00f3n de Perseo yParsifal, ya no siento mis pies sobre la tierra, pero veo el bosque \u00bfestar\u00e1 encantado?, pero en la espesura de\u00a0sus ra\u00edces y sobre los matorrales, ocurren mil historias\u00a0maravillosas, siento una ingravidez total, me elevo en el\u00a0firmamento \u00bfser\u00e1 el misterio de la noche de San Juan?.<\/p>\n<p>La noche de San Juan, el sol nos infundir\u00e1 el aliento de\u00a0la vida y al despertar de las trompetas \u00bfser\u00e1 esto el Juicio\u00a0Final? Los muertos saldr\u00e1n de sus tumbas, inocentes\u00a0como \u00e1ngeles, y renacer\u00e1n los almendros en flor y las\u00a0tinieblas temblar\u00e1n de soledad y recoger\u00e1n las uvas de\u00a0la alegr\u00eda y el rosal silvestre mostrar\u00e1 sus flores, \u00bfYa\u00a0est\u00e1is aqu\u00ed conmigo, Ana, Andr\u00e9s? Y habr\u00e1 un hermoso\u00a0esplendor, \u00bfest\u00e1s so\u00f1ando Antonio?, un aura renaciente\u00a0y renovada \u00a1vuelas, Antonio vuelas!, mira los caudales\u00a0de \u00e1tomos invisibles, las estalactitas de espuma, la niebla\u00a0espesa y misteriosa, all\u00e1 por el mar. \u00bfC\u00f3mo es que el\u00a0tiempo no se detiene? Y vol\u00f3 lo m\u00e1s alto que sus alas le\u00a0permit\u00edan:<i> Esta noche ha venido la luna; a inundarme de plata\u00a0<\/i><i>la cara; y su luz me ha tra\u00eddo de noches; de amor en tus brazos,\u00a0<\/i><i>la horrible nostalgia.<\/i><\/p>\n<h3>Art\u00edculo editado por Corporaci\u00f3n de Medios de Andaluc\u00eda y el Ayuntamiento de Atarfe, coordinado por Jos\u00e9 Enrique Granados y tiene por nombre \u00abAtarfe en el papel\u00bb<\/h3>\n","protected":false},"excerpt":{"rendered":"<p>Por el camino del Sacromonte, Antonio el mendigo va,\u00a0viene, se santigua, reza de pronto, se&#8230;<\/p>\n","protected":false},"author":1,"featured_media":0,"comment_status":"closed","ping_status":"closed","sticky":false,"template":"","format":"standard","meta":{"_coblocks_attr":"","_coblocks_dimensions":"","_coblocks_responsive_height":"","_coblocks_accordion_ie_support":"","jetpack_post_was_ever_published":false,"_jetpack_newsletter_access":"","_jetpack_dont_email_post_to_subs":false,"_jetpack_newsletter_tier_id":0,"_jetpack_memberships_contains_paywalled_content":false,"_jetpack_memberships_contains_paid_content":false,"footnotes":"","jetpack_publicize_message":"","jetpack_publicize_feature_enabled":true,"jetpack_social_post_already_shared":true,"jetpack_social_options":{"image_generator_settings":{"template":"highway","default_image_id":0,"enabled":false},"version":2}},"categories":[1161,10781,186,44],"tags":[],"class_list":["post-78715","post","type-post","status-publish","format-standard","hentry","category-ciudadania","category-granada","category-instituciones","category-noticias-de-hoy"],"jetpack_publicize_connections":[],"jetpack_featured_media_url":"","jetpack_likes_enabled":true,"jetpack_sharing_enabled":true,"_links":{"self":[{"href":"https:\/\/miradordeatarfe.es\/index.php?rest_route=\/wp\/v2\/posts\/78715","targetHints":{"allow":["GET"]}}],"collection":[{"href":"https:\/\/miradordeatarfe.es\/index.php?rest_route=\/wp\/v2\/posts"}],"about":[{"href":"https:\/\/miradordeatarfe.es\/index.php?rest_route=\/wp\/v2\/types\/post"}],"author":[{"embeddable":true,"href":"https:\/\/miradordeatarfe.es\/index.php?rest_route=\/wp\/v2\/users\/1"}],"replies":[{"embeddable":true,"href":"https:\/\/miradordeatarfe.es\/index.php?rest_route=%2Fwp%2Fv2%2Fcomments&post=78715"}],"version-history":[{"count":1,"href":"https:\/\/miradordeatarfe.es\/index.php?rest_route=\/wp\/v2\/posts\/78715\/revisions"}],"predecessor-version":[{"id":78716,"href":"https:\/\/miradordeatarfe.es\/index.php?rest_route=\/wp\/v2\/posts\/78715\/revisions\/78716"}],"wp:attachment":[{"href":"https:\/\/miradordeatarfe.es\/index.php?rest_route=%2Fwp%2Fv2%2Fmedia&parent=78715"}],"wp:term":[{"taxonomy":"category","embeddable":true,"href":"https:\/\/miradordeatarfe.es\/index.php?rest_route=%2Fwp%2Fv2%2Fcategories&post=78715"},{"taxonomy":"post_tag","embeddable":true,"href":"https:\/\/miradordeatarfe.es\/index.php?rest_route=%2Fwp%2Fv2%2Ftags&post=78715"}],"curies":[{"name":"wp","href":"https:\/\/api.w.org\/{rel}","templated":true}]}}