{"id":78720,"date":"2025-09-03T11:00:40","date_gmt":"2025-09-03T09:00:40","guid":{"rendered":"https:\/\/miradordeatarfe.es\/?p=78720"},"modified":"2025-09-03T12:28:37","modified_gmt":"2025-09-03T10:28:37","slug":"sindicatos-y-marea-blanca-manifiestan-un-grito-de-auxilio-tras-entregar-mas-de-50-000-firmas-en-defensa-de-la-sanidad","status":"publish","type":"post","link":"https:\/\/miradordeatarfe.es\/?p=78720","title":{"rendered":"Sindicatos y Marea Blanca manifiestan un \u00abgrito de auxilio\u00bb tras entregar m\u00e1s de 50.000 firmas en defensa de la sanidad que han firmado muchos atarfe\u00f1os"},"content":{"rendered":"<h3 style=\"text-align: justify;\" data-t=\"{&quot;n&quot;:&quot;blueLinks&quot;,&quot;t&quot;:13,&quot;a&quot;:&quot;click&quot;,&quot;b&quot;:76}\">La plataforma por la salud p\u00fablica de Atarfe ha\u00a0 recogido y participado en la campa\u00f1a de recogida de firmas por la defensa de la sanidad p\u00fablica. En general y\u00a0 tal y como detalla los sindicatos en una nota conjunta, las Mareas Blancas han presentado m\u00e1s de 50.000 firmas ciudadanas en apoyo a una Proposici\u00f3n de Ley en defensa de la sanidad p\u00fablica, un acto simb\u00f3lico suscrito por los sindicatos.\u00a0<\/h3>\n<p style=\"text-align: justify;\" data-t=\"{&quot;n&quot;:&quot;blueLinks&quot;,&quot;t&quot;:13,&quot;a&quot;:&quot;click&quot;,&quot;b&quot;:76}\">As\u00ed, han definido la protesta como \u00abun grito de auxilio ante una situaci\u00f3n insostenible\u00bb y contra la \u00abestrategia deliberada\u00bb de la Junta de Andaluc\u00eda de \u00abdebilitar lo p\u00fablico para justificar la progresiva privatizaci\u00f3n de la sanidad p\u00fablica andaluza\u00bb, se\u00f1alan.<\/p>\n<p class=\"continue-read-break\" style=\"text-align: justify;\" data-t=\"{&quot;n&quot;:&quot;blueLinks&quot;,&quot;t&quot;:13,&quot;a&quot;:&quot;click&quot;,&quot;b&quot;:76}\">\u00abLo que algunos intentan presentar como una crisis estacional es, en realidad, el resultado de una pol\u00edtica sanitaria que prioriza intereses privados por encima del bien com\u00fan, poniendo en riesgo la salud de toda la ciudadan\u00eda. Mientras tanto los profesionales, agotados y en m\u00ednimos hist\u00f3ricos, intentan mantener en pie un sistema cada vez m\u00e1s fr\u00e1gil\u00bb, han explicado.<\/p>\n<p style=\"text-align: justify;\" data-t=\"{&quot;n&quot;:&quot;blueLinks&quot;,&quot;t&quot;:13,&quot;a&quot;:&quot;click&quot;,&quot;b&quot;:76}\">Asimismo, las cuatro organizaciones han querido aclarar que \u00abmantienen su compromiso de continuar moviliz\u00e1ndose hasta que se cumplan los acuerdos suscritos y se adopten medidas tan urgentes como el aumento de plantilla con empleo estable, reducci\u00f3n de listas de espera y el blindaje del sistema sanitario p\u00fablico andaluz frente a la privatizaci\u00f3n\u00bb.<\/p>\n<p style=\"text-align: justify;\" data-t=\"{&quot;n&quot;:&quot;blueLinks&quot;,&quot;t&quot;:13,&quot;a&quot;:&quot;click&quot;,&quot;b&quot;:76}\">Por su parte, portavoces de Marea Blanca han declarado que se trata de una<strong> Iniciativa Legislativa Popular<\/strong><em> \u00abpara que no mienta la Administraci\u00f3n auton\u00f3mica m\u00e1s, para que no diga cosas que no son reales\u00bb, adem\u00e1s de que \u00abplanteamos soluciones y alternativas reales a la problem\u00e1tica de la sanidad andaluza\u00bb.<\/em><\/p>\n<p style=\"text-align: justify;\" data-t=\"{&quot;n&quot;:&quot;blueLinks&quot;,&quot;t&quot;:13,&quot;a&quot;:&quot;click&quot;,&quot;b&quot;:76}\">A su vez, han \u00abanimado a la gente de que no nos rindamos. No nos van a robar el sistema que tanto tiempo nos cost\u00f3\u00bb. De este modo, ha sostenido que espera que \u00ablos profesionales se rebelen\u00bb. \u00abMe gustar\u00eda que se rebelaran. Est\u00e1n acabando con ellos. Si yo soy onc\u00f3logo y le doy seis meses a una persona para que se haga un TAC, me est\u00e1n matando a m\u00ed como profesional\u00bb, retalataba uno de los portavoces de Marea Blanca.<\/p>\n<p style=\"text-align: justify;\" data-t=\"{&quot;n&quot;:&quot;blueLinks&quot;,&quot;t&quot;:13,&quot;a&quot;:&quot;click&quot;,&quot;b&quot;:76}\">Las Mareas Blancas de Andaluc\u00eda han promovido desde los primeros meses de este a\u00f1o una Iniciativa Legislativa Popular (ILP)<b> <\/b>con el objetivo de corregir las deficiencias en el sistema sanitario p\u00fablico de la comunidad aut\u00f3noma. Seg\u00fan informan desde Marea Blanca, \u00ablos datos oficiales de la Junta de Andaluc\u00eda, a junio de 2024, se\u00f1alaban que cerca de 250.000 personas estaban en lista de espera para una intervenci\u00f3n quir\u00fargica, y 70.000 de ellas se encontraban \u2018fuera de decreto\u2019, es decir, con plazos de espera superiores a los legalmente establecidos\u00bb.<\/p>\n<p class=\"article-text\" style=\"text-align: justify;\">Actualmente hay un sentimiento generalizado de preocupaci\u00f3n en amplias capas de la poblaci\u00f3n andaluza porque nuestra sanidad p\u00fablica est\u00e1 en franca crisis. Esta percepci\u00f3n se basa principalmente en las insoportables demoras en la atenci\u00f3n sanitaria a la ciudadan\u00eda, que <a class=\"link\" href=\"https:\/\/www.eldiario.es\/andalucia\/en-abierto\/desastrosa-situacion-listas-espera-sanitarias-andalucia_132_11907482.html\" target=\"_blank\" rel=\"noopener\" data-mrf-recirculation=\"links-noticia\" data-mrf-link=\"https:\/\/www.eldiario.es\/andalucia\/en-abierto\/desastrosa-situacion-listas-espera-sanitarias-andalucia_132_11907482.html\">se sit\u00faan entre las mayores del pa\u00eds<\/a>: la espera media para conseguir una cita en Atenci\u00f3n Primaria ha pasado de 10 d\u00edas, hace un a\u00f1o, a m\u00e1s de 15, actualmente; las listas de espera para especialistas hospitalarios y cirug\u00eda, superaron el mill\u00f3n de personas en junio de 2024 (\u00faltima cifra conocida), muchas de ellas demoradas por encima de los plazos legales establecidos; adem\u00e1s, la Junta no facilita las cifras de pacientes en demora para pruebas complementarias, necesarias para el diagn\u00f3stico de sus afecciones. En conjunto, es posible que la poblaci\u00f3n en espera para alg\u00fan tipo de asistencia sanitaria estos d\u00edas est\u00e9 ya cercana a los dos millones. Esta situaci\u00f3n dura ya a\u00f1os y va empeorando progresivamente. Este intenso proceso de deterioro, al que no se le ha puesto remedio, se intuye como intencionado, y <a class=\"link\" href=\"https:\/\/fadsp.es\/wp-content\/uploads\/2024\/05\/PrivatCCAA24.pdf\" target=\"_blank\" rel=\"noopener\" data-mrf-recirculation=\"links-noticia\" data-mrf-link=\"https:\/\/fadsp.es\/wp-content\/uploads\/2024\/05\/PrivatCCAA24.pdf\">solo beneficia a las empresas de seguros sanitarios privados<\/a>, a los que acude la poblaci\u00f3n desatendida que puede permit\u00edrselos, aunque la mayor\u00eda de estos seguros no son ninguna panacea.<\/p>\n<p class=\"article-text\" style=\"text-align: justify;\"><img data-recalc-dims=\"1\" loading=\"lazy\" decoding=\"async\" class=\"wp-image-78723 alignleft\" src=\"https:\/\/i0.wp.com\/miradordeatarfe.es\/wp-content\/uploads\/2025\/09\/1f7f175a-076c-4114-9a4e-5ad3645bb10d_16-9-discover-aspect-ratio_default_0.webp?resize=538%2C303&#038;ssl=1\" alt=\"\" width=\"538\" height=\"303\" srcset=\"https:\/\/i0.wp.com\/miradordeatarfe.es\/wp-content\/uploads\/2025\/09\/1f7f175a-076c-4114-9a4e-5ad3645bb10d_16-9-discover-aspect-ratio_default_0.webp?resize=300%2C169&amp;ssl=1 300w, https:\/\/i0.wp.com\/miradordeatarfe.es\/wp-content\/uploads\/2025\/09\/1f7f175a-076c-4114-9a4e-5ad3645bb10d_16-9-discover-aspect-ratio_default_0.webp?resize=1024%2C576&amp;ssl=1 1024w, https:\/\/i0.wp.com\/miradordeatarfe.es\/wp-content\/uploads\/2025\/09\/1f7f175a-076c-4114-9a4e-5ad3645bb10d_16-9-discover-aspect-ratio_default_0.webp?resize=768%2C432&amp;ssl=1 768w, https:\/\/i0.wp.com\/miradordeatarfe.es\/wp-content\/uploads\/2025\/09\/1f7f175a-076c-4114-9a4e-5ad3645bb10d_16-9-discover-aspect-ratio_default_0.webp?w=1200&amp;ssl=1 1200w\" sizes=\"auto, (max-width: 538px) 100vw, 538px\" \/>Estos hechos, con la tardanza consiguiente en establecer un diagn\u00f3stico y un tratamiento adecuados para cada paciente, con toda seguridad, representan un riesgo claro para la salud de la poblaci\u00f3n, como se demostr\u00f3 en varios casos concretos detallados en la <a class=\"link\" href=\"https:\/\/fadsp.es\/wp-content\/uploads\/2024\/10\/DENUNCIA-SAS-Fiscalia-FINAL-1.pdf\" target=\"_blank\" rel=\"noopener\" data-mrf-recirculation=\"links-noticia\" data-mrf-link=\"https:\/\/fadsp.es\/wp-content\/uploads\/2024\/10\/DENUNCIA-SAS-Fiscalia-FINAL-1.pdf\">denuncia presentada por las Mareas Blancas de Andaluc\u00eda ante la Fiscal\u00eda<\/a>, en <a class=\"link\" href=\"https:\/\/elpais.com\/espana\/andalucia\/2024-10-17\/la-marea-blanca-ejecuta-sus-ocho-demandas-la-junta-de-andalucia-es-la-unica-responsable-de-unas-listas-de-espera-inadmisibles.html\" target=\"_blank\" rel=\"noopener\" data-mrf-recirculation=\"links-noticia\" data-mrf-link=\"https:\/\/elpais.com\/espana\/andalucia\/2024-10-17\/la-marea-blanca-ejecuta-sus-ocho-demandas-la-junta-de-andalucia-es-la-unica-responsable-de-unas-listas-de-espera-inadmisibles.html\">octubre de 2024<\/a>. Ante esto, la \u00fanica actuaci\u00f3n rese\u00f1able del actual gobierno ha sido el intento de transformar la Atenci\u00f3n Primaria en un \u201c<em>call center<\/em>\u201d: <a class=\"link\" href=\"https:\/\/www.juntadeandalucia.es\/presidencia\/portavoz\/gobiernoaldia\/199881\/JuanmaMoreno\/Andalucia\/Gobiernoandaluz\/sanidad\/atencionprimaria\/compromiso\/gestion\/emergencias\/anuncio\/disapacidad\/dependencia\" target=\"_blank\" rel=\"noopener\" data-mrf-recirculation=\"links-noticia\" data-mrf-link=\"https:\/\/www.juntadeandalucia.es\/presidencia\/portavoz\/gobiernoaldia\/199881\/JuanmaMoreno\/Andalucia\/Gobiernoandaluz\/sanidad\/atencionprimaria\/compromiso\/gestion\/emergencias\/anuncio\/disapacidad\/dependencia\">el plan 72 horas<\/a> . Este plan propone que, si no te atienden debidamente en tu centro de salud, puedas acudir a un servicio telef\u00f3nico en el que, en un m\u00e1ximo de15 d\u00edas, te propondr\u00edan una soluci\u00f3n, si bien esta previsiblemente provendr\u00eda de un m\u00e9dico desconocido que te atender\u00eda por tel\u00e9fono.<\/p>\n<p class=\"article-text\" style=\"text-align: justify;\">La situaci\u00f3n de la presente crisis sanitaria se debe a que el gobierno andaluz actual, desde su llegada, est\u00e1 empe\u00f1ado en cometer tres errores sustanciales, <a class=\"link\" href=\"https:\/\/www.eldiario.es\/andalucia\/en-abierto\/cronica-crisis-anunciada-presupuestos-moreno-sanidad-publica_132_11890561.html\" target=\"_blank\" rel=\"noopener\" data-mrf-recirculation=\"links-noticia\" data-mrf-link=\"https:\/\/www.eldiario.es\/andalucia\/en-abierto\/cronica-crisis-anunciada-presupuestos-moreno-sanidad-publica_132_11890561.html\">como ya se ha explicado<\/a>. El primero es que viene usando presupuestos deficitarios, que no han atendido el aumento de la poblaci\u00f3n y su creciente envejecimiento, y la deuda creada a la sanidad p\u00fablica por los recortes habidos tras la crisis financiera de 2008, que se estiman en 19.000 millones de euros.<\/p>\n<p class=\"article-text\" style=\"text-align: justify;\">En segundo lugar, estos presupuestos deficientes han sufrido bajo este gobierno, un marcado sesgo de uso, destinado a derivar cada vez m\u00e1s dinero p\u00fablico al sector sanitario privado (incremento continuo de pagos preferentes a seis cl\u00ednicas privadas, compra de fungibles, reactivos y f\u00e1rmacos a precios que no han sido sometidos a adecuadas medidas de control y abaratamiento) y, a veces, <a class=\"link\" href=\"https:\/\/www.eldiario.es\/andalucia\/junta-andalucia-fracciono-miles-contratos-fraude-ley-repartio-dedo-458-millones-euros_1_11660983.html\" target=\"_blank\" rel=\"noopener\" data-mrf-recirculation=\"links-noticia\" data-mrf-link=\"https:\/\/www.eldiario.es\/andalucia\/junta-andalucia-fracciono-miles-contratos-fraude-ley-repartio-dedo-458-millones-euros_1_11660983.html\">mediante m\u00e9todos de pago irregulares denunciados por la Intervenci\u00f3n de la propia Junta<\/a>, <a class=\"link\" href=\"https:\/\/www.eldiario.es\/andalucia\/justicia-abre-investigacion-gobierno-moreno-adjudicar-dedo-243-millones-clinicas-privadas-ley-derogada_1_11702608.html?utm_source=elDiario.es&amp;utm_campaign=6d313906f7-EMAIL_CAMPAIGN_2024_03_06_08_53_COPY_01&amp;utm_medium=email&amp;utm_term=0_-d70f272395-%5BLIST_EMAIL_ID%5D&amp;mc_cid=6d313906f7&amp;mc_eid=1c74616b44\" target=\"_blank\" rel=\"noopener\" data-mrf-recirculation=\"links-noticia\" data-mrf-link=\"https:\/\/www.eldiario.es\/andalucia\/justicia-abre-investigacion-gobierno-moreno-adjudicar-dedo-243-millones-clinicas-privadas-ley-derogada_1_11702608.html\">algunos de los cuales han sido judicializados<\/a>, lo que ha conducido, recientemente, a la \u201c<em>dimisi\u00f3n<\/em>\u201d de miembros de la Intervenci\u00f3n.<\/p>\n<p class=\"article-text\" style=\"text-align: justify;\">Por \u00faltimo, el gobierno ha implantado medidas organizativas de dudosa eficacia y favorecedoras de la privatizaci\u00f3n (consulta de acogida, extensi\u00f3n de la consulta cl\u00ednica telef\u00f3nica, eliminaci\u00f3n de la exclusividad, mantener las Unidades de Gesti\u00f3n Cl\u00ednica y el complemento de productividad, compatibilizaci\u00f3n p\u00fablico\/privada de cargos, eliminaci\u00f3n de la subasta de medicamentos, relajaci\u00f3n de medidas de abaratamiento) y se resiste a implantar otras (aumentar las plantillas y elevar los salarios y la estabilidad de los contratos de los trabajadores, volver a los sistemas de control del gasto) que mejorar\u00edan la funci\u00f3n de la sanidad p\u00fablica. Si los m\u00e1s que posibles sobrecostes que actualmente paga la Junta al sector privado se aplicaran en implementar un plan de reforzamiento de las plantillas de Atenci\u00f3n Primaria y Hospitalaria p\u00fablicas, se paliar\u00eda claramente la actual crisis, <a class=\"link\" href=\"https:\/\/www.eldiario.es\/andalucia\/en-abierto\/734-millones-euros-sanidad-publica-andaluza_132_10602096.html\" target=\"_blank\" rel=\"noopener\" data-mrf-recirculation=\"links-noticia\" data-mrf-link=\"https:\/\/www.eldiario.es\/andalucia\/en-abierto\/734-millones-euros-sanidad-publica-andaluza_132_10602096.html\">como ya se ha explicado<\/a>.<\/p>\n","protected":false},"excerpt":{"rendered":"<p>La plataforma por la salud p\u00fablica de Atarfe ha\u00a0 recogido y participado en la campa\u00f1a&#8230;<\/p>\n","protected":false},"author":1,"featured_media":78722,"comment_status":"closed","ping_status":"closed","sticky":false,"template":"","format":"standard","meta":{"_coblocks_attr":"","_coblocks_dimensions":"","_coblocks_responsive_height":"","_coblocks_accordion_ie_support":"","jetpack_post_was_ever_published":false,"_jetpack_newsletter_access":"","_jetpack_dont_email_post_to_subs":false,"_jetpack_newsletter_tier_id":0,"_jetpack_memberships_contains_paywalled_content":false,"_jetpack_memberships_contains_paid_content":false,"footnotes":"","jetpack_publicize_message":"","jetpack_publicize_feature_enabled":true,"jetpack_social_post_already_shared":true,"jetpack_social_options":{"image_generator_settings":{"template":"highway","default_image_id":0,"enabled":false},"version":2}},"categories":[10791,1161,186,44,10],"tags":[],"class_list":["post-78720","post","type-post","status-publish","format-standard","has-post-thumbnail","hentry","category-andalucia","category-ciudadania","category-instituciones","category-noticias-de-hoy","category-salud"],"jetpack_publicize_connections":[],"jetpack_featured_media_url":"https:\/\/i0.wp.com\/miradordeatarfe.es\/wp-content\/uploads\/2025\/09\/Screenshot-2025-09-02-at-12-50-57-Sindicatos-y-Marea-Blanca-manifiestan-un-grito-de-auxilio-tras-entregar-mas-de-50.000-firmas-en-defensa-de-la-sanidad.png?fit=596%2C377&ssl=1","jetpack_likes_enabled":true,"jetpack_sharing_enabled":true,"_links":{"self":[{"href":"https:\/\/miradordeatarfe.es\/index.php?rest_route=\/wp\/v2\/posts\/78720","targetHints":{"allow":["GET"]}}],"collection":[{"href":"https:\/\/miradordeatarfe.es\/index.php?rest_route=\/wp\/v2\/posts"}],"about":[{"href":"https:\/\/miradordeatarfe.es\/index.php?rest_route=\/wp\/v2\/types\/post"}],"author":[{"embeddable":true,"href":"https:\/\/miradordeatarfe.es\/index.php?rest_route=\/wp\/v2\/users\/1"}],"replies":[{"embeddable":true,"href":"https:\/\/miradordeatarfe.es\/index.php?rest_route=%2Fwp%2Fv2%2Fcomments&post=78720"}],"version-history":[{"count":5,"href":"https:\/\/miradordeatarfe.es\/index.php?rest_route=\/wp\/v2\/posts\/78720\/revisions"}],"predecessor-version":[{"id":78752,"href":"https:\/\/miradordeatarfe.es\/index.php?rest_route=\/wp\/v2\/posts\/78720\/revisions\/78752"}],"wp:featuredmedia":[{"embeddable":true,"href":"https:\/\/miradordeatarfe.es\/index.php?rest_route=\/wp\/v2\/media\/78722"}],"wp:attachment":[{"href":"https:\/\/miradordeatarfe.es\/index.php?rest_route=%2Fwp%2Fv2%2Fmedia&parent=78720"}],"wp:term":[{"taxonomy":"category","embeddable":true,"href":"https:\/\/miradordeatarfe.es\/index.php?rest_route=%2Fwp%2Fv2%2Fcategories&post=78720"},{"taxonomy":"post_tag","embeddable":true,"href":"https:\/\/miradordeatarfe.es\/index.php?rest_route=%2Fwp%2Fv2%2Ftags&post=78720"}],"curies":[{"name":"wp","href":"https:\/\/api.w.org\/{rel}","templated":true}]}}