{"id":7873,"date":"2016-03-27T09:29:45","date_gmt":"2016-03-27T09:29:45","guid":{"rendered":"http:\/\/miradordeatarfe.es\/?p=7873"},"modified":"2016-03-25T11:39:01","modified_gmt":"2016-03-25T11:39:01","slug":"el-parque-de-las-ciencias-recorre-la-trayectoria-de-francesco-tonucci-frato","status":"publish","type":"post","link":"https:\/\/miradordeatarfe.es\/?p=7873","title":{"rendered":"El Parque de las Ciencias recorre la trayectoria de Francesco Tonucci (FRATO)"},"content":{"rendered":"<div class=\"normal\">\n<div class=\"single\">La muestra, inaugurada este viernes, engloba dibujos originales, objetos y talleres que profundizan en el concepto de educaci\u00f3n basado en el respeto y la escucha a los ni\u00f1os<\/p>\n<p style=\"text-align: justify;\"><!--more--><\/p>\n<p>\u2018Imaginar la educaci\u00f3n. 50 a\u00f1os con Frato\u2019 dedica 1.500 metros cuadrados a la educaci\u00f3n, la infancia, la pedagog\u00eda. Foto: \u00c1lex C\u00e1mara<\/p>\n<div class=\"contenedor\" style=\"text-align: justify;\">\n<p>Una exposici\u00f3n inaugurada este viernes en el Parque de las Ciencias de <strong>Granada<\/strong> recorre la trayectoria pedag\u00f3gica y vital del reconocido investigador italiano Francesco Tonucci a trav\u00e9s de dibujos originales, objetos y talleres que profundizan en un concepto de educaci\u00f3n basado en el respeto y la escucha a los ni\u00f1os y en el valor de la participaci\u00f3n para fomentar el aprendizaje y promover la curiosidad.<\/p>\n<p>Se trata de la muestra temporal \u2018Imaginar la educaci\u00f3n. 50 a\u00f1os con Frato\u2019, que dedica 1.500 metros cuadrados a la educaci\u00f3n, la infancia, la pedagog\u00eda y la importancia social de los \u201cbuenos profesionales\u201d de la educaci\u00f3n, tal y como se ha puesto de manifiesto durante la inauguraci\u00f3n de la exposici\u00f3n, a la que ha acudido la consejera de Educaci\u00f3n, Adelaida de la Calle, y el propio investigador.<\/p>\n<p>La consejera ha destacado una corriente que \u201cmira a trav\u00e9s de los ni\u00f1os para hacer educaci\u00f3n y para aprender a trav\u00e9s de su mirada\u201d c\u00f3mo desarrollan su inteligencia, un asunto que puede apreciarse en esta exposici\u00f3n que \u201cir\u00e1 evolucionando\u201d y estar\u00e1 \u201cviva\u201d a trav\u00e9s de los diferentes talleres que se vayan impartiendo.<a href=\"https:\/\/i0.wp.com\/miradordeatarfe.es\/wp-content\/uploads\/2016\/03\/FRATO.jpeg?ssl=1\" rel=\"attachment wp-att-7875\"><img data-recalc-dims=\"1\" loading=\"lazy\" decoding=\"async\" class=\"size-full wp-image-7875 aligncenter\" src=\"https:\/\/i0.wp.com\/miradordeatarfe.es\/wp-content\/uploads\/2016\/03\/FRATO.jpeg?resize=332%2C152&#038;ssl=1\" alt=\"FRATO\" width=\"332\" height=\"152\" srcset=\"https:\/\/i0.wp.com\/miradordeatarfe.es\/wp-content\/uploads\/2016\/03\/FRATO.jpeg?w=332&amp;ssl=1 332w, https:\/\/i0.wp.com\/miradordeatarfe.es\/wp-content\/uploads\/2016\/03\/FRATO.jpeg?resize=300%2C137&amp;ssl=1 300w\" sizes=\"auto, (max-width: 332px) 100vw, 332px\" \/><\/a><\/p>\n<p>Francesco Tonucci ha vinculado esta muestra al mensaje de que la \u201ceducaci\u00f3n hay que imaginarla, porque as\u00ed como est\u00e1 no nos gusta\u201d, un extremo que pone en evidencia en sus vi\u00f1etas, que usa como instrumento de denuncia de todo aquello que deber\u00eda ser modificado para una ofrecer una mejor educaci\u00f3n a los ni\u00f1os.<\/p>\n<p>El mensaje va destinado tanto a las escuelas, como a los profesores, los padres y la sociedad en su conjunto, que \u201ctienen la necesidad de reflexionar si lo que est\u00e1n haciendo es suficiente e imaginar una educaci\u00f3n mejor\u201d, ha relatado el pedagogo, que tambi\u00e9n se ha mostrado defensor de que los m\u00e1s peque\u00f1os desarrollen su creatividad y trabajen con sus manos, especialmente en un momento tecnol\u00f3gico donde \u201cparece que podemos movernos por el mundo con un dedo\u201d.<\/p>\n<p>As\u00ed, esta exposici\u00f3n es una invitaci\u00f3n a pensar, a discutir pr\u00e1cticas desacertadas, a imaginar un cambio. Al mismo tiempo, se revela como una oportunidad para mostrar la inteligencia y la creatividad de los ni\u00f1os y los adultos, su capacidad para aprender y construir.<a href=\"https:\/\/i0.wp.com\/miradordeatarfe.es\/wp-content\/uploads\/2016\/03\/FRATO1.jpeg?ssl=1\" rel=\"attachment wp-att-7876\"><img data-recalc-dims=\"1\" loading=\"lazy\" decoding=\"async\" class=\"size-full wp-image-7876 aligncenter\" src=\"https:\/\/i0.wp.com\/miradordeatarfe.es\/wp-content\/uploads\/2016\/03\/FRATO1.jpeg?resize=260%2C194&#038;ssl=1\" alt=\"FRATO1\" width=\"260\" height=\"194\" \/><\/a><\/p>\n<p>La muestra est\u00e1 estructurada en torno a diez \u00e1mbitos que ayudan a reflexionar y tomar conciencia desde el punto de vista de los ni\u00f1os frente a realidades cotidianas como la escuela, la casa, el juego, la ciudad y el aprendizaje.<\/p>\n<p>La bienvenida al visitante la dan las vi\u00f1etas de Frato, con algunas de las ilustraciones mas representativas del pedagogo italiano. Su reivindicaci\u00f3n sobre la importancia de integrar actividades manuales y oficios en la escuela tambi\u00e9n se materializa en la muestra con el espacio \u2018Cien manos, cien lenguajes\u2019, donde a trav\u00e9s de im\u00e1genes y propuestas interactivas se provoca al p\u00fablico a que use sus manos para pensar y experimentar. Le siguen otros siete \u00e1mbitos m\u00e1s basados en la participaci\u00f3n, la creatividad y la imaginaci\u00f3n.<\/p>\n<p>La muestra se completa con un programa de actividades complementarias dirigidas a la comunidad docente, como cursos, jornadas, conferencias y talleres.<\/p>\n<\/div>\n<\/div>\n<\/div>\n<p style=\"text-align: justify;\">\n","protected":false},"excerpt":{"rendered":"<p>La muestra, inaugurada este viernes, engloba dibujos originales, objetos y talleres que profundizan en el&#8230;<\/p>\n","protected":false},"author":1,"featured_media":7874,"comment_status":"closed","ping_status":"closed","sticky":false,"template":"","format":"standard","meta":{"_coblocks_attr":"","_coblocks_dimensions":"","_coblocks_responsive_height":"","_coblocks_accordion_ie_support":"","jetpack_post_was_ever_published":false,"_jetpack_newsletter_access":"","_jetpack_dont_email_post_to_subs":false,"_jetpack_newsletter_tier_id":0,"_jetpack_memberships_contains_paywalled_content":false,"_jetpack_memberships_contains_paid_content":false,"footnotes":"","jetpack_publicize_message":"","jetpack_publicize_feature_enabled":true,"jetpack_social_post_already_shared":false,"jetpack_social_options":{"image_generator_settings":{"template":"highway","default_image_id":0,"enabled":false},"version":2}},"categories":[12,186,44,15],"tags":[129,133],"class_list":["post-7873","post","type-post","status-publish","format-standard","has-post-thumbnail","hentry","category-cultura","category-instituciones","category-noticias-de-hoy","category-ultimas-noticias","tag-granada","tag-parque-de-las-ciencias"],"jetpack_publicize_connections":[],"jetpack_featured_media_url":"https:\/\/i0.wp.com\/miradordeatarfe.es\/wp-content\/uploads\/2016\/03\/Exposicion-educacion-FRATO-AlexCamara-13-768x432.jpg?fit=768%2C432&ssl=1","jetpack_likes_enabled":true,"jetpack_sharing_enabled":true,"_links":{"self":[{"href":"https:\/\/miradordeatarfe.es\/index.php?rest_route=\/wp\/v2\/posts\/7873","targetHints":{"allow":["GET"]}}],"collection":[{"href":"https:\/\/miradordeatarfe.es\/index.php?rest_route=\/wp\/v2\/posts"}],"about":[{"href":"https:\/\/miradordeatarfe.es\/index.php?rest_route=\/wp\/v2\/types\/post"}],"author":[{"embeddable":true,"href":"https:\/\/miradordeatarfe.es\/index.php?rest_route=\/wp\/v2\/users\/1"}],"replies":[{"embeddable":true,"href":"https:\/\/miradordeatarfe.es\/index.php?rest_route=%2Fwp%2Fv2%2Fcomments&post=7873"}],"version-history":[{"count":1,"href":"https:\/\/miradordeatarfe.es\/index.php?rest_route=\/wp\/v2\/posts\/7873\/revisions"}],"predecessor-version":[{"id":7877,"href":"https:\/\/miradordeatarfe.es\/index.php?rest_route=\/wp\/v2\/posts\/7873\/revisions\/7877"}],"wp:featuredmedia":[{"embeddable":true,"href":"https:\/\/miradordeatarfe.es\/index.php?rest_route=\/wp\/v2\/media\/7874"}],"wp:attachment":[{"href":"https:\/\/miradordeatarfe.es\/index.php?rest_route=%2Fwp%2Fv2%2Fmedia&parent=7873"}],"wp:term":[{"taxonomy":"category","embeddable":true,"href":"https:\/\/miradordeatarfe.es\/index.php?rest_route=%2Fwp%2Fv2%2Fcategories&post=7873"},{"taxonomy":"post_tag","embeddable":true,"href":"https:\/\/miradordeatarfe.es\/index.php?rest_route=%2Fwp%2Fv2%2Ftags&post=7873"}],"curies":[{"name":"wp","href":"https:\/\/api.w.org\/{rel}","templated":true}]}}