{"id":78731,"date":"2025-09-08T10:22:46","date_gmt":"2025-09-08T08:22:46","guid":{"rendered":"https:\/\/miradordeatarfe.es\/?p=78731"},"modified":"2025-09-02T13:27:59","modified_gmt":"2025-09-02T11:27:59","slug":"la-transicion-ecologica-impuesta-mas-de-2-200-parcelas-expropiadas-en-la-provincia-en-dos-anos-para-parques-fotovoltaicos-y-eolicos","status":"publish","type":"post","link":"https:\/\/miradordeatarfe.es\/?p=78731","title":{"rendered":"La &#8216;transici\u00f3n ecol\u00f3gica&#8217; impuesta: m\u00e1s de 2.200 parcelas expropiadas en la provincia en dos a\u00f1os para parques fotovoltaicos y e\u00f3licos"},"content":{"rendered":"<h3>Las expropiaciones, amparadas en declaraciones de utilidad p\u00fablica de Junta y Gobierno central, abarcan a 30 municipios de Granada, con miles de propietarios afectados, y a\u00fan existen numerosos proyectos tramit\u00e1ndose.<\/h3>\n<div class=\"cuerpo\">\n<p>La mal llamada &#8216;transici\u00f3n ecol\u00f3gica&#8217;, que ha supuesto una avalancha de proyectos fotovoltaicos y e\u00f3licos excesiva, desproporcionada y sin ning\u00fan tipo de planificaci\u00f3n ni control, se est\u00e1 llevando a cabo, adem\u00e1s, por imperativo legal. Numerosos proyectos de megaparques fotovoltaicos y e\u00f3licos se est\u00e1n acometiendo con declaraciones de utlilidad p\u00fablica solicitadas por los promotores y autorizadas sin rubor por Junta de Andaluc\u00eda y Gobierno central, lo que permite expropiar los terrenos necesarios para esas instalaciones.\u00a0<\/p>\n<p>En la provincia de Granada se han expropiado ya m\u00e1s de 2.200 parcelas solo en los dos \u00faltimos a\u00f1os para proyectos fotovoltaicos y e\u00f3licos en 30 municipios de la provincia, con varios miles de propietarios afectados, pues a menudo la propiedad de una parcela es compartida por varias personas.\u00a0<\/p>\n<p>La mayor\u00eda de las parcelas expropiadas corresponden a los terrenos por donde pasar\u00e1n las l\u00edneas de evacuaci\u00f3n de las plantas e\u00f3licas o solares para llevar la electricidad hasta las diferentes subestaciones. Pero tambi\u00e9n hay muchas expropiaciones para construir la propia megaplanta o las subestaciones que llevan aparejadas junto a ellas, y que suelen ser compartidas por varios macroparques.\u00a0<\/p>\n<h4>600 parcelas en el Poniente<\/h4>\n<p>El proyecto con mayor n\u00famero de expropiaciones es el <a href=\"https:\/\/www.elindependientedegranada.es\/economia\/cinismo-iberdrola\">megaparque fotovoltaico de Iberdrola en el Poniente granadino<\/a>, denominado Caparacena, actualmente en construcci\u00f3n, y que ha supuesto la exproiaci\u00f3n de 600 parcelas en nueve municipios: Atarfe, Pinos Puente, Valderrubio, \u00cdllora, L\u00e1char, Cijuela, Chimeneas, Ventas de Huelma y Cac\u00edn. Se trata de la mayor planta solar acometida hasta ahora en la provincia, con 275 megavatios de potencia, aunque hay otras todav\u00eda de mayor tama\u00f1o en tramitaci\u00f3n. Como todas las que superan los 50 Mw, la declaraci\u00f3n de utilidad p\u00fablica fue autorizada por el Gobierno central a trav\u00e9s del Ministerio para la Transici\u00f3n Ecol\u00f3gica y Reto Demogr\u00e1fico.\u00a0<\/p>\n<p>Estos son\u00a0<strong>diez de los proyectos fotovoltaicos y e\u00f3licos con mayor n\u00famero de expropiaciones <\/strong>aprobadas en los dos \u00faltimos a\u00f1os en Granada:\u00a0<\/p>\n<table border=\"1\" cellspacing=\"1\" cellpadding=\"1\">\n<tbody>\n<tr>\n<td>Proyecto<\/td>\n<td>N\u00famero de parcelas<\/td>\n<td>Municipios afectados<\/td>\n<\/tr>\n<tr>\n<td>Fotovoltaica Caparacena Iberdrola<\/td>\n<td>600<\/td>\n<td>Atarfe, Pinos Puente, Valderrubio, \u00cdllora, L\u00e1char, Cijuela, Chimeneas, Ventas de Huelma, Cac\u00edn<\/td>\n<\/tr>\n<tr>\n<td>Fotovoltaica Granada Solar 165, 166, 167<\/td>\n<td>294<\/td>\n<td>\u00cdllora, Atarfe, Pinos Puente, Moralena de Zafayona, Chimeneas, Cac\u00edn<\/td>\n<\/tr>\n<tr>\n<td>E\u00f3lico Barranco del Agua I<\/td>\n<td>207<\/td>\n<td>Villamena, Albu\u00f1uelas, Padul, Alhend\u00edn, Esc\u00fazar<\/td>\n<\/tr>\n<tr>\n<td>E\u00f3lico Carricondo<\/td>\n<td>125<\/td>\n<td>Baza, Caniles<\/td>\n<\/tr>\n<tr>\n<td>Fotovoltaica Ququima<\/td>\n<td>122<\/td>\n<td>Baza, Caniles<\/td>\n<\/tr>\n<tr>\n<td>Fotovoltaica Baluma Solar<\/td>\n<td>114<\/td>\n<td>Albolote, Atarfe, Mocl\u00edn<\/td>\n<\/tr>\n<tr>\n<td>Fotovoltaica Disposol\u00a0<\/td>\n<td>96<\/td>\n<td>\u00d3rgiva<\/td>\n<\/tr>\n<tr>\n<td>Fotovoltaica Virgen del Rosario<\/td>\n<td>89<\/td>\n<td>Motril<\/td>\n<\/tr>\n<tr>\n<td>Fotovoltaica Caparacena 220<\/td>\n<td>84<\/td>\n<td>Mocl\u00edn, Colomera, Atarfe<\/td>\n<\/tr>\n<tr>\n<td>E\u00f3lico Barranco del Agua II<\/td>\n<td>78<\/td>\n<td>Alhend\u00edn, Esc\u00fazar<\/td>\n<\/tr>\n<\/tbody>\n<\/table>\n<p class=\"pie\"><em>Fuente: Elaboraci\u00f3n propia con datos de las declaraciones de utilidad p\u00fablica<\/em><\/p>\n<p>Tras el megaparque de Iberdrola, la l\u00ednea de evacuaci\u00f3n de las plantas fotoovltaicas Granada Solar 165, 166 y 167 conllevar\u00e1n la expropiaci\u00f3n de 260 parcelas en cinco municipios: Moraleda de Zafayona, Chimeneas, \u00cdllora, Atarfe y Pinos Puente, seg\u00fan el anuncio de <a href=\"https:\/\/www.boe.es\/diario_boe\/txt.php?id=BOE-B-2025-13364\">levantamiento de actas previas publicado en el BOE en abril de este a\u00f1o<\/a>. M\u00e1s otras 34 parcelas en Cac\u00edn para la interconexi\u00f3n de Granada Solar 165.\u00a0<\/p>\n<p>Se trata de una gran fotovoltaica dividida en tres plantas tramitadas por separado por la empresa promotora, Desarrollos Fotovoltaicos Ib\u00e9ricos, radicada en Madrid, para eludir la tramitaci\u00f3n del Ministerio y hacerlo a trav\u00e9s de la Junta. Y la mayor\u00eda de expropiaciones son para una descomunal l\u00ednea de evacuaci\u00f3n de alta tensi\u00f3n de nada menos que 37 kil\u00f3metros, 11,3 de ellos soterrados, con cerca de 100 torretas el\u00e9ctricas desde Cac\u00edn a Pinos Puente.\u00a0<\/p>\n<h4>E\u00f3licos de Cuerva<\/h4>\n<p>Tambi\u00e9n hay una ingente cantidad de expropiacones para parques e\u00f3licos, como los dos que promueve la conocida empresa granadina Cuerva, <a href=\"https:\/\/www.elindependientedegranada.es\/economia\/junta-declara-utilidad-publica-dos-parques-eolicos-proyectados-villamena-escuzar-que#:~:text=La%20Junta%20de%20Andaluc%C3%ADa%20ha,de%20sus%20l%C3%ADneas%20de%20evacuaci%C3%B3n\">Barranco del Agua I y II,<\/a> uno de ellos <a href=\"https:\/\/www.elindependientedegranada.es\/economia\/plataforma-di-no-torres-exige-que-paren-obras-parque-eolico-barranco-agua-i-villamena\">ya en construcci\u00f3n en Villamena<\/a>, y el otro en Esc\u00fazar. En el primer caso supone la expropiaci\u00f3n de 207 parcelas en cinco municipios: Villamena, Albu\u00f1uelas, Padul, Alhend\u00edn y Esc\u00fazar. Y en el segundo, 78 parcelas en Alhend\u00edn y Esc\u00fazar.\u00a0<\/p>\n<p>Otro parque e\u00f3lico, denominado Carricondo, ha implicado la expropiaci\u00f3n de 125 parcelas en el noreste de la provincia, en los municpios de Baza y Caniles.\u00a0<\/p>\n<p>Igualmente en esa zona la megaplanta fotovoltaica Ququima, una de las primeras que se empezaron a tramitar en la provincia, tambi\u00e9n autorizada por el Gobierno central, y que provoc\u00f3 <a href=\"https:\/\/www.elindependientedegranada.es\/economia\/macroplanta-fotovoltaica-ququima-proyectada-caniles-baza-reducira-178-hectareas-ocupadas\">numerosas quejas y reclamaciones de agricultores de la comarca, tras lo cual se redujo el tama\u00f1o del proyecto<\/a>, finalmente ha expropiado 122 parcelas en Baza y Caniles, seg\u00fan se public\u00f3 en el BOE el pasado noviembre.\u00a0<\/p>\n<p>En Mocl\u00edn, el macroparque fototoltaico Caparecena 220, con cerca de 100 Mw, promovido por Endesa, e igualmente autorizado por el Ministerio, ha expropiado 84 parcelas, 25 de ellas para la instalaci\u00f3n de los paneles solares en Mocl\u00edn y el resto para la l\u00ednea de evacuaci\u00f3n, que pasar\u00e1 tambi\u00e9n por Colomera y Atarfe. La construcci\u00f3n de la planta supone la eliminaci\u00f3n de m\u00e1s de 18.000 olivos.\u00a0<\/p>\n<p>Pero la relaci\u00f3n de expropiaciones es interminable, y pocas zonas de la provincia se salvan. Hasta en la Alpujarra, donde la l\u00ednea de evacuaci\u00f3n de la planta fotovoltaica Disposol en \u00d3rgiva ha afectado a 96 parcelas, con <a href=\"https:\/\/www.elindependientedegranada.es\/economia\/indignacion-orgiva-expropiacion-85-parcelas-linea-evacuacion-planta-fotovoltaica\">numerosas protestas ciudadanas<\/a>, como la de la de esta imagen:<\/p>\n<div class=\"media media-element-container media-default\">\n<div id=\"file-115809\" class=\"file file-image file-image-jpeg\">\n<h2 class=\"element-invisible\"><img data-recalc-dims=\"1\" loading=\"lazy\" decoding=\"async\" class=\"media-element file-default\" src=\"https:\/\/i0.wp.com\/www.elindependientedegranada.es\/sites\/default\/files\/orgiva_3.jpg?resize=640%2C387&#038;ssl=1\" alt=\"\" width=\"640\" height=\"387\" data-delta=\"2\" \/><\/h2>\n<\/div>\n<\/div>\n<p>O en Motril, donde se expropiaron 89 parcelas para la l\u00ednea de evacuaci\u00f3n de una fotovoltaica que se empez\u00f3 a construir a finales del pasado octubre.\u00a0<\/p>\n<p>Tambi\u00e9n est\u00e1 en construcci\u00f3n el parque e\u00f3lico Dama de Baza, en Hu\u00e9neja, una zona inundada de parques tanto e\u00f3licos como fotovoltaicos y termosolares. Para este nuevo proyecto se han expropiado 71 parcelas.\u00a0<\/p>\n<p>Y la lista sigue: 114 parcelas expropiadas para la fotovoltaica Baluma Solar en Albolote, Atarfe y Mocl\u00edn; casi 80 parcelas para las fotovoltaicas Santa Mar\u00eda y Jes\u00fas, en Padul, ubicadas una frente a la otra, a uno y otro lado de la Carretera de la Cabra, <a href=\"https:\/\/www.elindependientedegranada.es\/economia\/ecologistas-accion-presenta-alegaciones-declaracion-utilidad-publica-dos-plantas\">cuya declaraci\u00f3n de utlidad p\u00fablica cuenta con alegaciones de Ecologistas en Acci\u00f3n<\/a>.\u00a0<\/p>\n<p>Cincuenta parcelas para un parque e\u00f3lico Blanco, en Caniles y C\u00fallar, cuyas actas previas para la ocupaci\u00f3n de las fincas se publicaron el pasado febrero.\u00a0<\/p>\n<p>O las 21 parcelas para la fotovoltaica Fargue I de V\u00edznar, que fue <a href=\"https:\/\/www.elindependientedegranada.es\/economia\/paralizada-totalmente-construccion-megaplanta-fotovoltaica-fargue-i-graves-infracciones\">paralizada en marzo <\/a>por el gran da\u00f1o ambiental de las obras.\u00a0<\/p>\n<p>A todas estas m\u00e1s de 2.200 parcelas de expropiaciones hay que sumar otras muchas expropiadas anteriormente para macroparques que ya est\u00e1n operando y las que vendr\u00e1n, porque hay numerosos proyectos en tramitaci\u00f3n, pendientes de autorizaci\u00f3n, tanto del Gobierno central o de la Junta, en funci\u00f3n de su tama\u00f1o, y de declaraci\u00f3n de utilidad p\u00fablica si los promotores no consiguen hacerse con los terrenos necesarios mediante acuerdos con los propietarios.\u00a0<\/p>\n<p>En muchos casos, las parcelas expropiadas son de muy peque\u00f1o tama\u00f1o, apenas unos metros como servidumbre de paso para las l\u00edneas de evacuaci\u00f3n el\u00e9ctrica, pero en otros afectan a grandes extensiones de terreno, muchas veces cultivos productivos o \u00e1reas de alto valor ambiental y con grave da\u00f1o a la biodiversidad, por m\u00e1s que tengan cuestionables declaraciones de impacto ambiental favorables, que se otorgan reduciendo el n\u00famero de aerogeneradores o de extensi\u00f3n de placas fotovoltaicas, y con medidas correctoras para las afecciones a la flora y fauna que est\u00e1 por ver si se cumplen y se vigilan.\u00a0<\/p>\n<h4>Apoyo a los afectados<\/h4>\n<p>Desde que empezaron a proliferar los proyectos de energ\u00edas renovales, la plataforma ciudadana <a href=\"https:\/\/elindependientedegranada.es\/economia\/siete-anos-lucha-ciudadana-defensa-territorio\">&#8216;Di No a las Torres&#8217; lleva realizando una incansable labor por todas las comarcas informando a las personas afectadas y presentando recursos y alegaciones a los proyectos<\/a>.\u00a0<\/p>\n<p>Durante las \u00faltimas semanas, la plataforma ha intensificado su actividad con sus integrantes y voluntarios organiz\u00e1ndose para informar a la ciudadan\u00eda sobre las acciones posibles frente a la publicaci\u00f3n de actas previas y el inicio de las expropiaciones.<\/p>\n<div class=\"media media-element-container media-default\">\n<div id=\"file-115808\" class=\"file file-image file-image-jpeg\">\n<h2 class=\"element-invisible\"><img data-recalc-dims=\"1\" loading=\"lazy\" decoding=\"async\" class=\"media-element file-default\" src=\"https:\/\/i0.wp.com\/www.elindependientedegranada.es\/sites\/default\/files\/e97c9cd4-13fd-4765-98ea-2da6332f13a8.jpg?resize=640%2C471&#038;ssl=1\" alt=\"\" width=\"640\" height=\"471\" data-delta=\"1\" \/><\/h2>\n<\/div>\n<\/div>\n<p class=\"pie\"><span style=\"font-size: 8pt;\">Punto de infomaci\u00f3n y recogida de firmas de la plataforma en la plaza del Ayuntamiento de Atarfe. <span class=\"firma\">&#8216;Di No a las Torres&#8217;<\/span><\/span><\/p>\n<p>Seg\u00fan explica la plataforma, el acta previa \u00abes un tr\u00e1mite dentro del proceso de expropiaci\u00f3n forzosa que, en teor\u00eda, sirve para que las personas propietarias conozcan y documenten la afecci\u00f3n a su finca. Sin embargo, diversos testimonios en Andaluc\u00eda alertan de que estos actos se desarrollan en condiciones de presi\u00f3n, falta de informaci\u00f3n y sin garant\u00edas reales de defensa. Personas mayores, muchas veces solas, se ven rodeadas por equipos de hasta 10 o 15 representantes de empresas y administraci\u00f3n, sin apoyo ni acompa\u00f1amiento, generando una profunda sensaci\u00f3n de indefensi\u00f3n\u00bb.<\/p>\n<p>Durante el mes de mayo, la plataforma ha recorrido numerosos municipios estableciendo puntos informativos frente a ayuntamientos y juntas locales. Se desplazan en coches compartidos, bicicletas y transporte p\u00fablico, con el objetivo de estar presentes en los d\u00edas en que se levantan las actas de expropiaci\u00f3n. All\u00ed ofrecen informaci\u00f3n jur\u00eddica y orientaci\u00f3n a las personas afectadas, para que puedan ejercer sus derechos y presentar los recursos legales establecidos.<\/p>\n<p>&#8216;Di No a las Torres&#8217; denuncia que este modelo de desarrollo energ\u00e9tico \u00abno es una verdadera transici\u00f3n, sino una imposici\u00f3n que sacrifica el territorio rural y los derechos de las comunidades en favor de grandes intereses econ\u00f3micos\u00bb. \u00abEs un atropello. Un atraco a las generaciones futuras, que ya no ver\u00e1n montes de olivos sino cerros de hojalata\u00bb.<\/p>\n<p><span class=\"autor\"> <a href=\"https:\/\/www.elindependientedegranada.es\/autor\/53\"><strong>Jos\u00e9 Miguel Mu\u00f1oz<\/strong><\/a> <\/span><\/p>\n<p>FOTO: Una de las muchas \u00e1reas de placas fotovoltaicas del megaparque de Iberdrola &#8216;Caparacena&#8217;, en Cac\u00edn y Ventas de Huelma, en construcci\u00f3n tras expropiar 600 parcelas.\u00a0<\/p>\n<\/div>\n<p>https:\/\/www.elindependientedegranada.es\/economia\/transicion-ecologica-impuesta-mas-2200-parcelas-expropiadas-provincia-dos-anos-parques<\/p>\n","protected":false},"excerpt":{"rendered":"<p>Las expropiaciones, amparadas en declaraciones de utilidad p\u00fablica de Junta y Gobierno central, abarcan a&#8230;<\/p>\n","protected":false},"author":1,"featured_media":78732,"comment_status":"closed","ping_status":"closed","sticky":false,"template":"","format":"standard","meta":{"_coblocks_attr":"","_coblocks_dimensions":"","_coblocks_responsive_height":"","_coblocks_accordion_ie_support":"","jetpack_post_was_ever_published":false,"_jetpack_newsletter_access":"","_jetpack_dont_email_post_to_subs":false,"_jetpack_newsletter_tier_id":0,"_jetpack_memberships_contains_paywalled_content":false,"_jetpack_memberships_contains_paid_content":false,"footnotes":"","jetpack_publicize_message":"","jetpack_publicize_feature_enabled":true,"jetpack_social_post_already_shared":true,"jetpack_social_options":{"image_generator_settings":{"template":"highway","default_image_id":0,"enabled":false},"version":2}},"categories":[10791,10804,186,44],"tags":[],"class_list":["post-78731","post","type-post","status-publish","format-standard","has-post-thumbnail","hentry","category-andalucia","category-cambio-climatico","category-instituciones","category-noticias-de-hoy"],"jetpack_publicize_connections":[],"jetpack_featured_media_url":"https:\/\/i0.wp.com\/miradordeatarfe.es\/wp-content\/uploads\/2025\/09\/iberdrola_cacin1.jpg?fit=750%2C351&ssl=1","jetpack_likes_enabled":true,"jetpack_sharing_enabled":true,"_links":{"self":[{"href":"https:\/\/miradordeatarfe.es\/index.php?rest_route=\/wp\/v2\/posts\/78731","targetHints":{"allow":["GET"]}}],"collection":[{"href":"https:\/\/miradordeatarfe.es\/index.php?rest_route=\/wp\/v2\/posts"}],"about":[{"href":"https:\/\/miradordeatarfe.es\/index.php?rest_route=\/wp\/v2\/types\/post"}],"author":[{"embeddable":true,"href":"https:\/\/miradordeatarfe.es\/index.php?rest_route=\/wp\/v2\/users\/1"}],"replies":[{"embeddable":true,"href":"https:\/\/miradordeatarfe.es\/index.php?rest_route=%2Fwp%2Fv2%2Fcomments&post=78731"}],"version-history":[{"count":1,"href":"https:\/\/miradordeatarfe.es\/index.php?rest_route=\/wp\/v2\/posts\/78731\/revisions"}],"predecessor-version":[{"id":78733,"href":"https:\/\/miradordeatarfe.es\/index.php?rest_route=\/wp\/v2\/posts\/78731\/revisions\/78733"}],"wp:featuredmedia":[{"embeddable":true,"href":"https:\/\/miradordeatarfe.es\/index.php?rest_route=\/wp\/v2\/media\/78732"}],"wp:attachment":[{"href":"https:\/\/miradordeatarfe.es\/index.php?rest_route=%2Fwp%2Fv2%2Fmedia&parent=78731"}],"wp:term":[{"taxonomy":"category","embeddable":true,"href":"https:\/\/miradordeatarfe.es\/index.php?rest_route=%2Fwp%2Fv2%2Fcategories&post=78731"},{"taxonomy":"post_tag","embeddable":true,"href":"https:\/\/miradordeatarfe.es\/index.php?rest_route=%2Fwp%2Fv2%2Ftags&post=78731"}],"curies":[{"name":"wp","href":"https:\/\/api.w.org\/{rel}","templated":true}]}}