{"id":78734,"date":"2025-09-26T10:29:17","date_gmt":"2025-09-26T08:29:17","guid":{"rendered":"https:\/\/miradordeatarfe.es\/?p=78734"},"modified":"2025-09-11T18:08:29","modified_gmt":"2025-09-11T16:08:29","slug":"arranca-la-comision-del-gobierno-para-el-eclipse-de-agosto-de-2026-un-evento-masivo-en-la-espana-vaciada","status":"publish","type":"post","link":"https:\/\/miradordeatarfe.es\/?p=78734","title":{"rendered":"Arranca la comisi\u00f3n del Gobierno para el eclipse de agosto de 2026: un evento masivo en la Espa\u00f1a vaciada"},"content":{"rendered":"<h2 class=\"a_st\" style=\"text-align: justify;\">El grupo de trabajo que re\u00fane a 13 ministerios se ha reunido este jueves por primera vez con el reto de garantizar la observaci\u00f3n segura del fen\u00f3meno, el primero de tres eclipses de m\u00e1xima categor\u00eda en los pr\u00f3ximos tres a\u00f1os<\/h2>\n<div class=\"a_c clearfix\" style=\"text-align: justify;\" data-dtm-region=\"articulo_cuerpo\">\n<p class=\"\">A falta de menos de un a\u00f1o para el primer eclipse total que cruzar\u00e1 la pen\u00ednsula Ib\u00e9rica desde 1905, el Gobierno ha reunido por primera vez a la <a title=\"https:\/\/elpais.com\/ciencia\/2025-07-29\/como-un-mundial-espana-movilizara-13-ministerios-ante-el-reto-inedito-de-los-eclipses-solares-totales-que-se-avecinan.html#?rel=mas_sumario\" href=\"https:\/\/elpais.com\/ciencia\/2025-07-29\/como-un-mundial-espana-movilizara-13-ministerios-ante-el-reto-inedito-de-los-eclipses-solares-totales-que-se-avecinan.html#?rel=mas_sumario\" target=\"_self\" rel=\"\" data-link-track-dtm=\"\" data-mrf-link=\"https:\/\/elpais.com\/ciencia\/2025-07-29\/como-un-mundial-espana-movilizara-13-ministerios-ante-el-reto-inedito-de-los-eclipses-solares-totales-que-se-avecinan.html\">comisi\u00f3n interministerial para el tr\u00edo de eclipses 2026-2027-2028 en Espa\u00f1a,<\/a> en el Real Observatorio Astron\u00f3mico de Madrid. El grupo de trabajo tendr\u00e1 como objetivo principal \u201cgarantizar que la observaci\u00f3n se desarrolle de manera segura y ordenada\u201d. Y es que el 12 de agosto de 2026 Espa\u00f1a <a title=\"https:\/\/elpais.com\/ciencia\/2025-08-12\/falta-un-ano-para-el-eclipse-del-siglo-hoy-es-el-dia-para-saber-donde-verlo.html\" href=\"https:\/\/elpais.com\/ciencia\/2025-08-12\/falta-un-ano-para-el-eclipse-del-siglo-hoy-es-el-dia-para-saber-donde-verlo.html\" target=\"_self\" rel=\"\" data-link-track-dtm=\"\" data-mrf-link=\"https:\/\/elpais.com\/ciencia\/2025-08-12\/falta-un-ano-para-el-eclipse-del-siglo-hoy-es-el-dia-para-saber-donde-verlo.html\">ser\u00e1 el \u00fanico pa\u00eds del mundo donde poder ver con garant\u00edas el pr\u00f3ximo eclipse total,<\/a> al que seguir\u00e1n otro el 2 de agosto de 2027 y uno anular el 26 de enero de 2028.<\/p>\n<p class=\"\">Las primeras estimaciones oficiales cifran en varios millones de personas la afluencia extra de turistas que llegar\u00e1n el pr\u00f3ximo a\u00f1o para contemplar uno de los pocos eclipses totales que pasar\u00e1 por Europa durante todo el siglo XXI. Adem\u00e1s, <a title=\"https:\/\/elpais.com\/ciencia\/2024-04-11\/espana-recibira-un-trio-de-eclipses-inedito-en-la-historia-moderna-entre-2026-y-2028.html#?rel=mas\" href=\"https:\/\/elpais.com\/ciencia\/2024-04-11\/espana-recibira-un-trio-de-eclipses-inedito-en-la-historia-moderna-entre-2026-y-2028.html#?rel=mas\" target=\"_blank\" rel=\"noopener\" data-link-track-dtm=\"\" data-mrf-link=\"https:\/\/elpais.com\/ciencia\/2024-04-11\/espana-recibira-un-trio-de-eclipses-inedito-en-la-historia-moderna-entre-2026-y-2028.html\">la carambola astron\u00f3mica de que tres eclipses de la m\u00e1xima categor\u00eda pasen en tres a\u00f1os seguidos por el mismo pa\u00eds<\/a> ha llevado al Ministerio de Ciencia, que encabeza Diana Morant, a impulsar una comisi\u00f3n espec\u00edfica \u2014cuya creaci\u00f3n aprob\u00f3 el Consejo de Ministros el pasado 29 de julio\u2014 para afrontar este reto organizativo, in\u00e9dito en la historia de Espa\u00f1a<\/p>\n<div id=\"elpais_gpt-INTEXT\" data-google-query-id=\"CL2HrfX8uY8DFVNdHQkdmJ0CDQ\">\n<div id=\"google_ads_iframe_7811748\/elpais_materia_web_6__container__\">El grupo de trabajo interministerial est\u00e1 presidido por Juan Cruz Cigudosa, secretario de Estado de Ciencia, Innovaci\u00f3n y Universidades, <a title=\"https:\/\/elpais.com\/ciencia\/2025-08-12\/juan-cruz-cigudosa-secretario-de-estado-de-ciencia-vendran-millones-de-personas-a-espana-a-ver-el-eclipse-de-2026.html#?rel=mas_sumario\" href=\"https:\/\/elpais.com\/ciencia\/2025-08-12\/juan-cruz-cigudosa-secretario-de-estado-de-ciencia-vendran-millones-de-personas-a-espana-a-ver-el-eclipse-de-2026.html#?rel=mas_sumario\" target=\"_blank\" rel=\"noopener\" data-link-track-dtm=\"\" data-mrf-link=\"https:\/\/elpais.com\/ciencia\/2025-08-12\/juan-cruz-cigudosa-secretario-de-estado-de-ciencia-vendran-millones-de-personas-a-espana-a-ver-el-eclipse-de-2026.html\">quien en una reciente entrevista a EL PA\u00cdS se\u00f1al\u00f3 que el eclipse solar del pr\u00f3ximo 12 de agosto<\/a> \u201cva a movilizar a much\u00edsima gente hacia zonas con mejor visibilidad, que van a coincidir adem\u00e1s con la Espa\u00f1a vaciada, con espacios de campo, praderas, l\u00edmites de bosques&#8230; en un periodo en el que, como estamos viendo estos d\u00edas, el riesgo de incendio es important\u00edsimo\u201d. Identificar los lugares de observaci\u00f3n recomendables y estimar con m\u00e1s precisi\u00f3n la afluencia y el n\u00famero de desplazamientos \u2014que se prev\u00e9n masivos\u2014 ser\u00e1n, seg\u00fan Cigudosa, algunos de los primeros retos de la comisi\u00f3n, cuya vicepresidencia ostenta Jos\u00e9 Antonio Santano, secretario de Estado de Transportes y Movilidad Sostenible.<\/div>\n<\/div>\n<p class=\"\">Adem\u00e1s de los ministerios de Ciencia y de Transportes, que coordinan la acci\u00f3n del Gobierno en este asunto, en la reuni\u00f3n de este jueves han estado presentes altos cargos de los ministerios de Defensa; Hacienda; Interior; Educaci\u00f3n, Formaci\u00f3n Profesional y Deportes; Industria y Turismo; Pol\u00edtica Territorial y Memoria Democr\u00e1tica; Transici\u00f3n Ecol\u00f3gica y Reto Demogr\u00e1fico; Cultura; Econom\u00eda, Comercio y Empresa; Sanidad y Derechos Sociales, y tambi\u00e9n del de Consumo y Agenda 2030. <a title=\"https:\/\/www.ciencia.gob.es\/Noticias\/2025\/julio\/creacion-comision-interministerial-trio-eclipses.html\" href=\"https:\/\/www.ciencia.gob.es\/Noticias\/2025\/julio\/creacion-comision-interministerial-trio-eclipses.html\" target=\"_blank\" rel=\"noopener\" data-link-track-dtm=\"\" data-mrf-link=\"https:\/\/www.ciencia.gob.es\/Noticias\/2025\/julio\/creacion-comision-interministerial-trio-eclipses.html\">En total, son 13 los ministerios que integran esta comisi\u00f3n.<\/a> Y en su primera reuni\u00f3n han intervenido tambi\u00e9n expertos del Observatorio Astron\u00f3mico Nacional, el Instituto de Astrof\u00edsica de Canarias y el Instituto de Astrof\u00edsica de Andaluc\u00eda.<\/p>\n<p class=\"\">Los retos organizativos, en el a\u00f1o escaso que resta, son m\u00faltiples. En las \u00faltimas d\u00e9cadas, se ha disparado el inter\u00e9s por los eclipses totales, lo que provoca atascos monumentales y multiplica el precio de los alojamientos <a title=\"https:\/\/elpais.com\/ciencia\/2025-07-05\/espana-ya-tiene-el-mapa-oficial-de-los-eclipses-totales-de-2026-y-2027-para-saber-donde-ir-a-verlos.html\" href=\"https:\/\/elpais.com\/ciencia\/2025-07-05\/espana-ya-tiene-el-mapa-oficial-de-los-eclipses-totales-de-2026-y-2027-para-saber-donde-ir-a-verlos.html\" target=\"_blank\" rel=\"noopener\" data-link-track-dtm=\"\" data-mrf-link=\"https:\/\/elpais.com\/ciencia\/2025-07-05\/espana-ya-tiene-el-mapa-oficial-de-los-eclipses-totales-de-2026-y-2027-para-saber-donde-ir-a-verlos.html\">en las zonas que abarca la banda de totalidad.<\/a> En algunas localidades id\u00f3neas para la observaci\u00f3n, las reservas hoteleras ya se han agotado. En los \u00faltimos eclipses en EE UU, esa saturaci\u00f3n y esa especulaci\u00f3n con los alojamientos \u2014y con las gafas de protecci\u00f3n\u2014 han venido acompa\u00f1adas no solo por un aumento del riesgo de incendios debido a las concentraciones masivas al aire libre, sino tambi\u00e9n por un incremento en los accidentes de tr\u00e1fico mortales.<\/p>\n<p class=\"\">Adem\u00e1s de \u201cun primer an\u00e1lisis de las necesidades para preparar, organizar y coordinar la observaci\u00f3n segura de este fen\u00f3meno astron\u00f3mico extraordinario\u201d y evitar problemas de protecci\u00f3n civil, en esta primera reuni\u00f3n Cigudosa ha hecho \u00e9nfasis en aprovechar las oportunidades de divulgaci\u00f3n cient\u00edfica, educaci\u00f3n y turismo cient\u00edfico que representa el tr\u00edo de eclipses: \u201cDebemos anticiparnos y prevenir riesgos, para lograr que los eclipses sean un fen\u00f3meno que ponga nuestro pa\u00eds en la escena global de la divulgaci\u00f3n cient\u00edfica y tambi\u00e9n de la promoci\u00f3n del astroturismo\u201d.<\/p>\n<p class=\"\"><a title=\"https:\/\/elpais.com\/ciencia\/2024-04-19\/los-eclipses-del-siglo-llegan-a-espana-los-expertos-piden-al-gobierno-un-plan-ya-para-evitar-el-caos-y-la-especulacion.html\" href=\"https:\/\/elpais.com\/ciencia\/2024-04-19\/los-eclipses-del-siglo-llegan-a-espana-los-expertos-piden-al-gobierno-un-plan-ya-para-evitar-el-caos-y-la-especulacion.html\" target=\"_self\" rel=\"\" data-link-track-dtm=\"\" data-mrf-link=\"https:\/\/elpais.com\/ciencia\/2024-04-19\/los-eclipses-del-siglo-llegan-a-espana-los-expertos-piden-al-gobierno-un-plan-ya-para-evitar-el-caos-y-la-especulacion.html\">Los expertos llevan tiempo reclamando un plan de acci\u00f3n al Gobierno central,<\/a> que deber\u00e1 optimizar la coordinaci\u00f3n con las 13 comunidades aut\u00f3nomas por las que transitar\u00e1 el eclipse total del 12 de agosto de 2026. El Ministerio de Ciencia ya ha iniciado los contactos de manera informal, y varias autonom\u00edas como Arag\u00f3n, Asturias y Catalu\u00f1a ya est\u00e1n poniendo en marcha sus propios planes de acci\u00f3n interdepartamentales. El siguiente paso del gobierno ser\u00e1 \u201ccontactar de manera inmediata a todas las comunidades aut\u00f3nomas afectadas para elaborar <a title=\"https:\/\/elpais.com\/ciencia\/2025-07-29\/el-primer-desafio-de-la-comision-de-los-tres-eclipses-precisar-la-afluencia-masiva-en-el-de-2026.html\" href=\"https:\/\/elpais.com\/ciencia\/2025-07-29\/el-primer-desafio-de-la-comision-de-los-tres-eclipses-precisar-la-afluencia-masiva-en-el-de-2026.html\" target=\"_blank\" rel=\"noopener\" data-link-track-dtm=\"\" data-mrf-link=\"https:\/\/elpais.com\/ciencia\/2025-07-29\/el-primer-desafio-de-la-comision-de-los-tres-eclipses-precisar-la-afluencia-masiva-en-el-de-2026.html\">una lista de sitios de observaci\u00f3n donde las medidas de prevenci\u00f3n y protecci\u00f3n est\u00e9n aseguradas<\/a>\u201d, en palabras de Cigudosa.<\/p>\n<\/div>\n<p style=\"text-align: justify;\"><a class=\"a_md_a_n\" title=\"Ver todas las noticias de Francisco Dom\u00e9nech\" href=\"https:\/\/elpais.com\/autor\/francisco-domenech-casteleiro\/#?rel=author_top\" data-mrf-link=\"https:\/\/elpais.com\/autor\/francisco-domenech-casteleiro\/\"><strong>Francisco Dom\u00e9nech<\/strong><\/a><\/p>\n<p style=\"text-align: justify;\">FOTO: M\u00e1ximo del anterior eclipse total, el 8 de abril de 2024, visto desde Lago Monroe (Indiana EE UU) cuando la luna tap\u00f3 el sol en el cielo.<span class=\"a_m_m\">Edward M. Pio Roda (Getty)<\/span><\/p>\n<p style=\"text-align: justify;\">https:\/\/elpais.com\/ciencia\/2025-08-28\/arranca-la-comision-del-gobierno-para-el-eclipse-de-agosto-de-2026-un-evento-masivo-en-la-espana-vaciada.html?sma=elboletindemateria_2025.08.30&#038;utm_medium=email&#038;utm_source=newsletter&#038;utm_campaign=elboletindemateria_2025.08.30<\/p>\n<div class=\"a_md _g _g-xs \">\n<figure class=\"a_md_i a_m-h c_m--nf\" style=\"text-align: justify;\"><\/figure>\n<div class=\"a_md_txt\">\n<div class=\"a_md_a\" data-dtm-region=\"articulo_firma\">\u00a0<\/div>\n<\/div>\n<\/div>\n","protected":false},"excerpt":{"rendered":"<p>El grupo de trabajo que re\u00fane a 13 ministerios se ha reunido este jueves por&#8230;<\/p>\n","protected":false},"author":1,"featured_media":78735,"comment_status":"closed","ping_status":"closed","sticky":false,"template":"","format":"standard","meta":{"_coblocks_attr":"","_coblocks_dimensions":"","_coblocks_responsive_height":"","_coblocks_accordion_ie_support":"","jetpack_post_was_ever_published":false,"_jetpack_newsletter_access":"","_jetpack_dont_email_post_to_subs":false,"_jetpack_newsletter_tier_id":0,"_jetpack_memberships_contains_paywalled_content":false,"_jetpack_memberships_contains_paid_content":false,"footnotes":"","jetpack_publicize_message":"","jetpack_publicize_feature_enabled":true,"jetpack_social_post_already_shared":true,"jetpack_social_options":{"image_generator_settings":{"template":"highway","default_image_id":0,"enabled":false},"version":2}},"categories":[10797,1161,44,6937],"tags":[],"class_list":["post-78734","post","type-post","status-publish","format-standard","has-post-thumbnail","hentry","category-ciencia","category-ciudadania","category-noticias-de-hoy","category-sociedad"],"jetpack_publicize_connections":[],"jetpack_featured_media_url":"https:\/\/i0.wp.com\/miradordeatarfe.es\/wp-content\/uploads\/2025\/09\/Screenshot-2025-09-02-at-13-29-53-Arranca-la-comision-del-Gobierno-para-el-eclipse-de-agosto-de-2026-un-evento-masivo-en-la-Espana-vaciada-Ciencia-EL-PAIS.png?fit=570%2C499&ssl=1","jetpack_likes_enabled":true,"jetpack_sharing_enabled":true,"_links":{"self":[{"href":"https:\/\/miradordeatarfe.es\/index.php?rest_route=\/wp\/v2\/posts\/78734","targetHints":{"allow":["GET"]}}],"collection":[{"href":"https:\/\/miradordeatarfe.es\/index.php?rest_route=\/wp\/v2\/posts"}],"about":[{"href":"https:\/\/miradordeatarfe.es\/index.php?rest_route=\/wp\/v2\/types\/post"}],"author":[{"embeddable":true,"href":"https:\/\/miradordeatarfe.es\/index.php?rest_route=\/wp\/v2\/users\/1"}],"replies":[{"embeddable":true,"href":"https:\/\/miradordeatarfe.es\/index.php?rest_route=%2Fwp%2Fv2%2Fcomments&post=78734"}],"version-history":[{"count":1,"href":"https:\/\/miradordeatarfe.es\/index.php?rest_route=\/wp\/v2\/posts\/78734\/revisions"}],"predecessor-version":[{"id":78736,"href":"https:\/\/miradordeatarfe.es\/index.php?rest_route=\/wp\/v2\/posts\/78734\/revisions\/78736"}],"wp:featuredmedia":[{"embeddable":true,"href":"https:\/\/miradordeatarfe.es\/index.php?rest_route=\/wp\/v2\/media\/78735"}],"wp:attachment":[{"href":"https:\/\/miradordeatarfe.es\/index.php?rest_route=%2Fwp%2Fv2%2Fmedia&parent=78734"}],"wp:term":[{"taxonomy":"category","embeddable":true,"href":"https:\/\/miradordeatarfe.es\/index.php?rest_route=%2Fwp%2Fv2%2Fcategories&post=78734"},{"taxonomy":"post_tag","embeddable":true,"href":"https:\/\/miradordeatarfe.es\/index.php?rest_route=%2Fwp%2Fv2%2Ftags&post=78734"}],"curies":[{"name":"wp","href":"https:\/\/api.w.org\/{rel}","templated":true}]}}