{"id":78738,"date":"2025-09-04T11:22:10","date_gmt":"2025-09-04T09:22:10","guid":{"rendered":"https:\/\/miradordeatarfe.es\/?p=78738"},"modified":"2025-09-03T10:07:32","modified_gmt":"2025-09-03T08:07:32","slug":"la-granada-malaguena-por-juan-de-dios-villanueva-roa","status":"publish","type":"post","link":"https:\/\/miradordeatarfe.es\/?p=78738","title":{"rendered":"\u00abLa Granada malague\u00f1a\u00bb por Juan de Dios Villanueva Roa"},"content":{"rendered":"<h3 style=\"text-align: justify;\"><strong>Poco a poco M\u00e1laga se va apoderando de la flor de la canela nazar\u00ed.<\/strong><\/h3>\n<p style=\"text-align: justify;\">Es f\u00e1cil ver en aeropuertos europeos carteles con Alhambra bajo letreros malague\u00f1os; los visitantes llegan en buses desde la vecina ciudad hasta Granada, que parece subsede, desembarcan, visitan durante unas horas, frecuentemente con picnic, dejan los envoltorios, paseo tur\u00edstico y regreso al litoral malague\u00f1o a seguir gastando all\u00e1 los dineros.<\/p>\n<p style=\"text-align: justify;\">Ahora nos enteramos de que la cadena propietaria de restaurantes y hoteles de lujo \u00danico Hotels muta el c\u00f3digo postal del establecimiento Finca La Bobadilla a M\u00e1laga por una cuesti\u00f3n de marketing, para potenciar la finca, porque parece que el nombre M\u00e1laga vende mejor que Granada, capital del Reino Nazar\u00ed otrora. Y as\u00ed, el \u00fanico restaurante con estrella Michel\u00edn de la provincia granadina y uno de los hoteles con m\u00e1s prestigio, pasan a tener apellidos boquerones.<\/p>\n<p style=\"text-align: justify;\">Y el alcalde de Loja, sede oficial de los territorios, est\u00e1 feliz porque \u2018est\u00e1n trabajando en la firma de un convenio de colaboraci\u00f3n que incluya actividades para abrir el hotel a los vecinos del pueblo\u2019. Nosotros ponemos la mano de obra, la barata a ser posible, y los otros se llevan la magra, porque lo que quieren es vender la imagen Andaluc\u00eda, que Granada se ve que no la da bien.<\/p>\n<p style=\"text-align: justify;\">Ah s\u00ed, la puerta de entrada de la finca la tiene por territorio archidon\u00e9s. Todo justificado. As\u00ed defendemos lo aut\u00f3ctono. Menos mal que Motril se mantiene firme y los restos de Salar no se mueven, que de lo contrario pronto los malagatizan tambi\u00e9n. A poco que nos descuidemos, la Dama de Baza saldr\u00e1 bailando con Antonio Banderas. Todos callados, que ya lo dijo en su d\u00eda aquella concejala del PP granadino, que el aeropuerto de M\u00e1laga est\u00e1 ah\u00ed mismo, para qu\u00e9 queremos nosotros m\u00e1s vuelos.<\/p>\n<p>FOTO: https:\/\/www.elcortodigital.es\/actualidad\/el-hotel-la-bobadilla-de-loja<\/p>\n","protected":false},"excerpt":{"rendered":"<p>Poco a poco M\u00e1laga se va apoderando de la flor de la canela nazar\u00ed. Es&#8230;<\/p>\n","protected":false},"author":1,"featured_media":78739,"comment_status":"closed","ping_status":"closed","sticky":false,"template":"","format":"standard","meta":{"_coblocks_attr":"","_coblocks_dimensions":"","_coblocks_responsive_height":"","_coblocks_accordion_ie_support":"","jetpack_post_was_ever_published":false,"_jetpack_newsletter_access":"","_jetpack_dont_email_post_to_subs":false,"_jetpack_newsletter_tier_id":0,"_jetpack_memberships_contains_paywalled_content":false,"_jetpack_memberships_contains_paid_content":false,"footnotes":"","jetpack_publicize_message":"","jetpack_publicize_feature_enabled":true,"jetpack_social_post_already_shared":true,"jetpack_social_options":{"image_generator_settings":{"template":"highway","default_image_id":0,"enabled":false},"version":2}},"categories":[1161,10781,9772,44,6937],"tags":[],"class_list":["post-78738","post","type-post","status-publish","format-standard","has-post-thumbnail","hentry","category-ciudadania","category-granada","category-opinion-de-juan-de-dios-villanueva","category-noticias-de-hoy","category-sociedad"],"jetpack_publicize_connections":[],"jetpack_featured_media_url":"https:\/\/i0.wp.com\/miradordeatarfe.es\/wp-content\/uploads\/2025\/09\/hotel-bobadilla-loja.jpg?fit=790%2C424&ssl=1","jetpack_likes_enabled":true,"jetpack_sharing_enabled":true,"_links":{"self":[{"href":"https:\/\/miradordeatarfe.es\/index.php?rest_route=\/wp\/v2\/posts\/78738","targetHints":{"allow":["GET"]}}],"collection":[{"href":"https:\/\/miradordeatarfe.es\/index.php?rest_route=\/wp\/v2\/posts"}],"about":[{"href":"https:\/\/miradordeatarfe.es\/index.php?rest_route=\/wp\/v2\/types\/post"}],"author":[{"embeddable":true,"href":"https:\/\/miradordeatarfe.es\/index.php?rest_route=\/wp\/v2\/users\/1"}],"replies":[{"embeddable":true,"href":"https:\/\/miradordeatarfe.es\/index.php?rest_route=%2Fwp%2Fv2%2Fcomments&post=78738"}],"version-history":[{"count":1,"href":"https:\/\/miradordeatarfe.es\/index.php?rest_route=\/wp\/v2\/posts\/78738\/revisions"}],"predecessor-version":[{"id":78740,"href":"https:\/\/miradordeatarfe.es\/index.php?rest_route=\/wp\/v2\/posts\/78738\/revisions\/78740"}],"wp:featuredmedia":[{"embeddable":true,"href":"https:\/\/miradordeatarfe.es\/index.php?rest_route=\/wp\/v2\/media\/78739"}],"wp:attachment":[{"href":"https:\/\/miradordeatarfe.es\/index.php?rest_route=%2Fwp%2Fv2%2Fmedia&parent=78738"}],"wp:term":[{"taxonomy":"category","embeddable":true,"href":"https:\/\/miradordeatarfe.es\/index.php?rest_route=%2Fwp%2Fv2%2Fcategories&post=78738"},{"taxonomy":"post_tag","embeddable":true,"href":"https:\/\/miradordeatarfe.es\/index.php?rest_route=%2Fwp%2Fv2%2Ftags&post=78738"}],"curies":[{"name":"wp","href":"https:\/\/api.w.org\/{rel}","templated":true}]}}