{"id":78758,"date":"2025-09-15T09:10:53","date_gmt":"2025-09-15T07:10:53","guid":{"rendered":"https:\/\/miradordeatarfe.es\/?p=78758"},"modified":"2025-09-04T19:14:40","modified_gmt":"2025-09-04T17:14:40","slug":"renaturalizar-la-ciudad-es-recuperar-el-oxigeno-las-seis-arquitectas-que-han-convertido-una-calle-de-barcelona-en-jardin-publico","status":"publish","type":"post","link":"https:\/\/miradordeatarfe.es\/?p=78758","title":{"rendered":"\u201cRenaturalizar la ciudad es recuperar el ox\u00edgeno\u201d: las seis arquitectas que han convertido una calle de Barcelona en jard\u00edn p\u00fablico"},"content":{"rendered":"<div class=\"a_e_txt _df\">\n<h2 class=\"a_st\">Repensar la relaci\u00f3n de las urbes con la naturaleza es el gran reto para afrontar el impacto del cambio clim\u00e1tico en las ciudades y ganar calidad de vida para sus vecinos<\/h2>\n<\/div>\n<div class=\"a_c clearfix\" data-dtm-region=\"articulo_cuerpo\">\n<p class=\"\">Se llaman <a title=\"https:\/\/elpais.com\/espana\/catalunya\/2021-03-21\/cierto-estudio-seis-arquitectas-que-estan-transformando-barcelona.html\" href=\"https:\/\/elpais.com\/espana\/catalunya\/2021-03-21\/cierto-estudio-seis-arquitectas-que-estan-transformando-barcelona.html\" target=\"_blank\" rel=\"noopener\" data-link-track-dtm=\"\" data-mrf-link=\"https:\/\/elpais.com\/espana\/catalunya\/2021-03-21\/cierto-estudio-seis-arquitectas-que-estan-transformando-barcelona.html\">Cierto Estudio porque quieren ser certeras<\/a> y, a la vez, humildes. Ofrecen soluciones dom\u00e9sticas y urbanas que est\u00e1n alterando la manera de vivir, el urbanismo e incluso el civismo. Nacidas en Barcelona \u2014menos Marta Benedicto, que es de Tarragona\u2014, tienen 37 a\u00f1os y todas han vivido fuera de Espa\u00f1a, han reaprendido a mirar la ciudad y han cambiado de opini\u00f3n. Esto \u00faltimo es importante. \u201cNosotras nos mov\u00edamos en moto. Hoy llegamos al estudio en bicicleta. Barcelona ha cambiado para que eso sea posible y hemos sabido aprovechar esos cambios\u201d, explica Benedicto.<\/p>\n<p class=\"\">Las seis proyectistas que forman el estudio, <a title=\"https:\/\/elpais.com\/icon-design\/arquitectura\/2023-08-23\/es-posible-una-arquitectura-feminista-el-despacho-de-mujeres-que-transforma-la-convivencia.html\" href=\"https:\/\/elpais.com\/icon-design\/arquitectura\/2023-08-23\/es-posible-una-arquitectura-feminista-el-despacho-de-mujeres-que-transforma-la-convivencia.html\" target=\"_self\" rel=\"\" data-link-track-dtm=\"\" data-mrf-link=\"https:\/\/elpais.com\/icon-design\/arquitectura\/2023-08-23\/es-posible-una-arquitectura-feminista-el-despacho-de-mujeres-que-transforma-la-convivencia.html\">Carlota de Gispert, Ivet Gasol, Anna Llonch, Luc\u00eda Millet, Marta Benedicto y Clara Vidal<\/a> se conocieron en la escuela de arquitectura de Barcelona, <a title=\"https:\/\/elpais.com\/diario\/1989\/12\/22\/cultura\/630284408_850215.html\" href=\"https:\/\/elpais.com\/diario\/1989\/12\/22\/cultura\/630284408_850215.html\" target=\"_self\" rel=\"\" data-link-track-dtm=\"\" data-mrf-link=\"https:\/\/elpais.com\/diario\/1989\/12\/22\/cultura\/630284408_850215.html\">la ETSAB<\/a>. \u201cNos gustaban los mismos profesores, gente como Xavier Monteys, que nos ense\u00f1\u00f3 la estrecha relaci\u00f3n que existe entre la calle y la casa\u201d. Ganaron su primer concurso, la <a title=\"https:\/\/elpais.com\/espana\/catalunya\/2023-09-08\/los-vecinos-de-la-calle-peatonal-de-barcelona-que-una-sentencia-obliga-a-revertir-que-les-molesta-si-esto-es-una-maravilla.html\" href=\"https:\/\/elpais.com\/espana\/catalunya\/2023-09-08\/los-vecinos-de-la-calle-peatonal-de-barcelona-que-una-sentencia-obliga-a-revertir-que-les-molesta-si-esto-es-una-maravilla.html\" target=\"_self\" rel=\"\" data-link-track-dtm=\"\" data-mrf-link=\"https:\/\/elpais.com\/espana\/catalunya\/2023-09-08\/los-vecinos-de-la-calle-peatonal-de-barcelona-que-una-sentencia-obliga-a-revertir-que-les-molesta-si-esto-es-una-maravilla.html\">peatonalizaci\u00f3n de la calle Consell de Cent<\/a> en el Eixample, explicando que quer\u00edan convertir la v\u00eda en una estancia m\u00e1s de las viviendas.<\/p>\n<figure class=\"a_m a_m-v \"><span class=\"_db a_m_w _pr lb_btn\"><img data-recalc-dims=\"1\" loading=\"lazy\" decoding=\"async\" class=\"_re lazyload a_m-v alignleft\" src=\"https:\/\/i0.wp.com\/imagenes.elpais.com\/resizer\/v2\/KS3AITIEJBB6NJNQAHNLT7DGJA.jpg?resize=414%2C518&#038;ssl=1\" sizes=\"auto, (min-width:1199px) 1155px,(min-width:1001px) calc(100vw - 44px),(min-width:768px) 767px, 100vw\" srcset=\"https:\/\/imagenes.elpais.com\/resizer\/v2\/KS3AITIEJBB6NJNQAHNLT7DGJA.jpg?auth=6e5166ef468a0abf38897ee26478f5a1b5078983d67d33cb069cb6e2b4fe6953&amp;width=414 414w,https:\/\/imagenes.elpais.com\/resizer\/v2\/KS3AITIEJBB6NJNQAHNLT7DGJA.jpg?auth=6e5166ef468a0abf38897ee26478f5a1b5078983d67d33cb069cb6e2b4fe6953&amp;width=828 640w,https:\/\/imagenes.elpais.com\/resizer\/v2\/KS3AITIEJBB6NJNQAHNLT7DGJA.jpg?auth=6e5166ef468a0abf38897ee26478f5a1b5078983d67d33cb069cb6e2b4fe6953&amp;width=980 1000w,https:\/\/imagenes.elpais.com\/resizer\/v2\/KS3AITIEJBB6NJNQAHNLT7DGJA.jpg?auth=6e5166ef468a0abf38897ee26478f5a1b5078983d67d33cb069cb6e2b4fe6953&amp;width=1960 1960w\" alt=\"Jard\u00edn interior del edi ficio de vivienda social de la plaza de las Gl\u00f2ries, proyecto de Cierto Estudio.\" width=\"414\" height=\"518\" \/><\/span><figcaption class=\"a_m_p\" aria-hidden=\"true\">Jard\u00edn interior del edi ficio de vivienda social de la plaza de las Gl\u00f2ries, proyecto de Cierto Estudio.<span class=\"a_m_m\">Vicens Gimenez (\u00a9 Vicens Gimenez)<\/span><\/figcaption><\/figure>\n<p class=\"\">Cuando hac\u00edan el proyecto de final de carrera comenzaron a compartir espacio. \u201cPag\u00e1bamos el alquiler entre todas y nos ayud\u00e1bamos\u201d. Sacaban el dinero de la media jornada que trabajaban en otros despachos. \u201cLleg\u00e1bamos a las cuatro y nos qued\u00e1bamos hasta las doce de la noche\u201d. \u201cEs cierto que hemos ganado siete concursos. Pero tambi\u00e9n que nos hemos presentado a 80. Con el tiempo hemos aprendido a poner l\u00edmites. Lo damos todo, pero sin volvernos locas\u201d, explica De Gispert.<\/p>\n<p class=\"\">\u2014\u00bfHacer arquitectura no es rentable?<\/p>\n<p class=\"\">\u2014Se junta la cantidad de concursos a los que tienes que presentarte para ganar alguno con la autoexigencia, porque cada revisi\u00f3n mejora lo que haces. Venimos de una generaci\u00f3n en la que el sacrificio ennoblec\u00eda. <a title=\"https:\/\/elpais.com\/actualidad\/newsletter-kiko-llaneras\/2023-02-05\/la-generacion-z-quiere-salir-temprano-del-trabajo-y-eso-tambien-es-progreso.html\" href=\"https:\/\/elpais.com\/actualidad\/newsletter-kiko-llaneras\/2023-02-05\/la-generacion-z-quiere-salir-temprano-del-trabajo-y-eso-tambien-es-progreso.html\" target=\"_self\" rel=\"\" data-link-track-dtm=\"\" data-mrf-link=\"https:\/\/elpais.com\/actualidad\/newsletter-kiko-llaneras\/2023-02-05\/la-generacion-z-quiere-salir-temprano-del-trabajo-y-eso-tambien-es-progreso.html\">La que viene ahora piensa distinto<\/a>. Las becarias, a las que pagamos \u2014aclara De Gispert\u2014, nos han hecho poner en valor nuestro tiempo libre. El resultado es que hemos crecido m\u00e1s lentamente. Pero puede que con pasos m\u00e1s firmes.<\/p>\n<p class=\"\">Ten\u00edan 28 a\u00f1os cuando ganaron un concurso destinado a dignificar la vivienda p\u00fablica arreglando, adem\u00e1s, el barrio barcelon\u00e9s de Gl\u00f2ries. Su idea era un patio compartido y viviendas sin jerarqu\u00edas. \u201cDurante d\u00e9cadas se ha repetido un modelo de piso. \u00bfPor qu\u00e9 la habitaci\u00f3n de matrimonio tiene que ser la m\u00e1s grande, si los hijos necesitan espacio para estudiar? \u00bfPor qu\u00e9 los pasillos no pueden utilizarse para no desperdiciar metros cuadrados?\u201d, dice De Gispert. En <a title=\"https:\/\/elpais.com\/espana\/catalunya\/2025-04-26\/asi-es-el-nuevo-parque-de-glories-de-barcelona.html\" href=\"https:\/\/elpais.com\/espana\/catalunya\/2025-04-26\/asi-es-el-nuevo-parque-de-glories-de-barcelona.html\" target=\"_self\" rel=\"\" data-link-track-dtm=\"\" data-mrf-link=\"https:\/\/elpais.com\/espana\/catalunya\/2025-04-26\/asi-es-el-nuevo-parque-de-glories-de-barcelona.html\">Gl\u00f2ries<\/a>, Cierto Estudio reinterpret\u00f3 la manzana del ensanche barcelon\u00e9s que ideara Cerd\u00e0: sus bloques de viviendas est\u00e1n atravesados por una calle peatonal que es un jard\u00edn p\u00fablico. Esa idea de fundir barrio y vivienda es, para ellas, sin\u00f3nimo de calidad de vida. Pone a las personas por delante del miedo al otro y por delante de la rentabilidad econ\u00f3mica.<\/p>\n<figure class=\"a_m a_m-v \"><span class=\"_db a_m_w _pr lb_btn\"><img data-recalc-dims=\"1\" loading=\"lazy\" decoding=\"async\" class=\"_re lazyload a_m-v alignright\" src=\"https:\/\/i0.wp.com\/imagenes.elpais.com\/resizer\/v2\/TASYYSGLLJCUPKFUZIWUID3LPU.jpg?resize=414%2C621&#038;ssl=1\" sizes=\"auto, (min-width:1199px) 1155px,(min-width:1001px) calc(100vw - 44px),(min-width:768px) 767px, 100vw\" srcset=\"https:\/\/imagenes.elpais.com\/resizer\/v2\/TASYYSGLLJCUPKFUZIWUID3LPU.jpg?auth=b95f67db36a5a8ba6374fe301292d7eb773910f4350b62289e3a1a208ac65837&amp;width=414 414w,https:\/\/imagenes.elpais.com\/resizer\/v2\/TASYYSGLLJCUPKFUZIWUID3LPU.jpg?auth=b95f67db36a5a8ba6374fe301292d7eb773910f4350b62289e3a1a208ac65837&amp;width=828 640w,https:\/\/imagenes.elpais.com\/resizer\/v2\/TASYYSGLLJCUPKFUZIWUID3LPU.jpg?auth=b95f67db36a5a8ba6374fe301292d7eb773910f4350b62289e3a1a208ac65837&amp;width=980 1000w,https:\/\/imagenes.elpais.com\/resizer\/v2\/TASYYSGLLJCUPKFUZIWUID3LPU.jpg?auth=b95f67db36a5a8ba6374fe301292d7eb773910f4350b62289e3a1a208ac65837&amp;width=1960 1960w\" alt=\"Azotea del edificio de vivienda social de Cierto Estudio en la plaza de las Gl\u00f2ries\nde Barcelona.\" width=\"414\" height=\"621\" \/><\/span><figcaption class=\"a_m_p\" aria-hidden=\"true\">Azotea del edificio de vivienda social de Cierto Estudio en la plaza de las Gl\u00f2ries de Barcelona.<span class=\"a_m_m\">Vicens Gim\u00e9nez<\/span><\/figcaption><\/figure>\n<p class=\"\">En Gl\u00f2ries construyeron su edificio con estructura de madera. \u201cEn 2017 era el inmueble de madera m\u00e1s alto que hab\u00eda en Espa\u00f1a y la madera transforma el CO2 en ox\u00edgeno\u201d. El pino de esa estructura proviene de bosques reforestados gallegos. Con todo, consideran que, para actualizar las viviendas, m\u00e1s importante que la sostenibilidad es repensar su distribuci\u00f3n. \u201cSobre sostenibilidad ya existe concienciaci\u00f3n. En cambio, el c\u00f3digo t\u00e9cnico de habitabilidad contin\u00faa basado en una vivienda de antes. La sociedad va m\u00e1s r\u00e1pida que las normas. <a title=\"https:\/\/elpais.com\/cultura\/2024-12-14\/madera-sostenibilidad-y-un-patio-para-la-vida-vecinal-asi-son-las-viviendas-sociales-de-cornella-que-ganan-premios-de-arquitectura.html\" href=\"https:\/\/elpais.com\/cultura\/2024-12-14\/madera-sostenibilidad-y-un-patio-para-la-vida-vecinal-asi-son-las-viviendas-sociales-de-cornella-que-ganan-premios-de-arquitectura.html\" target=\"_self\" rel=\"\" data-link-track-dtm=\"\" data-mrf-link=\"https:\/\/elpais.com\/cultura\/2024-12-14\/madera-sostenibilidad-y-un-patio-para-la-vida-vecinal-asi-son-las-viviendas-sociales-de-cornella-que-ganan-premios-de-arquitectura.html\">Hace un siglo que las viviendas sociales repiten un mismo esquema<\/a>. Como si la vida y las familias no hubieran cambiado\u201d, apunta De Gispert. Ellas hablan de dise\u00f1ar con perspectiva de g\u00e9nero.<\/p>\n<p class=\"\">\u2014Yo escribo \u201cperspectiva de g\u00e9nero\u201d y pierdo cien lectores.<\/p>\n<p class=\"\">\u2014Nos sucede lo mismo con el urbanismo feminista, que no es m\u00e1s que un urbanismo que nos tenga en cuenta a todos: hombres y mujeres, ni\u00f1os y ancianos para dise\u00f1ar las zonas de descanso y la velocidad de la ciudad. Las palabras est\u00e1n politizadas. Hay gente que prefiere decir que hacemos urbanismo feminista a que hacemos urbanismo para todos. Pero es lo mismo.<\/p>\n<p class=\"\">Romper una manzana del Eixample, atravesarla por un pasaje ajardinado, es a la vez revolucionario y una actualizaci\u00f3n de la tradici\u00f3n. \u201c<a title=\"https:\/\/elpais.com\/espana\/catalunya\/2020-12-16\/cerda-vidas-que-no-importan-y-la-pandemia.html\" href=\"https:\/\/elpais.com\/espana\/catalunya\/2020-12-16\/cerda-vidas-que-no-importan-y-la-pandemia.html\" target=\"_self\" rel=\"\" data-link-track-dtm=\"\" data-mrf-link=\"https:\/\/elpais.com\/espana\/catalunya\/2020-12-16\/cerda-vidas-que-no-importan-y-la-pandemia.html\">El ensanche que dise\u00f1\u00f3 Ildefons Cerd\u00e0<\/a> ten\u00eda parques en el interior de todas las islas. Nunca se cumpli\u00f3, pero Barcelona lo est\u00e1 corrigiendo. Nuestra responsabilidad como arquitectos es no aislar a los ciudadanos\u201d, explica De Gispert. \u201cLos efectos de que la gente conviva son inmediatos. Con un banco al sol o un \u00e1rbol que da sombra aflora el civismo. Los edificios de obra nueva deben mostrar qu\u00e9 modelo de ciudad y convivencia defienden\u201d.<\/p>\n<figure class=\"a_m a_m-v \"><span class=\"_db a_m_w _pr lb_btn\"><img data-recalc-dims=\"1\" loading=\"lazy\" decoding=\"async\" class=\"_re lazyload a_m-v alignleft\" src=\"https:\/\/i0.wp.com\/imagenes.elpais.com\/resizer\/v2\/5YCN2QWISJF6RKBS7N5V7UXIDQ.jpg?resize=414%2C581&#038;ssl=1\" sizes=\"auto, (min-width:1199px) 1155px,(min-width:1001px) calc(100vw - 44px),(min-width:768px) 767px, 100vw\" srcset=\"https:\/\/imagenes.elpais.com\/resizer\/v2\/5YCN2QWISJF6RKBS7N5V7UXIDQ.jpg?auth=0223e172eef75ad92aa157c1610b088def45365a12a3fc108362aac35432fcab&amp;width=414 414w,https:\/\/imagenes.elpais.com\/resizer\/v2\/5YCN2QWISJF6RKBS7N5V7UXIDQ.jpg?auth=0223e172eef75ad92aa157c1610b088def45365a12a3fc108362aac35432fcab&amp;width=828 640w,https:\/\/imagenes.elpais.com\/resizer\/v2\/5YCN2QWISJF6RKBS7N5V7UXIDQ.jpg?auth=0223e172eef75ad92aa157c1610b088def45365a12a3fc108362aac35432fcab&amp;width=980 1000w,https:\/\/imagenes.elpais.com\/resizer\/v2\/5YCN2QWISJF6RKBS7N5V7UXIDQ.jpg?auth=0223e172eef75ad92aa157c1610b088def45365a12a3fc108362aac35432fcab&amp;width=1960 1960w\" alt=\"La calle Consell de Cent, en Barcelona, una de las v\u00edas que atraviesan el Eixample.\" width=\"414\" height=\"581\" \/><\/span><figcaption class=\"a_m_p\" aria-hidden=\"true\">La calle Consell de Cent, en Barcelona, una de las v\u00edas que atraviesan el Eixample.<span class=\"a_m_m\">Vicens Gim\u00e9nez<\/span><\/figcaption><\/figure>\n<p class=\"\">Opinan que, tanto en Latinoam\u00e9rica como en algunas zonas de Espa\u00f1a, las urbanizaciones en torno a una zona ajardinada privada son la no ciudad. \u201cSon b\u00fankeres. Hablan del miedo al otro\u201d. \u201cEs cierto que tener zonas verdes abiertas supone un coste en mantenimiento, pero fomenta un modelo urbano de cohesi\u00f3n social. Creemos que no solo los ayuntamientos deben crear y proteger los espacios de convivencia. La apuesta privada por compartirlos mejora las ciudades\u201d.<\/p>\n<p class=\"\">En la peatonalizaci\u00f3n de casi tres kil\u00f3metros de la calle Consell de Cent de Barcelona se plantearon si la seguridad consist\u00eda en poner rejas o en poder caminar sin miedo. \u201cNos presentamos al concurso justo despu\u00e9s de la pandemia. No todo el mundo tiene terraza. Era necesario reconquistar la ciudad\u201d, se\u00f1ala Benedicto. Se dieron cuenta de que en todo el Eixample no hab\u00eda ni un solo banco para sentarse. Y empezaron por ponerlos. \u201cEntendemos que la calle no es un parque, pero puede ser un espacio con vegetaci\u00f3n. Un \u00e1rbol aguanta la humedad y forma una c\u00fapula de sombra que rebaja la temperatura y el ruido. Esa es otra clave de buena convivencia\u201d, sigue Benedicto.<\/p>\n<p class=\"\">\u00bfPor qu\u00e9 existe resistencia a algo que beneficia a todos? \u201cEs habitual pensar que si una calle se peatonaliza la de al lado doblar\u00e1 su tr\u00e1fico. Pero est\u00e1 medido, no ocurre. Lo que sucede es que cada vez se utiliza menos el coche particular para moverse por la ciudad\u201d.<\/p>\n<p class=\"\">Ellas ganaron el concurso alegando que la \u00faltima estancia de una vivienda estaba en la calle. Esa idea es m\u00e1s una ambici\u00f3n social que una forma arquitect\u00f3nica. Y eso tambi\u00e9n es un cambio de paradigma: \u201cPensamos en la vida de la gente por encima de la forma de las calles. Cuando inauguramos la peatonalizaci\u00f3n nos dimos cuenta de que daba igual qui\u00e9n la hubiese hecho\u201d, explica De Gispert. \u201c\u00c9xito es ver c\u00f3mo la gente agradece tener una mesa para cenar en la calle. C\u00f3mo la recogen y la dejan limpia. Con espacio para la gente en las calles nos volvemos m\u00e1s amables. Nos conocemos. Aprendemos a convivir. Los valores de una vida mejor afloran\u201d.<\/p>\n<p class=\"\">Asocian la vida mejor a quedarse en la calle. A caminar y a pedalear. \u201cEsto no es una moda. Igual que llegaron los coches, han llegado las bicicletas\u201d, insiste De Gispert, que, embarazada, sigue pedaleando. \u201cEn Barcelona ha costado aprender a convivir con las bicicletas. Pero todos nos beneficiamos de vivir con menos ruido y poluci\u00f3n\u201d.<\/p>\n<p class=\"\">\u201cNosotras no somos activistas de ning\u00fan movimiento ciudadano. Pero hemos visto cambiar la ciudad y hemos cambiado con ella\u201d, explica Benedicto. \u201cAgradecemos los circuitos para llegar al trabajo pedaleando. Los utilizamos y, como arquitectas, los fomentamos\u201d.<\/p>\n<p class=\"\">Advierte de que las buenas ideas acaban politiz\u00e1ndose, que cambian los partidos y alteran los nombres de las iniciativas. \u201cPero la restricci\u00f3n de los coches y la renaturalizaci\u00f3n de las calles no tienen vuelta atr\u00e1s. Lo llamen como lo llamen\u201d. De Gispert sostiene que el Eixample barcelon\u00e9s ha ido cambiando, \u201caunque la gente se pensaba que no pod\u00eda cambiar, la gente que lo critica dentro de unos a\u00f1os pensar\u00e1: \u00bfc\u00f3mo puede ser que no lo vi\u00e9ramos?\u201d.<\/p>\n<p class=\"\">Cada una de las seis socias <a title=\"https:\/\/elpais.com\/economia\/2019\/07\/01\/actualidad\/1562002933_303480.html\" href=\"https:\/\/elpais.com\/economia\/2019\/07\/01\/actualidad\/1562002933_303480.html\" target=\"_self\" rel=\"\" data-link-track-dtm=\"\" data-mrf-link=\"https:\/\/elpais.com\/economia\/2019\/07\/01\/actualidad\/1562002933_303480.html\">pas\u00f3 un a\u00f1o de Erasmus<\/a> en una ciudad distinta: Oslo, Glasgow, M\u00fanich, Par\u00eds\u2026 Por eso hablan de ampliar la mirada, de coger lo bueno y evitar lo malo. \u00bfY qu\u00e9 es lo malo? Los urbanismos cerrados, el exceso de c\u00e1maras. \u201cDefendemos un urbanismo sano: calles en las que la gente quiera quedarse. Ni\u00f1os jugando en las calles m\u00e1s que zonas de juegos para ni\u00f1os\u201d.<\/p>\n<p class=\"\">Confiesan la ambici\u00f3n de trabajar en el norte de Europa. De momento, han ganado un concurso para construir 139 viviendas y una residencia de estudiantes en Burdeos. \u201cEn ciudades como Par\u00eds tienen m\u00e1s carriles bici. Pero en renaturalizaci\u00f3n y pacificaci\u00f3n gana Barcelona\u201d, explica Benedicto, que actualmente vive en la capital francesa. Renaturalizar es recuperar el ox\u00edgeno. Que crezca la vegetaci\u00f3n. Por pacificaci\u00f3n entienden calles con plataforma \u00fanica, con todo, calzada y acera, al mismo nivel. Eso reduce la velocidad y hace que quien se desplaza en silla de ruedas se pueda mover con la facilidad de quien camina.<\/p>\n<p class=\"\">\u201cEspa\u00f1a \u2014Bilbao, Vitoria, Barcelona o Valencia\u2014 tiene una tradici\u00f3n de urbanizaci\u00f3n con est\u00e1ndares muy altos. En Par\u00eds est\u00e1n acostumbrados a asfaltarlo todo, incluso las aceras, y ahora, con el cambio clim\u00e1tico, empiezan a padecer el calor que se acumula en el asfalto y su incapacidad para absorber la humedad\u201d, dice Benedicto. Una de las claves de su intervenci\u00f3n en la peatonalizaci\u00f3n de la calle Consell de Cent son los SUDS (sistema urbano de drenaje sostenible), macroparterres que ayudan a descargar la red de drenaje para infiltrar el agua en el subsuelo e ir luego solt\u00e1ndola cuando es necesaria. \u201cUna parte esencial del urbanismo no se ve. Ahora, lo que est\u00e1 bien debajo define lo que suceder\u00e1 arriba\u201d.<\/p>\n<p class=\"\">Creen que han ganado concursos porque su inexperiencia no las hac\u00eda esclavas de ideolog\u00edas urban\u00edsticas. \u201cNuestras ideas son m\u00e1s de usuarias que de proyectistas. Las mujeres con frecuencia tenemos un lado muy pr\u00e1ctico. Nuestra arquitectura busca cuidar al usuario\u201d, dicen. Ni son hijas de arquitectos \u2014solo una, Anna\u2014 ni ninguna est\u00e1 casada con uno. Puede parecer una an\u00e9cdota, pero tambi\u00e9n construye un cambio de paradigma. \u201cQue nuestras parejas no sean arquitectos nos ha ampliado el punto de vista. Nos encanta llegar a casa y pensar en otra cosa\u201d, coinciden. Aunque reconocen: \u201cNuestras parejas son ya un poco arquitectos: est\u00e1n acostumbrados a fijarse en la ciudad. Nos han ayudado mucho\u201d.<\/p>\n<p class=\"\">Tambi\u00e9n han trabajado con otros estudios. En la peatonalizaci\u00f3n de Consell de Cent colaboraron con B67 y con los paisajistas de Lea Atelier. En las viviendas de Gl\u00f2ries, <a title=\"https:\/\/elpais.com\/espana\/catalunya\/2025-03-17\/fira-de-barcelona-da-un-salto-arquitectonico-en-vistas-al-centenario-de-la-exposicion-de-1929.html\" href=\"https:\/\/elpais.com\/espana\/catalunya\/2025-03-17\/fira-de-barcelona-da-un-salto-arquitectonico-en-vistas-al-centenario-de-la-exposicion-de-1929.html\" target=\"_self\" rel=\"\" data-link-track-dtm=\"\" data-mrf-link=\"https:\/\/elpais.com\/espana\/catalunya\/2025-03-17\/fira-de-barcelona-da-un-salto-arquitectonico-en-vistas-al-centenario-de-la-exposicion-de-1929.html\">los paisajistas fueron Beatriz Borque y Miquel Marin\u00e9<\/a>. Defienden una vegetaci\u00f3n asilvestrada, natural y de f\u00e1cil mantenimiento. Su sue\u00f1o c\u00edvico es el que se da en los parques de Par\u00eds, donde el usuario coge la silla y la pone donde quiere: mirando un estanque, bajo la sombra de un \u00e1rbol o junt\u00e1ndola con la de otros. Y concluyen: \u201cNos interesa el dise\u00f1o sin preconcepciones, sin imposiciones. Cuanto m\u00e1s nos apropiemos del espacio com\u00fan, m\u00e1s civismo va a haber. No esperes que te lo limpien, d\u00e9jalo limpio. Es importante sentir que la ciudad es tuya. Las calles no son solo para llegar a los sitios. Son un lugar de convivencia. Por eso defendemos tratar la calle como lo que es: una extensi\u00f3n de tu casa\u201d.<\/p>\n<\/div>\n<p><a class=\"a_md_a_n\" title=\"Ver todas las noticias de Anatxu Zabalbeascoa\" href=\"https:\/\/elpais.com\/autor\/anatxu-zabalbeascoa\/#?rel=author_top\" data-mrf-link=\"https:\/\/elpais.com\/autor\/anatxu-zabalbeascoa\/\">Anatxu Zabalbeascoa<\/a><\/p>\n<div class=\"a_e_txt _df\">\n<p class=\"a_st\">FOTO: Las arquitectas de Cierto Estudio, frente al edificio de vivienda social de la renovada plaza de de las Gl\u00f2ries, en Barcelona. De pie, de izquierda a derecha, Luc\u00eda Millet, Marta Benedicto, Anna Llonch y Clara Vidal con su hijo Gabriel. Sentadas, Carlota de Gispert e Ivet Gasol.<\/p>\n<p>https:\/\/elpais.com\/eps\/personajes\/2025-05-24\/renaturalizar-la-ciudad-es-recuperar-el-oxigeno-las-seis-arquitectas-que-han-convertido-una-calle-de-barcelona-en-jardin-publico.html<\/p>\n<\/div>\n","protected":false},"excerpt":{"rendered":"<p>Repensar la relaci\u00f3n de las urbes con la naturaleza es el gran reto para afrontar&#8230;<\/p>\n","protected":false},"author":1,"featured_media":78759,"comment_status":"closed","ping_status":"closed","sticky":false,"template":"","format":"standard","meta":{"_coblocks_attr":"","_coblocks_dimensions":"","_coblocks_responsive_height":"","_coblocks_accordion_ie_support":"","jetpack_post_was_ever_published":false,"_jetpack_newsletter_access":"","_jetpack_dont_email_post_to_subs":false,"_jetpack_newsletter_tier_id":0,"_jetpack_memberships_contains_paywalled_content":false,"_jetpack_memberships_contains_paid_content":false,"footnotes":"","jetpack_publicize_message":"","jetpack_publicize_feature_enabled":true,"jetpack_social_post_already_shared":true,"jetpack_social_options":{"image_generator_settings":{"template":"highway","default_image_id":0,"enabled":false},"version":2}},"categories":[1161,186,9,44],"tags":[],"class_list":["post-78758","post","type-post","status-publish","format-standard","has-post-thumbnail","hentry","category-ciudadania","category-instituciones","category-medio-ambiente","category-noticias-de-hoy"],"jetpack_publicize_connections":[],"jetpack_featured_media_url":"https:\/\/i0.wp.com\/miradordeatarfe.es\/wp-content\/uploads\/2025\/09\/Screenshot-2025-09-04-at-19-13-22-Renaturalizar-la-ciudad-es-recuperar-el-oxigeno-las-seis-arquitectas-que-han-convertido-una-calle-de-Barcelona-en-jardin-publico-EL-PAIS-Semanal-Personajes-EL-PAIS.png?fit=931%2C567&ssl=1","jetpack_likes_enabled":true,"jetpack_sharing_enabled":true,"_links":{"self":[{"href":"https:\/\/miradordeatarfe.es\/index.php?rest_route=\/wp\/v2\/posts\/78758","targetHints":{"allow":["GET"]}}],"collection":[{"href":"https:\/\/miradordeatarfe.es\/index.php?rest_route=\/wp\/v2\/posts"}],"about":[{"href":"https:\/\/miradordeatarfe.es\/index.php?rest_route=\/wp\/v2\/types\/post"}],"author":[{"embeddable":true,"href":"https:\/\/miradordeatarfe.es\/index.php?rest_route=\/wp\/v2\/users\/1"}],"replies":[{"embeddable":true,"href":"https:\/\/miradordeatarfe.es\/index.php?rest_route=%2Fwp%2Fv2%2Fcomments&post=78758"}],"version-history":[{"count":1,"href":"https:\/\/miradordeatarfe.es\/index.php?rest_route=\/wp\/v2\/posts\/78758\/revisions"}],"predecessor-version":[{"id":78760,"href":"https:\/\/miradordeatarfe.es\/index.php?rest_route=\/wp\/v2\/posts\/78758\/revisions\/78760"}],"wp:featuredmedia":[{"embeddable":true,"href":"https:\/\/miradordeatarfe.es\/index.php?rest_route=\/wp\/v2\/media\/78759"}],"wp:attachment":[{"href":"https:\/\/miradordeatarfe.es\/index.php?rest_route=%2Fwp%2Fv2%2Fmedia&parent=78758"}],"wp:term":[{"taxonomy":"category","embeddable":true,"href":"https:\/\/miradordeatarfe.es\/index.php?rest_route=%2Fwp%2Fv2%2Fcategories&post=78758"},{"taxonomy":"post_tag","embeddable":true,"href":"https:\/\/miradordeatarfe.es\/index.php?rest_route=%2Fwp%2Fv2%2Ftags&post=78758"}],"curies":[{"name":"wp","href":"https:\/\/api.w.org\/{rel}","templated":true}]}}