{"id":78786,"date":"2025-09-19T11:10:17","date_gmt":"2025-09-19T09:10:17","guid":{"rendered":"https:\/\/miradordeatarfe.es\/?p=78786"},"modified":"2025-09-05T12:36:13","modified_gmt":"2025-09-05T10:36:13","slug":"el-atarfeno-mario-titos-profesional-del-sector-turistico","status":"publish","type":"post","link":"https:\/\/miradordeatarfe.es\/?p=78786","title":{"rendered":"EL ATARFE\u00d1O MARIO TITOS PROFESIONAL DEL SECTOR TUR\u00cdSTICO"},"content":{"rendered":"<h3 style=\"text-align: justify;\">El Atarfe\u00f1o Mario Titos de Viajes Ronda es entrevistado por JES\u00daS LENS para el peri\u00f3dico Ideal<\/h3>\n<h3 class=\"v-a-t\" style=\"text-align: justify;\">\u00abFaltan conexiones desde el aeropuerto, siempre bien acogidas\u00bb Como profesional del sector tur\u00edstico,Mario Titos tiene una visi\u00f3n muy formada sobre las nuevas tendencias en viajes y las carencias y oportunidades que se abren en Granada<\/h3>\n<p class=\"v-p\" style=\"text-align: justify;\">lonia es un pa\u00eds muy recomendable que esta creciendo mucho y bien en los \u00faltimos a\u00f1os y ha puesto en valor no solo Varsovia y Cracovia, sino tambi\u00e9n Breslavia, la llamada &#8216;Venecia de Polonia&#8217;; el casco hist\u00f3rico de Torum o la reconstruida ciudad portuaria de Gdansk, con su Museo de la II Guerra Mundial.<\/p>\n<p class=\"v-p\" style=\"text-align: justify;\"><strong>\u2013\u00bfHa sido f\u00e1cil la adaptaci\u00f3n de la agencia al entorno digital? <\/strong><\/p>\n<p class=\"v-p\" style=\"text-align: justify;\">\u2013Yo lo dir\u00eda en gerundio: est\u00e1 siendo. Desde mis comienzos, en los que a\u00fan exist\u00eda el Telex, en este sector est\u00e1s obligado a una continua adaptaci\u00f3n no solo en la comunicaci\u00f3n y feedback con los clientes, sino con proveedores, bancos, etc. Desde Viajes Ronda siempre lo hemos entendido como una oportunidad diaria para aprender m\u00e1s, sobre todo de nuestros clientes. De igual forma, las plataformas online te hacen ver el modelo de negocio desde otra perspectiva: si la empresa se esfuerza en ver c\u00f3mo funcionan \u2013y Viajes Ronda lo hace\u2013 se pueden convertir en tus mejores aliadas. La base de la contrataci\u00f3n de las plataformas y de las agencias de viaje f\u00edsicas es la misma y, en precios, podemos sorprendernos.<\/p>\n<p class=\"v-p\" style=\"text-align: justify;\"><strong>\u2013\u00bfQu\u00e9 aporta la agencia de viajes f\u00edsica en este entorno?<\/strong><\/p>\n<p class=\"v-p\" style=\"text-align: justify;\">\u2013\u00a1Uf! \u00a1Mucho! Siempre he dicho que si no trabajase en una agencia de viajes, conociendo lo que conozco, gestionar\u00eda mis viajes en una agencia de viajes&#8230; de confianza. Aparte de esa confianza, aportan seguridad, trato humano, planificaci\u00f3n compleja, gesti\u00f3n inmediata de problemas, acuerdos exclusivos, atenci\u00f3n a un p\u00fablico menos digital, etc. \u00a1Aparte de unos impuestos con m\u00e1s retorno directo!<\/p>\n<div class=\"v-c-cmp v-c-cmp--f v-bdr-b-m\" style=\"text-align: justify;\">\n<div class=\"v-cmp-flg\">\n<header class=\"v-cnt-m v-cnt-m--xs\">\n<div class=\"v-cnt-m__c\">\n<div class=\"v-cnt-m__w v-cnt-m__w--1\">\n<h3 class=\"v-cnt-m__t\">Men\u00fa degustaci\u00f3n<\/h3>\n<\/div>\n<\/div>\n<\/header>\n<div class=\"v-a v-a--cmp-flg v-a--p-t v-a--p-r-xs\">\n<div class=\"v-a-info-c\">\n<div class=\"v-u\">\n<ul class=\"v-u\">\n<li class=\"v-u__l\">\n<p class=\"v-p\">Un ingrediente Aceite de oliva virgen extra<\/p>\n<\/li>\n<li class=\"v-u__l\">\n<p class=\"v-p\">Un plato de la infancia Sopa de ajo<\/p>\n<\/li>\n<li class=\"v-u__l\">\n<p class=\"v-p\">Una tapa para abrir boca Las de La Cueva de 1900<\/p>\n<\/li>\n<li class=\"v-u__l\">\n<p class=\"v-p\">Un plato internacional La pizza de N\u00e1poles<\/p>\n<\/li>\n<li class=\"v-u__l\">\n<p class=\"v-p\">Postre favorito Todos los de temporada<\/p>\n<\/li>\n<\/ul>\n<\/div>\n<\/div>\n<\/div>\n<\/div>\n<\/div>\n<p class=\"v-p\" style=\"text-align: justify;\"><strong>\u2013\u00bfQu\u00e9 destinos est\u00e1n de moda?<\/strong><\/p>\n<p class=\"v-p\" style=\"text-align: justify;\">\u2013Aparte de los cl\u00e1sicos, aunque con un claro descenso de demanda de Estados Unidos; Jap\u00f3n, Indonesia \u2013sobre todo Bali\u2013 Maldivas, Vietnam, Per\u00fa y Colombia en largo radio. En media distancia se podr\u00eda ubicar Uzbekist\u00e1n y ha tenido muy buena aceptaci\u00f3n Cabo Verde. En la distancia corta tenemos Islandia, Turqu\u00eda y los pa\u00edses de Centroeuropa como prefieren que les llamen a Polonia, Hungr\u00eda, Chequia, Ruman\u00eda, etc. Personalmente, Chequia, y no s\u00f3lo Praga, es mi destino favorito.<\/p>\n<p class=\"v-p\" style=\"text-align: justify;\"><strong><img data-recalc-dims=\"1\" loading=\"lazy\" decoding=\"async\" class=\"wp-image-78799 alignleft\" src=\"https:\/\/i0.wp.com\/miradordeatarfe.es\/wp-content\/uploads\/2025\/09\/Screenshot-2025-09-05-at-12-34-57-Faltan-conexiones-desde-el-aeropuerto-siempre-bien-acogidas-Ideal.png?resize=473%2C224&#038;ssl=1\" alt=\"\" width=\"473\" height=\"224\" srcset=\"https:\/\/i0.wp.com\/miradordeatarfe.es\/wp-content\/uploads\/2025\/09\/Screenshot-2025-09-05-at-12-34-57-Faltan-conexiones-desde-el-aeropuerto-siempre-bien-acogidas-Ideal.png?resize=300%2C142&amp;ssl=1 300w, https:\/\/i0.wp.com\/miradordeatarfe.es\/wp-content\/uploads\/2025\/09\/Screenshot-2025-09-05-at-12-34-57-Faltan-conexiones-desde-el-aeropuerto-siempre-bien-acogidas-Ideal.png?w=672&amp;ssl=1 672w\" sizes=\"auto, (max-width: 473px) 100vw, 473px\" \/>\u2013\u00bfInfluye la gastronom\u00eda a la hora de elegir? <\/strong><\/p>\n<p class=\"v-p\" style=\"text-align: justify;\">\u2013Sin duda, el paladar del turista y\/o viajero espa\u00f1ol es muy adaptable y agradecido.<\/p>\n<p class=\"v-p\" style=\"text-align: justify;\"><strong>\u2013\u00bfLe pregunto por nuestro aeropuerto?<\/strong><\/p>\n<p class=\"v-p\" style=\"text-align: justify;\">\u2013Me da mucha pena cada vez que tengo que viajar pasar por el aeropuerto de Granada y rara vez ver un avi\u00f3n despegando. Confirmada est\u00e1 la buena aceptaci\u00f3n que ha tenido cada conexi\u00f3n, tanto para los que vamos como para los europeos que vienen a Granada.<\/p>\n<p class=\"v-p\" style=\"text-align: justify;\"><strong>\u2013\u00bfY de nuestra planta hotelera?<\/strong><\/p>\n<p class=\"v-p\" style=\"text-align: justify;\">\u2013Creo que hay un muy buen nivel de oferta en categor\u00eda 3 y 4 estrellas, pero estamos escasos de planta hotelera de cinco estrellas que, espero, en breve se subsane con la apertura casi inmediata de varios hoteles situados en edificios emblem\u00e1ticos. Conf\u00edo en que el servicio sea acorde, que es la queja m\u00e1s habitual del cliente business.<\/p>\n<p class=\"v-p\" style=\"text-align: justify;\"><strong>\u2013\u00bfQu\u00e9 restaurantes le gustan? <\/strong><\/p>\n<p class=\"v-p\">\u2013Sobre todo, los que apuestan por el producto local y lo ponen en valor. Hay muchos, pero por nombrar alguno, Pe\u00f1a La Plater\u00eda, Oliver, Las Tinajas, y creo que gracias a ti, tuve la suerte de conocer Cocina Salvaje en Beas de Granada.<\/p>\n<p class=\"v-p\"><strong>\u2013\u00bfQu\u00e9 demanda el turista?<\/strong><\/p>\n<p class=\"v-p\">\u2013Lo de siempre. Sigue demasiado lejos de buena parte de los recursos que tenemos.<\/p>\n<p><strong>JES\u00daS LENS<\/strong><\/p>\n<p>FOTO:<span class=\"v-fc__t\">.<\/span> <span class=\"v-fc__p\">Blanca Rodr\u00edguez<\/span><\/p>\n<p>https:\/\/gourmet.ideal.es\/actualidad\/faltan-conexiones-aeropuerto-siempre-bien-acogidas-20250905235829-nt.html#vca=fixed-btn&#038;vso=elideal&#038;vmc=unknow&#038;vli=actualidad<\/p>\n","protected":false},"excerpt":{"rendered":"<p>El Atarfe\u00f1o Mario Titos de Viajes Ronda es entrevistado por JES\u00daS LENS para el peri\u00f3dico&#8230;<\/p>\n","protected":false},"author":1,"featured_media":78787,"comment_status":"closed","ping_status":"closed","sticky":false,"template":"","format":"standard","meta":{"_coblocks_attr":"","_coblocks_dimensions":"","_coblocks_responsive_height":"","_coblocks_accordion_ie_support":"","jetpack_post_was_ever_published":false,"_jetpack_newsletter_access":"","_jetpack_dont_email_post_to_subs":false,"_jetpack_newsletter_tier_id":0,"_jetpack_memberships_contains_paywalled_content":false,"_jetpack_memberships_contains_paid_content":false,"footnotes":"","jetpack_publicize_message":"","jetpack_publicize_feature_enabled":true,"jetpack_social_post_already_shared":true,"jetpack_social_options":{"image_generator_settings":{"template":"highway","default_image_id":0,"enabled":false},"version":2}},"categories":[1161,186,44,6539],"tags":[],"class_list":["post-78786","post","type-post","status-publish","format-standard","has-post-thumbnail","hentry","category-ciudadania","category-instituciones","category-noticias-de-hoy","category-personajes-de-ataref"],"jetpack_publicize_connections":[],"jetpack_featured_media_url":"https:\/\/i0.wp.com\/miradordeatarfe.es\/wp-content\/uploads\/2025\/09\/Screenshot-2025-09-05-at-10-16-51-Faltan-conexiones-desde-el-aeropuerto-siempre-bien-acogidas-Ideal.png?fit=223%2C262&ssl=1","jetpack_likes_enabled":true,"jetpack_sharing_enabled":true,"_links":{"self":[{"href":"https:\/\/miradordeatarfe.es\/index.php?rest_route=\/wp\/v2\/posts\/78786","targetHints":{"allow":["GET"]}}],"collection":[{"href":"https:\/\/miradordeatarfe.es\/index.php?rest_route=\/wp\/v2\/posts"}],"about":[{"href":"https:\/\/miradordeatarfe.es\/index.php?rest_route=\/wp\/v2\/types\/post"}],"author":[{"embeddable":true,"href":"https:\/\/miradordeatarfe.es\/index.php?rest_route=\/wp\/v2\/users\/1"}],"replies":[{"embeddable":true,"href":"https:\/\/miradordeatarfe.es\/index.php?rest_route=%2Fwp%2Fv2%2Fcomments&post=78786"}],"version-history":[{"count":2,"href":"https:\/\/miradordeatarfe.es\/index.php?rest_route=\/wp\/v2\/posts\/78786\/revisions"}],"predecessor-version":[{"id":78800,"href":"https:\/\/miradordeatarfe.es\/index.php?rest_route=\/wp\/v2\/posts\/78786\/revisions\/78800"}],"wp:featuredmedia":[{"embeddable":true,"href":"https:\/\/miradordeatarfe.es\/index.php?rest_route=\/wp\/v2\/media\/78787"}],"wp:attachment":[{"href":"https:\/\/miradordeatarfe.es\/index.php?rest_route=%2Fwp%2Fv2%2Fmedia&parent=78786"}],"wp:term":[{"taxonomy":"category","embeddable":true,"href":"https:\/\/miradordeatarfe.es\/index.php?rest_route=%2Fwp%2Fv2%2Fcategories&post=78786"},{"taxonomy":"post_tag","embeddable":true,"href":"https:\/\/miradordeatarfe.es\/index.php?rest_route=%2Fwp%2Fv2%2Ftags&post=78786"}],"curies":[{"name":"wp","href":"https:\/\/api.w.org\/{rel}","templated":true}]}}