{"id":78795,"date":"2025-09-06T10:12:50","date_gmt":"2025-09-06T08:12:50","guid":{"rendered":"https:\/\/miradordeatarfe.es\/?p=78795"},"modified":"2025-09-05T12:03:38","modified_gmt":"2025-09-05T10:03:38","slug":"harvard-sopesa-el-temor-a-que-el-farmaco-contra-la-covid-genere-un-supervirus","status":"publish","type":"post","link":"https:\/\/miradordeatarfe.es\/?p=78795","title":{"rendered":"Harvard sopesa el temor a que el f\u00e1rmaco contra la Covid genere un \u00absupervirus\u00bb"},"content":{"rendered":"<h3 data-t=\"{&quot;n&quot;:&quot;blueLinks&quot;,&quot;t&quot;:13,&quot;a&quot;:&quot;click&quot;,&quot;b&quot;:76}\">La Organizaci\u00f3n Mundial de la Salud (OMS) ha a\u00f1adido una <b>nueva variante de Covid-19<\/b> a su lista de cepas a las que prestar atenci\u00f3n. Se trata de la variante XFG, tambi\u00e9n llamada \u00abStratus\u00bb. Esta nueva cepa ha aparecido de forma reciente y, aunque se encuentra circulando junto con la NB.1.8.1, las primeras investigaciones indican que podr\u00eda llegar a niveles de transmisi\u00f3n r\u00e9cord.<\/h3>\n<p data-t=\"{&quot;n&quot;:&quot;blueLinks&quot;,&quot;t&quot;:13,&quot;a&quot;:&quot;click&quot;,&quot;b&quot;:76}\">Aunque comparte muchos <a title=\"s\u00edntomas con versiones\" href=\"https:\/\/www.larazon.es\/salud\/asi-stratus-nueva-variante-covid-sintomas-duracion-contagios_202507246881ddf4ffbf4a1a6741fb60.html\" target=\"_blank\" rel=\"noopener\" data-t=\"{&quot;n&quot;:&quot;destination&quot;,&quot;t&quot;:13,&quot;a&quot;:&quot;click&quot;,&quot;b&quot;:1,&quot;c.t&quot;:7}\">s\u00edntomas con versiones<\/a> anteriores del virus, lo que llama la atenci\u00f3n de los expertos es un rasgo particular: la aparici\u00f3n recurrente de ronquera o<b> p\u00e9rdida de voz.<\/b> Este signo distintivo podr\u00eda ayudar a diferenciarla de otras variantes en circulaci\u00f3n, incluso en etapas tempranas de la infecci\u00f3n.<\/p>\n<p class=\"continue-read-break\" data-t=\"{&quot;n&quot;:&quot;blueLinks&quot;,&quot;t&quot;:13,&quot;a&quot;:&quot;click&quot;,&quot;b&quot;:76}\">Seg\u00fan <a title=\"informa\" href=\"https:\/\/www.larazon.es\/salud\/asi-stratus-nueva-variante-covid-sintomas-duracion-contagios_202507246881ddf4ffbf4a1a6741fb60.html\" target=\"_blank\" rel=\"noopener\" data-t=\"{&quot;n&quot;:&quot;destination&quot;,&quot;t&quot;:13,&quot;a&quot;:&quot;click&quot;,&quot;b&quot;:1,&quot;c.t&quot;:7}\">informa<\/a> LA RAZ\u00d3N tras consultar a expertos, Stratus es una variante recombinante. Esto significa que su material gen\u00e9tico proviene de la<b> fusi\u00f3n de dos linajes<\/b> previos: LF.7 y LP.8.1.2. La OMS la ha comparado con variantes anteriores como Nimbus, descubriendo<\/p>\n<p class=\"continue-read-break\" data-t=\"{&quot;n&quot;:&quot;blueLinks&quot;,&quot;t&quot;:13,&quot;a&quot;:&quot;click&quot;,&quot;b&quot;:76}\">\u00c7que la actual \u00abperfiles mutacionales distintos en la prote\u00edna spike\u00bb, concretamente en las posiciones 478 y 487. En palabras llanas, esto podr\u00eda hacer que al virus le resultar\u00e1 m\u00e1s f\u00e1cil escapar parcialmente de nuestro sistema inmunitario.<\/p>\n<p data-t=\"{&quot;n&quot;:&quot;blueLinks&quot;,&quot;t&quot;:13,&quot;a&quot;:&quot;click&quot;,&quot;b&quot;:76}\">En pa\u00edses como India, Stratus ha sido<b> predominante durante la primavera<\/b>. A finales de mayo, ya representaba el 22,7\u202f% de las muestras analizadas, frente al 7,4\u202f% registrado apenas un mes antes, y se ha detectado en 38 pa\u00edses. En Europa tambi\u00e9n ha ganado terreno, alcanzando en algunas zonas (como el Reino Unido) hasta un 25\u202f% de los casos. En Espa\u00f1a, seg\u00fan los expertos, alcanz\u00f3 su pico en junio y seguir\u00e1 presente durante el verano.<\/p>\n<h2 class=\"h2 article-sub-heading\">S\u00edntomas de la nueva cepa de Covid-19<\/h2>\n<p class=\"\" data-t=\"{&quot;n&quot;:&quot;blueLinks&quot;,&quot;t&quot;:13,&quot;a&quot;:&quot;click&quot;,&quot;b&quot;:76}\">Los s\u00edntomas m\u00e1s comunes asociados con Stratus incluyen<b> tos seca, fiebre, dolor de garganta<\/b>, fatiga, y dolores musculares. Llama la atenci\u00f3n la aparici\u00f3n frecuente de ronquera o p\u00e9rdida de voz. Algunos de las personas contagiadas han manifestado tener la voz ronca o quedarse sin voz (af\u00f3nicas). \u00bfQu\u00e9 significa esto?<\/p>\n<p data-t=\"{&quot;n&quot;:&quot;blueLinks&quot;,&quot;t&quot;:13,&quot;a&quot;:&quot;click&quot;,&quot;b&quot;:76}\">Aunque los datos actualmente disponibles no muestran que la variante cause enfermedades o muertes m\u00e1s graves que otras en circulaci\u00f3n, este s\u00edntoma de Stratus que parece caracterizarla m\u00e1s. Los epidemi\u00f3logos se\u00f1alan que esta variante tiene una gran afinidad por receptores del tracto respiratorio situados en la parte superior. A la pr\u00e1ctica, esto causa <b>inflamaci\u00f3n e hinchaz\u00f3n en los tejidos <\/b>que produce la disfon\u00eda o dolor en la faringe.<\/p>\n<p data-t=\"{&quot;n&quot;:&quot;blueLinks&quot;,&quot;t&quot;:13,&quot;a&quot;:&quot;click&quot;,&quot;b&quot;:76}\">Adem\u00e1s de la ronquera, los pacientes de Covid-19 han informado de tos seca, irritaci\u00f3n y dolor de garganta, adem\u00e1s de los s\u00edntomas m\u00e1s comunes como fiebre, dolor muscular y fatiga. Sin embargo, y aunque esta variante parece<b> propagarse con mayor rapidez que las anteriores<\/b>, por el momento no hay evidencia de que provoque una enfermedad m\u00e1s grave ni un aumento en las hospitalizaciones o muertes.<\/p>\n<p data-t=\"{&quot;n&quot;:&quot;blueLinks&quot;,&quot;t&quot;:13,&quot;a&quot;:&quot;click&quot;,&quot;b&quot;:76}\">En resumen, Stratus podr\u00eda convertirse en <b>la variante m\u00e1s contagiosa del coronavirus hasta el momento,<\/b> pero no se ha demostrado que sea m\u00e1s peligrosa. Las vacunas siguen siendo una herramienta esencial, especialmente para proteger a los grupos de riesgo. Por eso, la OMS contin\u00faa con un seguimiento riguroso de su evoluci\u00f3n.<\/p>\n<p data-t=\"{&quot;n&quot;:&quot;blueLinks&quot;,&quot;t&quot;:13,&quot;a&quot;:&quot;click&quot;,&quot;b&quot;:76}\"><span class=\"viewsAuthors\" title=\"Laura, Cano Li\u00e9bana\">Historia de <span class=\"authorName\">Laura, Cano Li\u00e9bana<\/span><\/span><\/p>\n<div class=\"image-caption-container image-caption-container-ux-impr articlewc-image-caption-container\"><span class=\"image-caption\">FOTO: Harvard sopesa el temor a que el f\u00e1rmaco contra la Covid genere un \u00absupervirus\u00bb<\/span> <span class=\"image-attribution image-attribution-ux-impr\">\u00a9 Freepik<\/span><\/div>\n<div>\u00a0<\/div>\n<div>https:\/\/www.msn.com\/es-es\/salud\/other\/el-s%C3%ADntoma-que-distingue-a-stratus-la-nueva-variante-de-covid-19-que-se-propaga-por-espa%C3%B1a-con-rapidez\/ar-AA1Jc9Q0?ocid=msedgdhp&amp;pc=U531&amp;cvid=688213597eb448a29bee0d8199a538a3&amp;ei=34<\/div>\n","protected":false},"excerpt":{"rendered":"<p>La Organizaci\u00f3n Mundial de la Salud (OMS) ha a\u00f1adido una nueva variante de Covid-19 a&#8230;<\/p>\n","protected":false},"author":1,"featured_media":78796,"comment_status":"closed","ping_status":"closed","sticky":false,"template":"","format":"standard","meta":{"_coblocks_attr":"","_coblocks_dimensions":"","_coblocks_responsive_height":"","_coblocks_accordion_ie_support":"","jetpack_post_was_ever_published":false,"_jetpack_newsletter_access":"","_jetpack_dont_email_post_to_subs":false,"_jetpack_newsletter_tier_id":0,"_jetpack_memberships_contains_paywalled_content":false,"_jetpack_memberships_contains_paid_content":false,"footnotes":"","jetpack_publicize_message":"","jetpack_publicize_feature_enabled":true,"jetpack_social_post_already_shared":true,"jetpack_social_options":{"image_generator_settings":{"template":"highway","default_image_id":0,"enabled":false},"version":2}},"categories":[1161,7149,186,44,10],"tags":[],"class_list":["post-78795","post","type-post","status-publish","format-standard","has-post-thumbnail","hentry","category-ciudadania","category-coronavirus","category-instituciones","category-noticias-de-hoy","category-salud"],"jetpack_publicize_connections":[],"jetpack_featured_media_url":"https:\/\/i0.wp.com\/miradordeatarfe.es\/wp-content\/uploads\/2025\/09\/AA1pPT0O.webp?fit=768%2C432&ssl=1","jetpack_likes_enabled":true,"jetpack_sharing_enabled":true,"_links":{"self":[{"href":"https:\/\/miradordeatarfe.es\/index.php?rest_route=\/wp\/v2\/posts\/78795","targetHints":{"allow":["GET"]}}],"collection":[{"href":"https:\/\/miradordeatarfe.es\/index.php?rest_route=\/wp\/v2\/posts"}],"about":[{"href":"https:\/\/miradordeatarfe.es\/index.php?rest_route=\/wp\/v2\/types\/post"}],"author":[{"embeddable":true,"href":"https:\/\/miradordeatarfe.es\/index.php?rest_route=\/wp\/v2\/users\/1"}],"replies":[{"embeddable":true,"href":"https:\/\/miradordeatarfe.es\/index.php?rest_route=%2Fwp%2Fv2%2Fcomments&post=78795"}],"version-history":[{"count":2,"href":"https:\/\/miradordeatarfe.es\/index.php?rest_route=\/wp\/v2\/posts\/78795\/revisions"}],"predecessor-version":[{"id":78798,"href":"https:\/\/miradordeatarfe.es\/index.php?rest_route=\/wp\/v2\/posts\/78795\/revisions\/78798"}],"wp:featuredmedia":[{"embeddable":true,"href":"https:\/\/miradordeatarfe.es\/index.php?rest_route=\/wp\/v2\/media\/78796"}],"wp:attachment":[{"href":"https:\/\/miradordeatarfe.es\/index.php?rest_route=%2Fwp%2Fv2%2Fmedia&parent=78795"}],"wp:term":[{"taxonomy":"category","embeddable":true,"href":"https:\/\/miradordeatarfe.es\/index.php?rest_route=%2Fwp%2Fv2%2Fcategories&post=78795"},{"taxonomy":"post_tag","embeddable":true,"href":"https:\/\/miradordeatarfe.es\/index.php?rest_route=%2Fwp%2Fv2%2Ftags&post=78795"}],"curies":[{"name":"wp","href":"https:\/\/api.w.org\/{rel}","templated":true}]}}