{"id":78807,"date":"2025-09-09T11:21:01","date_gmt":"2025-09-09T09:21:01","guid":{"rendered":"https:\/\/miradordeatarfe.es\/?p=78807"},"modified":"2025-09-06T12:29:31","modified_gmt":"2025-09-06T10:29:31","slug":"atarfe-y-la-mesa-redonda-sobre-la-zonas-de-baja-emisiones","status":"publish","type":"post","link":"https:\/\/miradordeatarfe.es\/?p=78807","title":{"rendered":"ATARFE Y LA MESA REDONDA SOBRE LA ZONAS DE BAJA EMISIONES"},"content":{"rendered":"<div class=\"v-a v-a--d v-a--d-rpg v-a--p-b\">\n<div class=\"v-a-info-c \">\n<h2>Preguntas y respuestas sobre la zona de bajas emisiones de Granada.\u00a0Restricciones, plazos y alternativas de movilidad ante la entrada en vigor de las restricciones el 1 de octubre<\/h2>\n<\/div>\n<\/div>\n<p class=\"v-p\">Las fechas cambian y algunos puntos del reglamento tambi\u00e9n. Granada pondr\u00e1 en marcha su Zona de Bajas Emisiones (ZBE) a partir del 1 de octubre de 2025 y no en abril, como estaba previsto en un principio. El objetivo es reducir la contaminaci\u00f3n y mejorar la calidad del aire. Su implementaci\u00f3n sigue un calendario progresivo, con una fase informativa iniciada en octubre de 2024 que iba a tener continuaci\u00f3n con la entrada en vigor en abril y, finalmente, se retrasa a octubre.<\/p>\n<p class=\"v-p\">\u00bfQu\u00e9 veh\u00edculos se ven afectados por las restricciones? \u00bfD\u00f3nde empieza y d\u00f3nde acaba la zona de bajas emisiones? \u00bfCu\u00e1ndo comenzar\u00e1n a llegar las sanciones a los conductores que ingresen en los espacios restringidos con veh\u00edculos no habilitados? \u00bfQu\u00e9 nuevas medidas se han introducido en la \u00faltima modificaci\u00f3n? Todas las respuestas, a continuaci\u00f3n:<\/p>\n<p><img data-recalc-dims=\"1\" loading=\"lazy\" decoding=\"async\" class=\"alignnone wp-image-78808 size-full\" src=\"https:\/\/i0.wp.com\/miradordeatarfe.es\/wp-content\/uploads\/2025\/09\/Screenshot-2025-09-06-at-12-19-46-Preguntas-y-respuestas-sobre-la-zona-de-bajas-emisiones-de-Granada-Ideal.png?resize=640%2C193&#038;ssl=1\" alt=\"\" width=\"640\" height=\"193\" srcset=\"https:\/\/i0.wp.com\/miradordeatarfe.es\/wp-content\/uploads\/2025\/09\/Screenshot-2025-09-06-at-12-19-46-Preguntas-y-respuestas-sobre-la-zona-de-bajas-emisiones-de-Granada-Ideal.png?w=1102&amp;ssl=1 1102w, https:\/\/i0.wp.com\/miradordeatarfe.es\/wp-content\/uploads\/2025\/09\/Screenshot-2025-09-06-at-12-19-46-Preguntas-y-respuestas-sobre-la-zona-de-bajas-emisiones-de-Granada-Ideal.png?resize=300%2C91&amp;ssl=1 300w, https:\/\/i0.wp.com\/miradordeatarfe.es\/wp-content\/uploads\/2025\/09\/Screenshot-2025-09-06-at-12-19-46-Preguntas-y-respuestas-sobre-la-zona-de-bajas-emisiones-de-Granada-Ideal.png?resize=1024%2C309&amp;ssl=1 1024w, https:\/\/i0.wp.com\/miradordeatarfe.es\/wp-content\/uploads\/2025\/09\/Screenshot-2025-09-06-at-12-19-46-Preguntas-y-respuestas-sobre-la-zona-de-bajas-emisiones-de-Granada-Ideal.png?resize=768%2C232&amp;ssl=1 768w\" sizes=\"auto, (max-width: 640px) 100vw, 640px\" \/><\/p>\n<p><img data-recalc-dims=\"1\" loading=\"lazy\" decoding=\"async\" class=\"alignnone wp-image-78809 size-full\" src=\"https:\/\/i0.wp.com\/miradordeatarfe.es\/wp-content\/uploads\/2025\/09\/Screenshot-2025-09-06-at-12-19-58-Preguntas-y-respuestas-sobre-la-zona-de-bajas-emisiones-de-Granada-Ideal.png?resize=640%2C180&#038;ssl=1\" alt=\"\" width=\"640\" height=\"180\" srcset=\"https:\/\/i0.wp.com\/miradordeatarfe.es\/wp-content\/uploads\/2025\/09\/Screenshot-2025-09-06-at-12-19-58-Preguntas-y-respuestas-sobre-la-zona-de-bajas-emisiones-de-Granada-Ideal.png?w=1091&amp;ssl=1 1091w, https:\/\/i0.wp.com\/miradordeatarfe.es\/wp-content\/uploads\/2025\/09\/Screenshot-2025-09-06-at-12-19-58-Preguntas-y-respuestas-sobre-la-zona-de-bajas-emisiones-de-Granada-Ideal.png?resize=300%2C84&amp;ssl=1 300w, https:\/\/i0.wp.com\/miradordeatarfe.es\/wp-content\/uploads\/2025\/09\/Screenshot-2025-09-06-at-12-19-58-Preguntas-y-respuestas-sobre-la-zona-de-bajas-emisiones-de-Granada-Ideal.png?resize=1024%2C287&amp;ssl=1 1024w, https:\/\/i0.wp.com\/miradordeatarfe.es\/wp-content\/uploads\/2025\/09\/Screenshot-2025-09-06-at-12-19-58-Preguntas-y-respuestas-sobre-la-zona-de-bajas-emisiones-de-Granada-Ideal.png?resize=768%2C215&amp;ssl=1 768w\" sizes=\"auto, (max-width: 640px) 100vw, 640px\" \/><\/p>\n<p><img data-recalc-dims=\"1\" loading=\"lazy\" decoding=\"async\" class=\"alignnone wp-image-78810 size-full\" src=\"https:\/\/i0.wp.com\/miradordeatarfe.es\/wp-content\/uploads\/2025\/09\/Screenshot-2025-09-06-at-12-20-14-Preguntas-y-respuestas-sobre-la-zona-de-bajas-emisiones-de-Granada-Ideal.png?resize=640%2C241&#038;ssl=1\" alt=\"\" width=\"640\" height=\"241\" srcset=\"https:\/\/i0.wp.com\/miradordeatarfe.es\/wp-content\/uploads\/2025\/09\/Screenshot-2025-09-06-at-12-20-14-Preguntas-y-respuestas-sobre-la-zona-de-bajas-emisiones-de-Granada-Ideal.png?w=1143&amp;ssl=1 1143w, https:\/\/i0.wp.com\/miradordeatarfe.es\/wp-content\/uploads\/2025\/09\/Screenshot-2025-09-06-at-12-20-14-Preguntas-y-respuestas-sobre-la-zona-de-bajas-emisiones-de-Granada-Ideal.png?resize=300%2C113&amp;ssl=1 300w, https:\/\/i0.wp.com\/miradordeatarfe.es\/wp-content\/uploads\/2025\/09\/Screenshot-2025-09-06-at-12-20-14-Preguntas-y-respuestas-sobre-la-zona-de-bajas-emisiones-de-Granada-Ideal.png?resize=1024%2C385&amp;ssl=1 1024w, https:\/\/i0.wp.com\/miradordeatarfe.es\/wp-content\/uploads\/2025\/09\/Screenshot-2025-09-06-at-12-20-14-Preguntas-y-respuestas-sobre-la-zona-de-bajas-emisiones-de-Granada-Ideal.png?resize=768%2C289&amp;ssl=1 768w\" sizes=\"auto, (max-width: 640px) 100vw, 640px\" \/><\/p>\n<p><img data-recalc-dims=\"1\" loading=\"lazy\" decoding=\"async\" class=\"alignnone wp-image-78811 size-full\" src=\"https:\/\/i0.wp.com\/miradordeatarfe.es\/wp-content\/uploads\/2025\/09\/Screenshot-2025-09-06-at-12-20-29-Preguntas-y-respuestas-sobre-la-zona-de-bajas-emisiones-de-Granada-Ideal.png?resize=640%2C288&#038;ssl=1\" alt=\"\" width=\"640\" height=\"288\" srcset=\"https:\/\/i0.wp.com\/miradordeatarfe.es\/wp-content\/uploads\/2025\/09\/Screenshot-2025-09-06-at-12-20-29-Preguntas-y-respuestas-sobre-la-zona-de-bajas-emisiones-de-Granada-Ideal.png?w=1188&amp;ssl=1 1188w, https:\/\/i0.wp.com\/miradordeatarfe.es\/wp-content\/uploads\/2025\/09\/Screenshot-2025-09-06-at-12-20-29-Preguntas-y-respuestas-sobre-la-zona-de-bajas-emisiones-de-Granada-Ideal.png?resize=300%2C135&amp;ssl=1 300w, https:\/\/i0.wp.com\/miradordeatarfe.es\/wp-content\/uploads\/2025\/09\/Screenshot-2025-09-06-at-12-20-29-Preguntas-y-respuestas-sobre-la-zona-de-bajas-emisiones-de-Granada-Ideal.png?resize=1024%2C461&amp;ssl=1 1024w, https:\/\/i0.wp.com\/miradordeatarfe.es\/wp-content\/uploads\/2025\/09\/Screenshot-2025-09-06-at-12-20-29-Preguntas-y-respuestas-sobre-la-zona-de-bajas-emisiones-de-Granada-Ideal.png?resize=768%2C346&amp;ssl=1 768w\" sizes=\"auto, (max-width: 640px) 100vw, 640px\" \/><\/p>\n<p>&nbsp;<\/p>\n<p class=\"v-p\">La nueva ordenanza integral de movilidad y el proyecto de zona de bajas emisiones contempla que las sanciones se empiecen a imponer el 1 de octubre y, hasta entonces, se mantendr\u00e1 el servicio de notificaciones meramente informativas, como viene sucediendo desde noviembre de 2024.<\/p>\n<h3 class=\"v-p\">\u00bfA qu\u00e9 veh\u00edculos afecta?<\/h3>\n<p class=\"v-p\">Aquellos cuyo domicilio fiscal sea Granada capital quedan fuera, por lo que pueden circular libremente, con o sin etiqueta de la DGT, por toda la ciudad. Los que lo tenga en otro municipio se acogen a las restricciones. A partir de su entrada en vigor, no tendr\u00e1n autorizaci\u00f3n para acceder a la ZBE aquellos veh\u00edculos que no dispongan del domicilio fiscal en el t\u00e9rmino municipal de Granada y que adem\u00e1s no tengan distintivo medioambiental. Los veh\u00edculos sin etiqueta son aquellos veh\u00edculos de gasolina anteriores al 2001 y di\u00e9sel anteriores al 2006. Cualquier veh\u00edculo que tenga distintivo B, C, ECO o Cero tambi\u00e9n podr\u00e1 acceder a la ZBE independiente de d\u00f3nde tenga su domicilio fiscal. Puede consultar su <a title=\"sede.dgt.gob.es\" href=\"https:\/\/sede.dgt.gob.es\/es\/vehiculos\/informacion-de-vehiculos\/distintivo-ambiental\/\" data-voc-vtm-id=\"in-text-traffic\" data-mrf-link=\"sede.dgt.gob.es\">distintivo aqu\u00ed<\/a>.<\/p>\n<p class=\"v-p\">Existen, adem\u00e1s, algunas exenciones, como los veh\u00edculos de carga y descarga con tarjeta autorizada, el transporte p\u00fablico, servicios p\u00fablicos esenciales, gr\u00faas, propietarios de garajes en Granada, mayores de 67 a\u00f1os, personas con rentas bajas o taxis y VTC.<\/p>\n<p>SI QUIERES MAS INFORMACI\u00d3N :\u00a0<\/p>\n<p><img data-recalc-dims=\"1\" loading=\"lazy\" decoding=\"async\" class=\"alignnone wp-image-78762 size-full\" src=\"https:\/\/i0.wp.com\/miradordeatarfe.es\/wp-content\/uploads\/2025\/09\/AS-e1756797116158.jpeg?resize=550%2C824&#038;ssl=1\" alt=\"\" width=\"550\" height=\"824\" srcset=\"https:\/\/i0.wp.com\/miradordeatarfe.es\/wp-content\/uploads\/2025\/09\/AS-e1756797116158.jpeg?w=550&amp;ssl=1 550w, https:\/\/i0.wp.com\/miradordeatarfe.es\/wp-content\/uploads\/2025\/09\/AS-e1756797116158.jpeg?resize=200%2C300&amp;ssl=1 200w\" sizes=\"auto, (max-width: 550px) 100vw, 550px\" \/><\/p>\n","protected":false},"excerpt":{"rendered":"<p>Preguntas y respuestas sobre la zona de bajas emisiones de Granada.\u00a0Restricciones, plazos y alternativas de&#8230;<\/p>\n","protected":false},"author":1,"featured_media":78812,"comment_status":"closed","ping_status":"closed","sticky":false,"template":"","format":"standard","meta":{"_coblocks_attr":"","_coblocks_dimensions":"","_coblocks_responsive_height":"","_coblocks_accordion_ie_support":"","jetpack_post_was_ever_published":false,"_jetpack_newsletter_access":"","_jetpack_dont_email_post_to_subs":false,"_jetpack_newsletter_tier_id":0,"_jetpack_memberships_contains_paywalled_content":false,"_jetpack_memberships_contains_paid_content":false,"footnotes":"","jetpack_publicize_message":"","jetpack_publicize_feature_enabled":true,"jetpack_social_post_already_shared":true,"jetpack_social_options":{"image_generator_settings":{"template":"highway","default_image_id":0,"enabled":false},"version":2}},"categories":[7725,10781,186,9,44],"tags":[],"class_list":["post-78807","post","type-post","status-publish","format-standard","has-post-thumbnail","hentry","category-atarfe-sostenible","category-granada","category-instituciones","category-medio-ambiente","category-noticias-de-hoy"],"jetpack_publicize_connections":[],"jetpack_featured_media_url":"https:\/\/i0.wp.com\/miradordeatarfe.es\/wp-content\/uploads\/2025\/09\/zbe.webp?fit=1200%2C840&ssl=1","jetpack_likes_enabled":true,"jetpack_sharing_enabled":true,"_links":{"self":[{"href":"https:\/\/miradordeatarfe.es\/index.php?rest_route=\/wp\/v2\/posts\/78807","targetHints":{"allow":["GET"]}}],"collection":[{"href":"https:\/\/miradordeatarfe.es\/index.php?rest_route=\/wp\/v2\/posts"}],"about":[{"href":"https:\/\/miradordeatarfe.es\/index.php?rest_route=\/wp\/v2\/types\/post"}],"author":[{"embeddable":true,"href":"https:\/\/miradordeatarfe.es\/index.php?rest_route=\/wp\/v2\/users\/1"}],"replies":[{"embeddable":true,"href":"https:\/\/miradordeatarfe.es\/index.php?rest_route=%2Fwp%2Fv2%2Fcomments&post=78807"}],"version-history":[{"count":1,"href":"https:\/\/miradordeatarfe.es\/index.php?rest_route=\/wp\/v2\/posts\/78807\/revisions"}],"predecessor-version":[{"id":78813,"href":"https:\/\/miradordeatarfe.es\/index.php?rest_route=\/wp\/v2\/posts\/78807\/revisions\/78813"}],"wp:featuredmedia":[{"embeddable":true,"href":"https:\/\/miradordeatarfe.es\/index.php?rest_route=\/wp\/v2\/media\/78812"}],"wp:attachment":[{"href":"https:\/\/miradordeatarfe.es\/index.php?rest_route=%2Fwp%2Fv2%2Fmedia&parent=78807"}],"wp:term":[{"taxonomy":"category","embeddable":true,"href":"https:\/\/miradordeatarfe.es\/index.php?rest_route=%2Fwp%2Fv2%2Fcategories&post=78807"},{"taxonomy":"post_tag","embeddable":true,"href":"https:\/\/miradordeatarfe.es\/index.php?rest_route=%2Fwp%2Fv2%2Ftags&post=78807"}],"curies":[{"name":"wp","href":"https:\/\/api.w.org\/{rel}","templated":true}]}}