{"id":7882,"date":"2016-04-02T05:54:47","date_gmt":"2016-04-02T05:54:47","guid":{"rendered":"http:\/\/miradordeatarfe.es\/?p=7882"},"modified":"2016-03-27T16:00:31","modified_gmt":"2016-03-27T16:00:31","slug":"espana-desarrollara-el-5g-en-la-infraestructura-movil-existente","status":"publish","type":"post","link":"https:\/\/miradordeatarfe.es\/?p=7882","title":{"rendered":"Espa\u00f1a desarrollar\u00e1 el 5G en la infraestructura m\u00f3vil existente"},"content":{"rendered":"<p style=\"text-align: justify;\">La tecnolog\u00eda de conexi\u00f3n inal\u00e1mbrica m\u00e1s veloz empezar\u00e1 a comercializarse a partir de 2020<!--more-->La tecnolog\u00eda 5G, llamada a revolucionar los m\u00e9todos de comunicaci\u00f3n mediante dispositivos m\u00f3viles, podr\u00e1 comenzar a desarrollarse en Espa\u00f1a en las bandas del espectro radioel\u00e9ctrico que los operadores ya est\u00e1n utilizando a la espera de que en un futuro se le asignen nuevas frecuencias.<\/p>\n<p>\u00abLas licencias se otorgan bajo los principios de neutralidad tecnol\u00f3gica y de servicios\u00bb, con lo cual \u00abno hace falta\u00bb ninguna regulaci\u00f3n espec\u00edfica para el 5G, como no la hay actualmente para el 4G, explic\u00f3 el subdirector general de Planificaci\u00f3n y Gesti\u00f3n del Espectro Radioel\u00e9ctrico, Antonio Fern\u00e1ndez-Paniagua.<\/p>\n<p>\u00abSe puede y se tiene que empezar con lo que hay, no hay otro mecanismo de atribuci\u00f3n mundial de frecuencias\u00bb, a\u00f1adi\u00f3, al tiempo que record\u00f3 que la tecnolog\u00eda m\u00f3vil de quinta generaci\u00f3n (5G), base del llamado internet de las cosas, \u00abrequiere de econom\u00eda de escalas\u00bb.<\/p>\n<p>Los principales actores implicados en el despliegue del 5G, fabricantes y operadores, en colaboraci\u00f3n con reguladores, est\u00e1n inmersos en la actualidad en la fase de \u00abestandarizaci\u00f3n\u00bb, es decir, en la de decidir qu\u00e9 casos de uso se priorizan en el lanzamiento comercial de la nueva tecnolog\u00eda. La planificaci\u00f3n inicial es que las negociaciones de esta estandarizaci\u00f3n se prolonguen hasta 2018, tras lo cual comenzar\u00e1 la fase de producci\u00f3n y en 2020 empiecen a comercializarse los primeros productos.<\/p>\n<p>\u00abEspa\u00f1a tendr\u00e1 que estar en el 5G y tendr\u00e1 que estar cuanto antes, mejor\u00bb, indic\u00f3 Fern\u00e1ndez-Paniagua, que cit\u00f3 entre las bandas que ya pueden utilizarse para esta tecnolog\u00eda las incluidas entre los 1.427 y los 1.518 y los 3.400 y 3.600 megaherzios, esta \u00faltima \u00abpoco utilizada\u00bb. El ministerio de Industria, adem\u00e1s, est\u00e1 liberando la banda entre los 3.600 y los 3.800 MHz, actualmente ocupada por radioenlaces de servicios fijos, para ponerla en el mercado para servicios de telefon\u00eda m\u00f3vil y esperan que est\u00e9 libre en 2018 para su subasta.<\/p>\n<p>Ha recordado que el 5G fue uno de los asuntos tratados en la reciente Conferencia Mundial de Radiocomunicaciones, celebrada a finales de 2015, en la que se confirm\u00f3 la atribuci\u00f3n al servicio m\u00f3vil de la banda de 694 a 790 MHz, que en Espa\u00f1a est\u00e1 ocupada por la TDT, lo que dar\u00e1 lugar a un segundo dividendo digital.<\/p>\n<p>Adem\u00e1s, en Ginebra se decidi\u00f3 que en la pr\u00f3xima conferencia, en 2019, un punto del orden del d\u00eda ser\u00e1 estudiar nuevas bandas de frecuencias para atribuirlas al servicio m\u00f3vil. \u00abComo el 5G requiere anchos de banda muy grandes y muy baja latencia, van a requerir de nuevas bandas m\u00e1s altas\u00bb, dijo Fern\u00e1ndez-Paniagua.<\/p>\n<p style=\"text-align: justify;\">\nAunque las redes 5G se hallan todav\u00eda en una fase inicial de desarrollo, el consenso de los expertos apunta a que la pr\u00f3xima generaci\u00f3n m\u00f3vil multiplicar\u00e1 las velocidades y reducir\u00e1 la latencia, es decir, el tiempo de respuesta desde que se da una instrucci\u00f3n a un dispositivo hasta que \u00e9ste reacciona. Adem\u00e1s se incrementar\u00e1 el n\u00famero de dispositivos conectados al mismo tiempo entre 10 y 100 veces e incrementar\u00e1 la duraci\u00f3n de las bater\u00edas hasta 10 veces.<\/p>\n","protected":false},"excerpt":{"rendered":"<p>La tecnolog\u00eda de conexi\u00f3n inal\u00e1mbrica m\u00e1s veloz empezar\u00e1 a comercializarse a partir de 2020<\/p>\n","protected":false},"author":1,"featured_media":7883,"comment_status":"closed","ping_status":"closed","sticky":false,"template":"","format":"standard","meta":{"_coblocks_attr":"","_coblocks_dimensions":"","_coblocks_responsive_height":"","_coblocks_accordion_ie_support":"","jetpack_post_was_ever_published":false,"_jetpack_newsletter_access":"","_jetpack_dont_email_post_to_subs":false,"_jetpack_newsletter_tier_id":0,"_jetpack_memberships_contains_paywalled_content":false,"_jetpack_memberships_contains_paid_content":false,"footnotes":"","jetpack_publicize_message":"","jetpack_publicize_feature_enabled":true,"jetpack_social_post_already_shared":false,"jetpack_social_options":{"image_generator_settings":{"template":"highway","default_image_id":0,"enabled":false},"version":2}},"categories":[44,15],"tags":[2403,2402,2404,35,1449],"class_list":["post-7882","post","type-post","status-publish","format-standard","has-post-thumbnail","hentry","category-noticias-de-hoy","category-ultimas-noticias","tag-5g","tag-inalambrico","tag-operadores","tag-tecnologia","tag-velocidad"],"jetpack_publicize_connections":[],"jetpack_featured_media_url":"https:\/\/i0.wp.com\/miradordeatarfe.es\/wp-content\/uploads\/2016\/03\/imagen.php_-1.jpeg?fit=230%2C165&ssl=1","jetpack_likes_enabled":true,"jetpack_sharing_enabled":true,"_links":{"self":[{"href":"https:\/\/miradordeatarfe.es\/index.php?rest_route=\/wp\/v2\/posts\/7882","targetHints":{"allow":["GET"]}}],"collection":[{"href":"https:\/\/miradordeatarfe.es\/index.php?rest_route=\/wp\/v2\/posts"}],"about":[{"href":"https:\/\/miradordeatarfe.es\/index.php?rest_route=\/wp\/v2\/types\/post"}],"author":[{"embeddable":true,"href":"https:\/\/miradordeatarfe.es\/index.php?rest_route=\/wp\/v2\/users\/1"}],"replies":[{"embeddable":true,"href":"https:\/\/miradordeatarfe.es\/index.php?rest_route=%2Fwp%2Fv2%2Fcomments&post=7882"}],"version-history":[{"count":1,"href":"https:\/\/miradordeatarfe.es\/index.php?rest_route=\/wp\/v2\/posts\/7882\/revisions"}],"predecessor-version":[{"id":7884,"href":"https:\/\/miradordeatarfe.es\/index.php?rest_route=\/wp\/v2\/posts\/7882\/revisions\/7884"}],"wp:featuredmedia":[{"embeddable":true,"href":"https:\/\/miradordeatarfe.es\/index.php?rest_route=\/wp\/v2\/media\/7883"}],"wp:attachment":[{"href":"https:\/\/miradordeatarfe.es\/index.php?rest_route=%2Fwp%2Fv2%2Fmedia&parent=7882"}],"wp:term":[{"taxonomy":"category","embeddable":true,"href":"https:\/\/miradordeatarfe.es\/index.php?rest_route=%2Fwp%2Fv2%2Fcategories&post=7882"},{"taxonomy":"post_tag","embeddable":true,"href":"https:\/\/miradordeatarfe.es\/index.php?rest_route=%2Fwp%2Fv2%2Ftags&post=7882"}],"curies":[{"name":"wp","href":"https:\/\/api.w.org\/{rel}","templated":true}]}}