{"id":78827,"date":"2025-09-08T11:17:51","date_gmt":"2025-09-08T09:17:51","guid":{"rendered":"https:\/\/miradordeatarfe.es\/?p=78827"},"modified":"2025-09-07T18:29:06","modified_gmt":"2025-09-07T16:29:06","slug":"se-inaugura-el-curso-en-el-taller-ocupacional-municipal","status":"publish","type":"post","link":"https:\/\/miradordeatarfe.es\/?p=78827","title":{"rendered":"SE INAUGURA EL CURSO EN EL TALLER OCUPACIONAL MUNICIPAL"},"content":{"rendered":"<h3 style=\"text-align: justify;\"><strong>El Ayuntamiento de Atarfe ha dados inicio a un nuevo curso en el Taller Ocupacional Municipal, uno de los compromisos m\u00e1s importantes con las familias de Atarfe. Un recurso esencial para apoyar a hijos e hijas con necesidades de atenci\u00f3n a la diversidad.<\/strong><\/h3>\n<p style=\"text-align: justify;\">El Taller ocupacional\u00a0 es un espacio de atenci\u00f3n a las personas con discapacidad donde pueden desarrollar actividades ocupacionales pero, al mismo tiempo, es una antesala para todos aquellos que puedan acceder al mercado laboral ordinario.<\/p>\n<p style=\"text-align: justify;\">Este taller no solo ofrece un espacio educativo y de desarrollo, sino que tambi\u00e9n supone un gran apoyo para que las familias puedan conciliar su vida laboral y familiar con mayor tranquilidad.<\/p>\n<p style=\"text-align: justify;\">El Ayuntamiento ha\u00a0 agradecido a la Asociaci\u00f3n APIEMA y, muy especialmente, a su presidenta Josefina Rodero y a Juan Carlos Carvajal, que con su esfuerzo y dedicaci\u00f3n hacen realidad este proyecto d\u00eda a d\u00eda.\u00a0En Atarfe seguimos trabajando para que la inclusi\u00f3n, la igualdad de oportunidades y el apoyo a las familias sean una prioridad. <span class=\"x193iq5w xeuugli x13faqbe x1vvkbs x1xmvt09 x1lliihq x1s928wv xhkezso x1gmr53x x1cpjm7i x1fgarty x1943h6x xudqn12 x3x7a5m x6prxxf xvq8zen xo1l8bm xzsf02u x1yc453h\" dir=\"auto\">En APIEMA se sigue trabajando con la convicci\u00f3n de que cada paso cuenta para construir un Atarfe m\u00e1s inclusivo y con m\u00e1s apoyos para quienes m\u00e1s lo necesitan<\/span><\/p>\n<p style=\"text-align: justify;\">Gracias a todos los que lo hac\u00e9is posible\u00a0 que este centro ocupacional tenga como finalidad asegurar la integraci\u00f3n laboral y la realizaci\u00f3n personal y social.<\/p>\n<p><iframe loading=\"lazy\" title=\"\u2728 INAUGURAMOS EL CURSO EN EL TALLER OCUPACIONAL MUNICIPAL \u2728\" width=\"540\" height=\"960\" src=\"https:\/\/www.youtube.com\/embed\/1kJcQqqGL2A?feature=oembed\" frameborder=\"0\" allow=\"accelerometer; autoplay; clipboard-write; encrypted-media; gyroscope; picture-in-picture; web-share\" referrerpolicy=\"strict-origin-when-cross-origin\" allowfullscreen><\/iframe><\/p>\n","protected":false},"excerpt":{"rendered":"<p>El Ayuntamiento de Atarfe ha dados inicio a un nuevo curso en el Taller Ocupacional&#8230;<\/p>\n","protected":false},"author":1,"featured_media":78828,"comment_status":"closed","ping_status":"closed","sticky":false,"template":"","format":"standard","meta":{"_coblocks_attr":"","_coblocks_dimensions":"","_coblocks_responsive_height":"","_coblocks_accordion_ie_support":"","jetpack_post_was_ever_published":false,"_jetpack_newsletter_access":"","_jetpack_dont_email_post_to_subs":false,"_jetpack_newsletter_tier_id":0,"_jetpack_memberships_contains_paywalled_content":false,"_jetpack_memberships_contains_paid_content":false,"footnotes":"","jetpack_publicize_message":"","jetpack_publicize_feature_enabled":true,"jetpack_social_post_already_shared":true,"jetpack_social_options":{"image_generator_settings":{"template":"highway","default_image_id":0,"enabled":false},"version":2}},"categories":[6916,186,44,6937],"tags":[],"class_list":["post-78827","post","type-post","status-publish","format-standard","has-post-thumbnail","hentry","category-ayuntamiento-de-atarfe","category-instituciones","category-noticias-de-hoy","category-sociedad"],"jetpack_publicize_connections":[],"jetpack_featured_media_url":"https:\/\/i0.wp.com\/miradordeatarfe.es\/wp-content\/uploads\/2025\/09\/Screenshot-2025-09-07-at-18-26-18-20-Facebook.png?fit=501%2C406&ssl=1","jetpack_likes_enabled":true,"jetpack_sharing_enabled":true,"_links":{"self":[{"href":"https:\/\/miradordeatarfe.es\/index.php?rest_route=\/wp\/v2\/posts\/78827","targetHints":{"allow":["GET"]}}],"collection":[{"href":"https:\/\/miradordeatarfe.es\/index.php?rest_route=\/wp\/v2\/posts"}],"about":[{"href":"https:\/\/miradordeatarfe.es\/index.php?rest_route=\/wp\/v2\/types\/post"}],"author":[{"embeddable":true,"href":"https:\/\/miradordeatarfe.es\/index.php?rest_route=\/wp\/v2\/users\/1"}],"replies":[{"embeddable":true,"href":"https:\/\/miradordeatarfe.es\/index.php?rest_route=%2Fwp%2Fv2%2Fcomments&post=78827"}],"version-history":[{"count":1,"href":"https:\/\/miradordeatarfe.es\/index.php?rest_route=\/wp\/v2\/posts\/78827\/revisions"}],"predecessor-version":[{"id":78829,"href":"https:\/\/miradordeatarfe.es\/index.php?rest_route=\/wp\/v2\/posts\/78827\/revisions\/78829"}],"wp:featuredmedia":[{"embeddable":true,"href":"https:\/\/miradordeatarfe.es\/index.php?rest_route=\/wp\/v2\/media\/78828"}],"wp:attachment":[{"href":"https:\/\/miradordeatarfe.es\/index.php?rest_route=%2Fwp%2Fv2%2Fmedia&parent=78827"}],"wp:term":[{"taxonomy":"category","embeddable":true,"href":"https:\/\/miradordeatarfe.es\/index.php?rest_route=%2Fwp%2Fv2%2Fcategories&post=78827"},{"taxonomy":"post_tag","embeddable":true,"href":"https:\/\/miradordeatarfe.es\/index.php?rest_route=%2Fwp%2Fv2%2Ftags&post=78827"}],"curies":[{"name":"wp","href":"https:\/\/api.w.org\/{rel}","templated":true}]}}