{"id":78830,"date":"2025-09-08T10:31:31","date_gmt":"2025-09-08T08:31:31","guid":{"rendered":"https:\/\/miradordeatarfe.es\/?p=78830"},"modified":"2025-09-07T18:38:06","modified_gmt":"2025-09-07T16:38:06","slug":"iniciativa-legislativa-popular-para-revertir-el-deterioro-de-la-sanidad-publica-andaluza-y-frenar-la-privatizacion","status":"publish","type":"post","link":"https:\/\/miradordeatarfe.es\/?p=78830","title":{"rendered":"Iniciativa legislativa popular para revertir el deterioro de la sanidad p\u00fablica andaluza y frenar la privatizaci\u00f3n"},"content":{"rendered":"<div id=\"main\">\n<div class=\"item\">\n<h3 class=\"anteti\">57.000 firmas avalan la proposici\u00f3n de ley, impulsada las mareas blancas<\/h3>\n<div class=\"cols2-2\">\n<div class=\"colA\">\n<div class=\"entrad\">Te informamos de la Proposici\u00f3n de Ley impulsada por las Mareas Blancas, y avalada con 57.000 firmas, en defensa de la sanidad p\u00fablica, que deber\u00e1 ser debatida en el Parlamento de Andaluc\u00eda, con el objetivo de blindarla y limitar la privatizaci\u00f3n para cambiar el rumbo de deterioro actual.<\/div>\n<div class=\"cuerpo\">\n<p>La situaci\u00f3n de deterioro de la sanidad p\u00fablica andaluz, y lo que m\u00e1s preocupa al PP, con las elecciones auton\u00f3micas previsiblemente a la vuelta del oto\u00f1o, el malestar extendido entre la ciudadan\u00eda ya no es solo el ariete con el que partidos de izquierda y sindicatos golpean al Gobierno de mayor\u00eda absoluta de Juan Manuel Moreno. Es ya el segundo problema para los andaluces y andaluzas, seg\u00fan el propio CIS de la Junta, el Centra. Y a tan solo ya de 3,2 puntos, del primero, la falta de trabajo, seg\u00fan el \u00faltimo bar\u00f3metro de junio pasado.<\/p>\n<p>Ante el evidente descontento generalizado, con protestas cada vez m\u00e1s numerosas, ante las insoportables listas de espera y los tiempos para ser atendidos, la Asociaci\u00f3n para la Defensa de la Sanidad P\u00fablica de Andaluc\u00eda (ADSP-A) quiso dar un paso m\u00e1s y pasar a la acci\u00f3n. Primero, con la elaboraci\u00f3n del Primer Informe sobre Desigualdades Sociales y Salud de Andaluc\u00eda (INDESAN), con la colaboraci\u00f3n de decenas de expertos en Salud P\u00fablica y en Epidemiolog\u00eda Social.<\/p>\n<p>Tras ello, y constatar que la poblaci\u00f3n de Andaluc\u00eda tiene, de forma continuada, una esperanza de vida al nacimiento y esperanza de vida libre de discapacidad en la vejez inferior a la media nacional se propuso hace un a\u00f1o trasladar la preocupaci\u00f3n por el deterioro la sanidad p\u00fablica al Parlamento con una Iniciativa Legislativa Popular (ILP) con el fin de blindarla de la progresiva privatizaci\u00f3n que, denuncian, viene aplicando el PP desde que lleg\u00f3 a la Junta en 2019.<\/p>\n<div class=\"divdest\"><span style=\"color: #800000;\"><strong>\u00abUn grito de auxilio ante una situaci\u00f3n insostenible\u00bb. <\/strong>La coordinadora de Mareas Blancas de Andaluc\u00eda present\u00f3 este martes las 57.209 firmas que valan la Proposici\u00f3n de Ley en defensa de la sanidad p\u00fablica ante la Oficina del censo electoral de Sevilla, coincidiendo con una multitudinaria concentraci\u00f3n, con unas 5.000 personas, convocadas por los sindicatos Satse, CSIF, CCOO y UGT y las Mareas Blancas.<\/span><\/p>\n<p><span style=\"color: #800000;\">Definieron la protesta como \u00abun grito de auxilio ante una situaci\u00f3n insostenible\u00bb y contra la \u00abestrategia deliberada\u00bb de la Junta de Andaluc\u00eda de \u00abdebilitar lo p\u00fablico para justificar la progresiva privatizaci\u00f3n de la sanidad p\u00fablica andaluza\u00bb, se\u00f1alan.<\/span><\/p>\n<p><span style=\"color: #800000;\">\u00abLo que algunos intentan presentar como una crisis estacional es, en realidad, el resultado de una pol\u00edtica sanitaria que prioriza intereses privados por encima del bien com\u00fan, poniendo en riesgo la salud de toda la ciudadan\u00eda. Mientras tanto los profesionales, agotados y en m\u00ednimos hist\u00f3ricos, intentan mantener en pie un sistema cada vez m\u00e1s fr\u00e1gil\u00bb, han explicado.<\/span><\/p>\n<p><span style=\"color: #800000;\">Asimismo, las cuatro organizaciones han querido aclarar que \u00abmantienen su compromiso de continuar moviliz\u00e1ndose hasta que se cumplan los acuerdos suscritos y se adopten medidas tan urgentes como el aumento de plantilla con empleo estable, reducci\u00f3n de listas de espera y el blindaje del sistema sanitario p\u00fablico andaluz frente a la privatizaci\u00f3n\u00bb.<\/span><\/p>\n<p><span style=\"color: #800000;\">Por su parte, portavoces de Marea Blanca han declarado que se trata de una Iniciativa Legislativa Popular \u00abpara que no mienta la Administraci\u00f3n auton\u00f3mica m\u00e1s, para que no diga cosas que no son reales\u00bb, adem\u00e1s de que \u00abplanteamos soluciones y alternativas reales a la problem\u00e1tica de la sanidad andaluza\u00bb.<\/span><\/p>\n<p>A su vez, han \u00abanimado a la gente de que no nos rindamos. No nos van a robar el sistema que tanto tiempo nos cost\u00f3\u00bb. De este modo, ha sostenido que espera que \u00ablos profesionales se rebelen\u00bb. \u00abMe gustar\u00eda que se rebelaran. Est\u00e1n acabando con ellos. Si yo soy onc\u00f3logo y le doy seis meses a una persona para que se haga un TAC, me est\u00e1n matando a m\u00ed como profesional\u00bb, relataba uno de los portavoces de Marea Blanca.<\/p><\/div>\n<div>El proceso ha contado con el apoyo de un total de 57.209 firmas, lo que ha superado holgadamente las 40.000 firmas necesarias para que la Iniciativa Legislativa Popular pueda ser admitida a tr\u00e1mite por la Mesa del Parlamento de Andaluc\u00eda. Una vez verificadas por parte la Junta Electoral Central, la ILP se tramitar\u00e1 como una proposici\u00f3n de ley m\u00e1s, pasando por las fases de comisi\u00f3n, debate y posterior votaci\u00f3n en el pleno. Obligar\u00e1, al menos, al PP-A a retratarse. Ya cuenta con el apoyo del PSOE-A, Por Andaluc\u00eda y Adelante Andaluc\u00eda.<\/div>\n<p>Titulada Proposici\u00f3n de Ley de recuperaci\u00f3n de los niveles de calidad del sistema sanitario p\u00fablico en Andaluc\u00eda, la necesidad de cambiar el rumbo de deterioro actual de la sanidad p\u00fablica, mediante la modificaci\u00f3n de algunos art\u00edculos de la Ley 2\/1998 de Salud de Andaluc\u00eda, para regular aspectos fundamentales como la universalizaci\u00f3n de la sanidad p\u00fablica andaluza y la generaci\u00f3n de un sistema de conocimiento y control eficaz de la ciudadan\u00eda sobre las decisiones de la Administraci\u00f3n en todo lo que afecte a la sanidad p\u00fablica.<\/p>\n<p>Y, sobre todo, blindar la sanidad p\u00fablica andaluza con la garant\u00eda de una financiaci\u00f3n adecuada de la actividad de los centros de salud y los hospitales p\u00fablicos, y<a href=\"https:\/\/www.elindependientedegranada.es\/politica\/junta-destinara-533-millones-sanidad-privada-intentar-reducir-listas-espera-hospitales\"> regular y limitar el papel excepcional, subsidiario y temporal de la concertaci\u00f3n con el sector privado<\/a>.<\/p>\n<h4><strong>\u201cAdelgazamiento progresivo del sector sanitario p\u00fablico y un crecimiento continuo del privado\u201d<\/strong><\/h4>\n<p>En la exposici\u00f3n de motivos, la Proposici\u00f3n de Ley sostiene que, desde el a\u00f1o 2019 \u201cel deterioro de la Sanidad P\u00fablica se ha hecho m\u00e1s intenso a\u00fan. El modelo de gesti\u00f3n que desde esa fecha se ha intensificado es el llamado de colaboraci\u00f3n sanitaria p\u00fablico-privada, que, en la pr\u00e1ctica, est\u00e1 resultando en un adelgazamiento progresivo del sector sanitario p\u00fablico y un crecimiento continuo del privado. Es conocido que el deterioro de la Sanidad P\u00fablica es un requisito previo imprescindible para plantear la privatizaci\u00f3n de la misma. Sea o no sea \u00e9se el objetivo, \u00e9sta es la realidad actual\u201d.<\/p>\n<div class=\"media media-element-container media-default\">\n<div id=\"file-118780\" class=\"file file-image file-image-jpeg\">\n<h2 class=\"element-invisible\"><img data-recalc-dims=\"1\" loading=\"lazy\" decoding=\"async\" class=\"media-element file-default\" src=\"https:\/\/i0.wp.com\/www.elindependientedegranada.es\/sites\/default\/files\/mareagra.jpeg?resize=640%2C480&#038;ssl=1\" alt=\"\" width=\"640\" height=\"480\" data-delta=\"2\" \/><\/h2>\n<\/div>\n<\/div>\n<p class=\"pie\">Una de las protestas por la sanidad p\u00fablica en Granada. <span class=\"firma\">IndeGranada.<\/span><\/p>\n<p>\u201cLas decisiones privatizadoras se acumulan en este periodo. Se deroga el complemento de exclusividad que percib\u00edan aquellos profesionales m\u00e9dicos que trabajaban s\u00f3lo en la Sanidad P\u00fablica, incluyendo los cargos sanitarios intermedios, a los que, adem\u00e1s, se les elimina la incompatibilidad p\u00fablica\/privada. Se emplea de forma creciente la derivaci\u00f3n de fondos de los presupuestos sanitarios andaluces para aumentar los conciertos con las cl\u00ednicas privadas y, tambi\u00e9n, los pagos a otros agentes del sector privado, mediante la supresi\u00f3n de los sistemas de control del gasto (subasta de medicamentos, etc.). As\u00ed, se aumentan la desviaci\u00f3n de pacientes a los centros con \u00e1nimo de lucro tanto para intervenciones quir\u00fargicas como para exploraciones complementarias diagn\u00f3sticas\u201d.<\/p>\n<p>\u201cSe consideran a dichas cl\u00ednicas como hospitales p\u00fablicos de referencia, sin auditar de forma suficiente sus niveles de calidad. Y todo ello se hace sin que los recursos sanitarios p\u00fablicos propios est\u00e9n en su m\u00e1ximo rendimiento, con lo que se est\u00e1 incumpliendo la Ley General de Sanidad, que establece el uso en toda su potencia de los centros p\u00fablicos, antes de acudir a otros medios (art\u00edculos 90.1 y 90,2)\u201d.<\/p>\n<p class=\"sumari\"><strong>\u201cTodas las decisiones descritas han determinado el profundo deterioro actual. La Atenci\u00f3n Primaria ha dejado de ser accesible (demora media de cita entre 10-14 d\u00edas)\u00bb<\/strong><\/p>\n<p>\u00a0Se ha perdido la longitudinalidad asistencial (es decir, una persona debe ser atendida de forma estable por el mismo equipo m\u00e9dico), y se han eliminado sus funciones de promoci\u00f3n de la salud de la comunidad y prevenci\u00f3n de sus enfermedades. Estas actividades asistenciales de la Atenci\u00f3n Primaria son cruciales ya que se ha demostrado que, por s\u00ed solas, son capaces de disminuir la mortalidad de la poblaci\u00f3n en un 30%\u201d.<\/p>\n<p class=\"sumari\"><strong>\u00abAsimismo, las listas de espera sanitarias, tanto las diagn\u00f3sticas como las quir\u00fargicas se han visto incrementadas de forma escandalosa\u00bb<\/strong><\/p>\n<p>. Esto ha dado lugar a que los tiempos de espera actuales hayan aumentado, en muchos casos por encima de los plazos m\u00e1ximos marcados por los decretos reguladores, lo que establece una ilegalidad flagrante y duradera. Aunque esta realidad se ha tratado de ocultar durante los \u00faltimos a\u00f1os (2021-2023), al final, han terminado conoci\u00e9ndose. Actualmente el 12,5% de la poblaci\u00f3n andaluza est\u00e1 en alguna de esas listas. Adem\u00e1s, hay muchos pacientes que est\u00e1n \u201cesperando\u201d sin estar en las listas (las agendas est\u00e1n cerradas, etc.). La situaci\u00f3n en las \u00e1reas rurales es de abandono completo en muchas comarcas\u201d.<\/p>\n<p><strong>\u201cDespu\u00e9s de varios a\u00f1os siguiendo esta pol\u00edtica de derivaciones asistenciales y de recursos econ\u00f3micos al sector privado, la situaci\u00f3n sanitaria en Andaluc\u00eda no solo no ha mejorado, sino que est\u00e1 empeorando. En este sentido, hay evidencias que indican que, si se emplearan los fondos p\u00fablicos derivados al sector privado en los Centros P\u00fablicos, el deterioro actual se paliar\u00eda sustancialmente\u201d.<\/strong><\/p>\n<p>\u201cNo s\u00f3lo existe un sufrimiento insoportable de una parte importante de la poblaci\u00f3n andaluza, que est\u00e1 en espera de ser atendida, sino que sus vidas pueden estar en peligro si no se conoce a tiempo el diagn\u00f3stico de sus padecimientos. De hecho, existen evidencias cient\u00edficas que permiten anticipar que los efectos nocivos de esta situaci\u00f3n pueden provocar aumentos de la mortalidad tratable de la poblaci\u00f3n andaluza\u201d.<\/p>\n<div class=\"divdest\">\u201cPor todo ello, y ante la duraci\u00f3n insostenible de esta situaci\u00f3n a lo largo de a\u00f1os sin visos de mejora, es por lo que se propone <strong>una nueva legalidad que d\u00e9 fin al deterioro presente de la Sanidad P\u00fablica y que garantice su correcto funcionamiento<\/strong>. Las modificaciones de la Ley 2\/1998 de Salud de Andaluc\u00eda que se plantean en la presente Proposici\u00f3n, van encaminados a poner en marcha sistemas de control social de las decisiones de la Administraci\u00f3n sobre la Sanidad P\u00fablica, potenciar el necesario desarrollo de los recursos propios en todos los niveles asistenciales para garantizar la accesibilidad de los ciudadanos y el correcto funcionamiento de los mismos y, por \u00faltimo, regular y limitar el papel excepcional, subsidiario y temporal de la concertaci\u00f3n con el sector privado\u201d.<\/div>\n<h4>\u201cEn ning\u00fan caso podr\u00e1n prestarse por gesti\u00f3n indirecta, mediante concierto, convenio o cualquier otra f\u00f3rmula\u201d<\/h4>\n<p>Entre las 25 modificaciones que plantea a la vigente Ley de Salud de Andaluc\u00eda, propone una nueva redacci\u00f3n del art\u00edculo 44, para expresar que \u201cel modelo organizativo en el \u00e1mbito del Sistema Nacional de Salud consistir\u00e1 en la titularidad p\u00fablica y la gesti\u00f3n p\u00fablica directa de los servicios, centros y establecimientos sanitarios\u201d.<\/p>\n<p class=\"sumari\">\u00abEn ning\u00fan caso podr\u00e1n prestarse por gesti\u00f3n indirecta, mediante concierto, convenio o cualquier otra f\u00f3rmula, los servicios, centros y establecimientos sanitarios que se creen o se est\u00e9n gestionando de forma directa en el marco del Sistema Nacional de Salud\u00bb<\/p>\n<p>Y en su punto 2 subrayar: \u201cEn ning\u00fan caso podr\u00e1n prestarse por gesti\u00f3n indirecta, mediante concierto, convenio o cualquier otra f\u00f3rmula, los servicios, centros y establecimientos sanitarios que se creen o se est\u00e9n gestionando de forma directa en el marco del Sistema Nacional de Salud\u201d.<\/p>\n<p>En otro punto de este art\u00edculo garantiza \u201cla prestaci\u00f3n de una atenci\u00f3n integral de la salud procurando altos niveles de calidad debidamente evaluados y controlados\u201d.<\/p>\n<p>En otro art\u00edculo (52) la modificaci\u00f3n obliga al Gobierno andaluz a que \u201cla red de atenci\u00f3n primaria tendr\u00e1 un dimensionamiento de personal suficiente para garantizar la asistencia sanitaria a demanda en un plazo no superior a 48 horas y en la atenci\u00f3n programada se respete el criterio facultativo que lo designa\u201d.<\/p>\n<p>De igual forma, en la reforma del art\u00edculo 54, sobre atenci\u00f3n especializada: \u201cEl Hospital dimensionar\u00e1 todos sus servicios como los recursos humanos encaminados para asegurar una atenci\u00f3n sanitaria hospitalaria con una lista de espera inferior a 30 d\u00edas para consultas, tanto primeras como sucesivas y para intervenciones quir\u00fargicas inferior a 60 d\u00edas\u201d.<\/p>\n<p class=\"img\">\u00a0<\/p>\n<div class=\"media media-element-container media-default\">\n<div id=\"file-118781\" class=\"file file-image file-image-jpeg\">\n<div class=\"content\"><img data-recalc-dims=\"1\" loading=\"lazy\" decoding=\"async\" class=\"media-element file-default\" src=\"https:\/\/i0.wp.com\/www.elindependientedegranada.es\/sites\/default\/files\/visita_clinico_1.jpg?resize=640%2C426&#038;ssl=1\" alt=\"\" width=\"640\" height=\"426\" data-delta=\"3\" \/><\/div>\n<\/div>\n<\/div>\n<p class=\"pie\">El presidente de la Junta con la consejera y la alcaldesa en una visita al hospital del PTS. <span class=\"firma\">Junta de Andalucia.<\/span><\/p>\n<p>En la modificaci\u00f3n del art\u00edculo 73, reitera: \u201cLa Administraci\u00f3n sanitaria asegurar\u00e1 la existencia de suficientes recursos sanitarios de cada nivel asistencial, humanos y materiales, previendo las necesidades especiales en situaciones de emergencia\u201d.<\/p>\n<p class=\"sumari\">\u00abLa Administraci\u00f3n sanitaria asegurar\u00e1 la existencia de suficientes recursos sanitarios de cada nivel asistencial, humanos y materiales, previendo las necesidades especiales en situaciones de emergencia\u201d<\/p>\n<p>Y sit\u00faa una excepci\u00f3n a los conciertos privados (73.2): \u201cLos centros sanitarios de gesti\u00f3n directa del Sistema Nacional de Salud solo podr\u00e1n establecer conciertos privados en supuestos excepcionales de necesidad, para circunstancias urgentes y sobrevenidas, y previo informe razonado y p\u00fablico de los consejos de salud correspondientes, informes que ser\u00e1n p\u00fablicos y preceptivos, pero no vinculantes\u201d.<\/p>\n<p>En la reforma del art\u00edculo 74 abunda en lo anterior: \u201cLos convenios y conciertos sanitarios en vigor actualmente se mantendr\u00e1n activos, pero la Consejer\u00eda de Salud deber\u00e1 ir planificando el necesario aumento de centros y recurso p\u00fablicos para que, en un plazo no superior a 5 a\u00f1os, los conciertos se adapten a lo estipulado en el art\u00edculo 73 apartado 2\u201d.<\/p>\n<p class=\"sumari\"><strong>\u00abEl r\u00e9gimen de concierto ser\u00e1 incompatible con la percepci\u00f3n de subvenciones destinadas a la financiaci\u00f3n de las actividades o servicios que hayan sido objeto del concierto\u201d<\/strong><\/p>\n<p>\u201cLa suscripci\u00f3n de convenios y conciertos con entidades, empresas o profesionales para la prestaci\u00f3n de servicios sanitarios se realizar\u00e1 siempre seg\u00fan lo previsto en el art\u00edculo 73.2 y teniendo en cuenta los principios de necesidades de atenci\u00f3n en cada momento, urgencia de la misma, limitaci\u00f3n temporal a la duraci\u00f3n de la contingencia sobrevenida, as\u00ed como al cumplimiento de las condiciones determinantes de la autorizaci\u00f3n sanitaria, y de cuantas disposiciones y normas afecten a las actividades conveniadas o concertadas, y las obligaciones especialmente previstas en contrataci\u00f3n de los servicios sanitarios. La previa autorizaci\u00f3n sanitaria incluir\u00e1 tambi\u00e9n las operaciones de homologaci\u00f3n y acreditaci\u00f3n. En igualdad de condiciones de eficacia, eficiencia y calidad, las entidades sin \u00e1nimo de lucro tendr\u00e1n consideraci\u00f3n preferente para la suscripci\u00f3n de convenios y conciertos\u201d.<\/p>\n<p>Y en la reforma del 76 especifica: \u201cEl r\u00e9gimen de concierto ser\u00e1 incompatible con la percepci\u00f3n de subvenciones destinadas a la financiaci\u00f3n de las actividades o servicios que hayan sido objeto del concierto\u201d. Para a\u00f1adir en otro punto: \u201cLa consejer\u00eda de Salud adoptar\u00e1 las medidas necesarias para auditar, la calidad asistencial, la equidad en el acceso y el coste econ\u00f3mico de los servicios y centros financiados con dinero p\u00fablico y sometidos a gesti\u00f3n privada, incluyendo los servicios considerados no sanitarios\u201d.<\/p>\n<p><strong> <span class=\"autor\"> Redacci\u00f3n El Independiente de Granada<\/span><\/strong><\/p>\n<p>FOTO:MANIFESTACI\u00d3N EN GRANADA<\/p>\n<p>https:\/\/www.elindependientedegranada.es\/politica\/iniciativa-legislativa-popular-revertir-deterioro-sanidad-publica-andaluza-frenar<\/p>\n<\/div>\n<\/div>\n<\/div>\n<\/div>\n<\/div>\n","protected":false},"excerpt":{"rendered":"<p>57.000 firmas avalan la proposici\u00f3n de ley, impulsada las mareas blancas Te informamos de la&#8230;<\/p>\n","protected":false},"author":1,"featured_media":78831,"comment_status":"closed","ping_status":"closed","sticky":false,"template":"","format":"standard","meta":{"_coblocks_attr":"","_coblocks_dimensions":"","_coblocks_responsive_height":"","_coblocks_accordion_ie_support":"","jetpack_post_was_ever_published":false,"_jetpack_newsletter_access":"","_jetpack_dont_email_post_to_subs":false,"_jetpack_newsletter_tier_id":0,"_jetpack_memberships_contains_paywalled_content":false,"_jetpack_memberships_contains_paid_content":false,"footnotes":"","jetpack_publicize_message":"","jetpack_publicize_feature_enabled":true,"jetpack_social_post_already_shared":true,"jetpack_social_options":{"image_generator_settings":{"template":"highway","default_image_id":0,"enabled":false},"version":2}},"categories":[10791,1161,44,10805],"tags":[],"class_list":["post-78830","post","type-post","status-publish","format-standard","has-post-thumbnail","hentry","category-andalucia","category-ciudadania","category-noticias-de-hoy","category-plataforma-por-la-sanidad-de-atarfe"],"jetpack_publicize_connections":[],"jetpack_featured_media_url":"https:\/\/i0.wp.com\/miradordeatarfe.es\/wp-content\/uploads\/2025\/09\/mareablancaaa.jpeg?fit=650%2C366&ssl=1","jetpack_likes_enabled":true,"jetpack_sharing_enabled":true,"_links":{"self":[{"href":"https:\/\/miradordeatarfe.es\/index.php?rest_route=\/wp\/v2\/posts\/78830","targetHints":{"allow":["GET"]}}],"collection":[{"href":"https:\/\/miradordeatarfe.es\/index.php?rest_route=\/wp\/v2\/posts"}],"about":[{"href":"https:\/\/miradordeatarfe.es\/index.php?rest_route=\/wp\/v2\/types\/post"}],"author":[{"embeddable":true,"href":"https:\/\/miradordeatarfe.es\/index.php?rest_route=\/wp\/v2\/users\/1"}],"replies":[{"embeddable":true,"href":"https:\/\/miradordeatarfe.es\/index.php?rest_route=%2Fwp%2Fv2%2Fcomments&post=78830"}],"version-history":[{"count":1,"href":"https:\/\/miradordeatarfe.es\/index.php?rest_route=\/wp\/v2\/posts\/78830\/revisions"}],"predecessor-version":[{"id":78832,"href":"https:\/\/miradordeatarfe.es\/index.php?rest_route=\/wp\/v2\/posts\/78830\/revisions\/78832"}],"wp:featuredmedia":[{"embeddable":true,"href":"https:\/\/miradordeatarfe.es\/index.php?rest_route=\/wp\/v2\/media\/78831"}],"wp:attachment":[{"href":"https:\/\/miradordeatarfe.es\/index.php?rest_route=%2Fwp%2Fv2%2Fmedia&parent=78830"}],"wp:term":[{"taxonomy":"category","embeddable":true,"href":"https:\/\/miradordeatarfe.es\/index.php?rest_route=%2Fwp%2Fv2%2Fcategories&post=78830"},{"taxonomy":"post_tag","embeddable":true,"href":"https:\/\/miradordeatarfe.es\/index.php?rest_route=%2Fwp%2Fv2%2Ftags&post=78830"}],"curies":[{"name":"wp","href":"https:\/\/api.w.org\/{rel}","templated":true}]}}