{"id":78847,"date":"2025-09-19T11:34:28","date_gmt":"2025-09-19T09:34:28","guid":{"rendered":"https:\/\/miradordeatarfe.es\/?p=78847"},"modified":"2025-09-08T12:34:12","modified_gmt":"2025-09-08T10:34:12","slug":"tesoros-por-descubrir-en-atarfe","status":"publish","type":"post","link":"https:\/\/miradordeatarfe.es\/?p=78847","title":{"rendered":"\u00abTESOROS POR DESCUBRIR EN ATARFE\u00bb por Teresa Garc\u00eda del Moral"},"content":{"rendered":"<h3 style=\"text-align: justify;\">Parecer\u00eda que, con todos los estudios e investigaciones que se han hecho sobre Atarfe ya est\u00e1 todo \u201csabido\u201d, pero no podemos imaginar la cantidad de espacios y lugares que, como resultado de la antropizaci\u00f3n o intervenci\u00f3n humana (edificaciones y construcciones, explotaciones mineras, talas, derrumbes o demoliciones, desforestaci\u00f3n, canteras, etc.) o por la de la naturaleza (erosi\u00f3n, avenidas de agua, sedimentaci\u00f3n, terremotos, etc.) han sobrevenido, a lo largo de los tiempos en el pueblo y su provincia, contribuyendo, de alguna manera, a la transformaci\u00f3n de su paisaje.<\/h3>\n<p style=\"text-align: justify;\">Como ya comentamos en anteriores art\u00edculos, para poder llevar adelante un estudio en profundidad sobre Atarfe (nombres de lugar que han conformado el espacio de Atarfe; de sus habitantes -posesiones, tareas y oficios que desempe\u00f1aban, la historia de sus apellidos-; las explotaciones mineras que se llevaron a cabo en el siglo XIX y principios del XX; y tantas otras cosas) necesitamos constituir un grupo de personas interesadas capaces de acometer las investigaciones pertinentes, que contacten con personas mayores conocedoras de los lugares o con otras que conserven en sus casas documentos antiguos (escrituras de compraventa o testamentos antiguos en los que figuren parajes o pagos hoy desaparecidos, expedientes de concesi\u00f3n de minas\u2026), fotos antiguas de oficios hoy en desuso u otros documentos de inter\u00e9s); de igual manera, que puedan visitar los distintos archivos y consultar la informaci\u00f3n existente. Que aprendan a adentrarse en ese mundo de la toponimia, ese ingente patrimonio cultural inmaterial que se est\u00e1 perdiendo. Atarfe cuenta con impagables fuentes para su estudio: <em><i>Libro de Apeos y Repartimiento<\/i><\/em>; mapas hist\u00f3ricos y actuales; <em><i>Catastro del Marqu\u00e9s de la Ensenada<\/i><\/em>; Amillaramientos; expedientes mineros; documentos particulares de dotes, de donaci\u00f3n, etc.<\/p>\n<p style=\"text-align: justify;\">Pongamos un ejemplo poco conocido. Atarfe contaba a mediados del siglo XIX con alrededor de 140 minas (seg\u00fan consta en los expedientes mineros conservados en el Archivo Hist\u00f3rico Provincial de Granada), de las cuales: 4 eran de mercurio, 33 de alcohol o galena, 41 de plomo, 30 de hierro, 9 de plata, 2 de carb\u00f3n piedra, 1 de piedra y m\u00e1rmol, 2 de oro, 2 de cobre, 1 de cobre y plata, 7 de zinc, 1 de calamina y 2 de piedras preciosas.<\/p>\n<p style=\"text-align: justify;\"><img data-recalc-dims=\"1\" loading=\"lazy\" decoding=\"async\" class=\"alignnone wp-image-78851 size-full\" src=\"https:\/\/i0.wp.com\/miradordeatarfe.es\/wp-content\/uploads\/2025\/09\/denuncio-2-scaled.jpg?resize=640%2C495&#038;ssl=1\" alt=\"\" width=\"640\" height=\"495\" srcset=\"https:\/\/i0.wp.com\/miradordeatarfe.es\/wp-content\/uploads\/2025\/09\/denuncio-2-scaled.jpg?w=2560&amp;ssl=1 2560w, https:\/\/i0.wp.com\/miradordeatarfe.es\/wp-content\/uploads\/2025\/09\/denuncio-2-scaled.jpg?resize=300%2C232&amp;ssl=1 300w, https:\/\/i0.wp.com\/miradordeatarfe.es\/wp-content\/uploads\/2025\/09\/denuncio-2-scaled.jpg?resize=1024%2C793&amp;ssl=1 1024w, https:\/\/i0.wp.com\/miradordeatarfe.es\/wp-content\/uploads\/2025\/09\/denuncio-2-scaled.jpg?resize=768%2C594&amp;ssl=1 768w, https:\/\/i0.wp.com\/miradordeatarfe.es\/wp-content\/uploads\/2025\/09\/denuncio-2-scaled.jpg?resize=1536%2C1189&amp;ssl=1 1536w, https:\/\/i0.wp.com\/miradordeatarfe.es\/wp-content\/uploads\/2025\/09\/denuncio-2-scaled.jpg?resize=2048%2C1585&amp;ssl=1 2048w, https:\/\/i0.wp.com\/miradordeatarfe.es\/wp-content\/uploads\/2025\/09\/denuncio-2-scaled.jpg?resize=1320%2C1022&amp;ssl=1 1320w, https:\/\/i0.wp.com\/miradordeatarfe.es\/wp-content\/uploads\/2025\/09\/denuncio-2-scaled.jpg?w=1920&amp;ssl=1 1920w\" sizes=\"auto, (max-width: 640px) 100vw, 640px\" \/> <img data-recalc-dims=\"1\" loading=\"lazy\" decoding=\"async\" class=\"alignnone wp-image-78852 size-full\" src=\"https:\/\/i0.wp.com\/miradordeatarfe.es\/wp-content\/uploads\/2025\/09\/denuncio-1-scaled.jpg?resize=640%2C751&#038;ssl=1\" alt=\"\" width=\"640\" height=\"751\" srcset=\"https:\/\/i0.wp.com\/miradordeatarfe.es\/wp-content\/uploads\/2025\/09\/denuncio-1-scaled.jpg?w=2182&amp;ssl=1 2182w, https:\/\/i0.wp.com\/miradordeatarfe.es\/wp-content\/uploads\/2025\/09\/denuncio-1-scaled.jpg?resize=256%2C300&amp;ssl=1 256w, https:\/\/i0.wp.com\/miradordeatarfe.es\/wp-content\/uploads\/2025\/09\/denuncio-1-scaled.jpg?resize=873%2C1024&amp;ssl=1 873w, https:\/\/i0.wp.com\/miradordeatarfe.es\/wp-content\/uploads\/2025\/09\/denuncio-1-scaled.jpg?resize=768%2C901&amp;ssl=1 768w, https:\/\/i0.wp.com\/miradordeatarfe.es\/wp-content\/uploads\/2025\/09\/denuncio-1-scaled.jpg?resize=1309%2C1536&amp;ssl=1 1309w, https:\/\/i0.wp.com\/miradordeatarfe.es\/wp-content\/uploads\/2025\/09\/denuncio-1-scaled.jpg?resize=1745%2C2048&amp;ssl=1 1745w, https:\/\/i0.wp.com\/miradordeatarfe.es\/wp-content\/uploads\/2025\/09\/denuncio-1-scaled.jpg?resize=1024%2C1202&amp;ssl=1 1024w, https:\/\/i0.wp.com\/miradordeatarfe.es\/wp-content\/uploads\/2025\/09\/denuncio-1-scaled.jpg?resize=1320%2C1549&amp;ssl=1 1320w, https:\/\/i0.wp.com\/miradordeatarfe.es\/wp-content\/uploads\/2025\/09\/denuncio-1-scaled.jpg?w=1920&amp;ssl=1 1920w\" sizes=\"auto, (max-width: 640px) 100vw, 640px\" \/><\/p>\n<p style=\"text-align: justify;\">\u00a0Cada mina ten\u00eda su denominaci\u00f3n, que era asignada en el momento del registro de la mina. Los nombres que recib\u00edan las minas no suelen guardar relaci\u00f3n con ning\u00fan elemento del exterior en el que se encuentra la mina, es decir con los top\u00f3nimos de la superficie en la que se encuentran (rasgos f\u00edsicos del terreno y nombre del lugar de la explotaci\u00f3n) sino que son arbitrarios, responden a razones subjetivas del due\u00f1o de la concesi\u00f3n. As\u00ed, en Atarfe, encontramos minas con nombres religiosos (hagi\u00f3nimos) numeros\u00edsimos de santos o de V\u00edrgenes , destacando el de la patrona <em><i>Santa Ana<\/i><\/em>; elementos escult\u00f3ricos: <em><i>Cabeza de bronce <\/i><\/em>(plomo); nombres hist\u00f3ricos: <em><i>Espartero<\/i><\/em>\u00a0(plomo), <em><i>Napole\u00f3n<\/i><\/em>\u00a0(plomo), <em><i>Pis\u00edstrato<\/i><\/em>\u00a0(alcohol o galena), <em><i>An\u00edbal<\/i><\/em>\u00a0(alcohol), <em><i>Iliberia<\/i><\/em>\u00a0(galena); astronom\u00eda: <em><i>Zelima<\/i><\/em>\u00a0(nombre de un asteroide); nombres propios: <em><i>Casilda<\/i><\/em>\u00a0; abstractos (fruto del deseo o de la expectativa sobre la mina): <em><i>La Libertad<\/i><\/em>\u00a0(plomo), <em><i>Esperanza Satisfecha<\/i><\/em>\u00a0(plomo), <em><i>La Constancia<\/i><\/em>\u00a0(hierro), <em><i>Veremos<\/i><\/em>\u00a0(sin definir el mineral), <em><i>El Porvenir<\/i><\/em>\u00a0(carb\u00f3n de piedra), <em><i>La Felicidad (plomo)<\/i><\/em>; nombres relacionados \u00a0con la explotaci\u00f3n minera: <em><i>Cinabrio<\/i><\/em>; gentilicios o tal vez apodos: <em><i>El Canario<\/i><\/em>, <em><i>La Granadina<\/i><\/em>; \u00a0culturas: <em><i>La Cristiana<\/i><\/em>, <em><i>La Mora<\/i><\/em>\u00a0(plomo), <em><i>La Sultana<\/i><\/em>\u00a0(Alcohol), <em><i>Los Doce Ap\u00f3stoles <\/i><\/em>(Hierro); zo\u00f3nimos: <em><i>La Culebra<\/i><\/em>\u00a0(plomo). Y otras muchas m\u00e1s cuyos expedientes habr\u00e1n de ser estudiados para conocer a sus propietarios, el periodo que estuvo en explotaci\u00f3n (si es que lo estuvo), su plano de demarcaci\u00f3n, etc.<\/p>\n<p style=\"text-align: justify;\">Como decimos: \u00a1tantas cosas por descubrir! Como, por ejemplo, qu\u00e9 piedras preciosas fueron las que se encontraron. Y esto ser\u00edan solo las minas, lo que podemos denominar \u201ctoponimia minera\u201d. Si pensamos en los nombres de lugar ya desaparecidos, en los apellidos de los posesores de las tierras o en la cantidad de informaci\u00f3n que puede ir apareciendo, el material del que partir ser\u00eda ingente. El trabajo del equipo que deseamos constituir no solo recuperar\u00eda, sino que documentar\u00eda la toponimia de Atarfe y pondr\u00eda en manos de los habitantes del pueblo y de las generaciones futuras aspectos desconocidos de su patrimonio cultural.<\/p>\n<p style=\"text-align: justify;\">En las fotograf\u00edas que se adjuntan se cita un hecho de los que hace alusi\u00f3n la Ley 22\/1973, de 21 de julio, de Minas, lo que se llama un \u201cdenuncio minero\u201d que es cuando una persona informa a la autoridad minera de la caducidad de un yacimiento minero, pudiendo ser otorgada una nueva concesi\u00f3n. \u00a0El expediente que hemos seleccionado pertenece a una persona de reconocido apellido en Atarfe, un Sr. apellidado Cervantes, concretamente Pablo Cervantes Pozo. \u00bfQui\u00e9n puede asegurarle, querido lector, que no fuera su antepasado? Se refiere a una mina de cinabrio, el principal mineral del que se extrae el mercurio; suele encontrarse en zonas de aguas termales. La mina en cuesti\u00f3n se halla en el <em><i>Cerro del Almirez<\/i><\/em>\u00a0y le pusieron por nombre <em><i>Almad\u00e9n<\/i><\/em>, en recuerdo de las famosas minas de mercurio de esa localidad de Ciudad Real. En las fotos adjuntas se ve la portada del expediente fechado el 22 de mayo de 1876 y en \u00e9l aparece el vecino de Atarfe D. Santiago Fern\u00e1ndez. En cuanto a las otras fotos referidas a la mina llamada <em><i>La Felicidad<\/i><\/em>, de plomo, fechado en 1845, sita en Sierra Elvira, <em><i>Barranco de la Paluelina, <\/i><\/em>dice literalmente: \u201cHago saber c\u00f3mo \u00a0en esta inspecci\u00f3n, Pablo Cervantes Pozo, vecino del Atarfe ha presentado escrito denunciando como abandonada una mina plomiza que se denomina <em><i>La Felicidad<\/i><\/em>\u00a0(antes <em><i>La Infelicidad<\/i><\/em>), de Pablo Gim\u00e9nez, vecino del Atarfe\u201d.<\/p>\n<p style=\"text-align: justify;\"><img data-recalc-dims=\"1\" loading=\"lazy\" decoding=\"async\" class=\"alignnone wp-image-78849 size-full\" src=\"https:\/\/i0.wp.com\/miradordeatarfe.es\/wp-content\/uploads\/2025\/09\/mina-almaden-nombre.jpg?resize=640%2C555&#038;ssl=1\" alt=\"\" width=\"640\" height=\"555\" srcset=\"https:\/\/i0.wp.com\/miradordeatarfe.es\/wp-content\/uploads\/2025\/09\/mina-almaden-nombre.jpg?w=1480&amp;ssl=1 1480w, https:\/\/i0.wp.com\/miradordeatarfe.es\/wp-content\/uploads\/2025\/09\/mina-almaden-nombre.jpg?resize=300%2C260&amp;ssl=1 300w, https:\/\/i0.wp.com\/miradordeatarfe.es\/wp-content\/uploads\/2025\/09\/mina-almaden-nombre.jpg?resize=1024%2C888&amp;ssl=1 1024w, https:\/\/i0.wp.com\/miradordeatarfe.es\/wp-content\/uploads\/2025\/09\/mina-almaden-nombre.jpg?resize=768%2C666&amp;ssl=1 768w, https:\/\/i0.wp.com\/miradordeatarfe.es\/wp-content\/uploads\/2025\/09\/mina-almaden-nombre.jpg?resize=1320%2C1144&amp;ssl=1 1320w\" sizes=\"auto, (max-width: 640px) 100vw, 640px\" \/><\/p>\n<p><img data-recalc-dims=\"1\" loading=\"lazy\" decoding=\"async\" class=\"alignnone wp-image-78848 size-full\" src=\"https:\/\/i0.wp.com\/miradordeatarfe.es\/wp-content\/uploads\/2025\/09\/mina-almaden.png?resize=640%2C374&#038;ssl=1\" alt=\"\" width=\"640\" height=\"374\" srcset=\"https:\/\/i0.wp.com\/miradordeatarfe.es\/wp-content\/uploads\/2025\/09\/mina-almaden.png?w=1253&amp;ssl=1 1253w, https:\/\/i0.wp.com\/miradordeatarfe.es\/wp-content\/uploads\/2025\/09\/mina-almaden.png?resize=300%2C175&amp;ssl=1 300w, https:\/\/i0.wp.com\/miradordeatarfe.es\/wp-content\/uploads\/2025\/09\/mina-almaden.png?resize=1024%2C599&amp;ssl=1 1024w, https:\/\/i0.wp.com\/miradordeatarfe.es\/wp-content\/uploads\/2025\/09\/mina-almaden.png?resize=768%2C449&amp;ssl=1 768w\" sizes=\"auto, (max-width: 640px) 100vw, 640px\" \/><\/p>\n<h3>Podemos comprobar, a poco que se escarba en las fuentes documentales, la cantidad de datos que podemos obtener. Por ello instamos a las personas interesadas que acudan al llamamiento que se har\u00e1 desde este <em><i>Mirador<\/i><\/em>\u00a0y, entre todos y todas, podremos conocer mejor los entresijos de la historia y la toponimia de este pueblo que nos vio nacer a nosotros y a nuestros predecesores.<\/h3>\n<p>&nbsp;<\/p>\n","protected":false},"excerpt":{"rendered":"<p>Parecer\u00eda que, con todos los estudios e investigaciones que se han hecho sobre Atarfe ya&#8230;<\/p>\n","protected":false},"author":1,"featured_media":78851,"comment_status":"closed","ping_status":"closed","sticky":false,"template":"","format":"standard","meta":{"_coblocks_attr":"","_coblocks_dimensions":"","_coblocks_responsive_height":"","_coblocks_accordion_ie_support":"","jetpack_post_was_ever_published":false,"_jetpack_newsletter_access":"","_jetpack_dont_email_post_to_subs":false,"_jetpack_newsletter_tier_id":0,"_jetpack_memberships_contains_paywalled_content":false,"_jetpack_memberships_contains_paid_content":false,"footnotes":"","jetpack_publicize_message":"","jetpack_publicize_feature_enabled":true,"jetpack_social_post_already_shared":true,"jetpack_social_options":{"image_generator_settings":{"template":"highway","default_image_id":0,"enabled":false},"version":2}},"categories":[2,1225,186,44],"tags":[],"class_list":["post-78847","post","type-post","status-publish","format-standard","has-post-thumbnail","hentry","category-atarfe","category-ha-de-atarfe","category-instituciones","category-noticias-de-hoy"],"jetpack_publicize_connections":[],"jetpack_featured_media_url":"https:\/\/i0.wp.com\/miradordeatarfe.es\/wp-content\/uploads\/2025\/09\/denuncio-2-scaled.jpg?fit=2560%2C1981&ssl=1","jetpack_likes_enabled":true,"jetpack_sharing_enabled":true,"_links":{"self":[{"href":"https:\/\/miradordeatarfe.es\/index.php?rest_route=\/wp\/v2\/posts\/78847","targetHints":{"allow":["GET"]}}],"collection":[{"href":"https:\/\/miradordeatarfe.es\/index.php?rest_route=\/wp\/v2\/posts"}],"about":[{"href":"https:\/\/miradordeatarfe.es\/index.php?rest_route=\/wp\/v2\/types\/post"}],"author":[{"embeddable":true,"href":"https:\/\/miradordeatarfe.es\/index.php?rest_route=\/wp\/v2\/users\/1"}],"replies":[{"embeddable":true,"href":"https:\/\/miradordeatarfe.es\/index.php?rest_route=%2Fwp%2Fv2%2Fcomments&post=78847"}],"version-history":[{"count":2,"href":"https:\/\/miradordeatarfe.es\/index.php?rest_route=\/wp\/v2\/posts\/78847\/revisions"}],"predecessor-version":[{"id":78854,"href":"https:\/\/miradordeatarfe.es\/index.php?rest_route=\/wp\/v2\/posts\/78847\/revisions\/78854"}],"wp:featuredmedia":[{"embeddable":true,"href":"https:\/\/miradordeatarfe.es\/index.php?rest_route=\/wp\/v2\/media\/78851"}],"wp:attachment":[{"href":"https:\/\/miradordeatarfe.es\/index.php?rest_route=%2Fwp%2Fv2%2Fmedia&parent=78847"}],"wp:term":[{"taxonomy":"category","embeddable":true,"href":"https:\/\/miradordeatarfe.es\/index.php?rest_route=%2Fwp%2Fv2%2Fcategories&post=78847"},{"taxonomy":"post_tag","embeddable":true,"href":"https:\/\/miradordeatarfe.es\/index.php?rest_route=%2Fwp%2Fv2%2Ftags&post=78847"}],"curies":[{"name":"wp","href":"https:\/\/api.w.org\/{rel}","templated":true}]}}