{"id":78864,"date":"2025-09-09T11:00:26","date_gmt":"2025-09-09T09:00:26","guid":{"rendered":"https:\/\/miradordeatarfe.es\/?p=78864"},"modified":"2025-09-09T11:47:14","modified_gmt":"2025-09-09T09:47:14","slug":"ponen-a-disposicion-judicial-a-un-hombre-por-provocar-un-incendio-forestal-en-atarfe-con-un-cigarro","status":"publish","type":"post","link":"https:\/\/miradordeatarfe.es\/?p=78864","title":{"rendered":"Ponen a disposici\u00f3n judicial a un hombre por provocar un incendio forestal en Atarfe con un cigarro"},"content":{"rendered":"<h3 class=\"single-subtitle\" style=\"text-align: justify;\">Unos 7.000 metros cuadrados resultaron afectados por el fuego, iniciado cuando el var\u00f3n cargaba paja en la parte trasera de una camioneta<\/h3>\n<p style=\"text-align: justify;\">La Guardia Civil ha puesto a disposici\u00f3n judicial a un individuo de 64 a\u00f1os, por ser el <strong>presunto autor de un incendio forestal<\/strong> <strong>ocurrido el 18 de julio en Atarfe<\/strong>, despu\u00e9s de que prendiera una zona de pasto, retamas y encinas pr\u00f3xima a la urbanizaci\u00f3n de Los Llanos de Silva de la localidad.<\/p>\n<p style=\"text-align: justify;\">El d\u00eda que se produjeron los hechos, la patrulla de la Guardia Civil de Santa Fe recibi\u00f3 aviso de la Central Operativa de Servicios por un incendio en la citada zona. A su llegada, los agentes comprobaron que ard\u00eda una superficie de monte bajo cercana a las viviendas, que gracias a la actuaci\u00f3n de bomberos el fuego pudo ser extinguido sin lamentar da\u00f1os personales. <strong>Aproximadamente 7.000 metros cuadrados resultaron afectados<\/strong>.<\/p>\n<p style=\"text-align: justify;\">La patrulla identific\u00f3 a varias personas que se encontraban <strong>realizando labores agr\u00edcolas<\/strong> en una finca pr\u00f3xima al lugar del incendio, con el fin de recabar datos que ayudasen a esclarecer lo sucedido. Adem\u00e1s, los agentes observaron que hab\u00eda quemada una zona de rastrojo, lo que podr\u00eda ser la zona de origen.<\/p>\n<p style=\"text-align: justify;\">La Patrulla del Servicio de Protecci\u00f3n de la Naturaleza de la Comandancia de Granada (Pacprona) fue la encargada de realizar las investigaciones para determinar el origen y la posible autor\u00eda. Los agentes realizaron entrevistas con varios testigos y el encargado de la finca agr\u00edcola. Este \u00faltimo se\u00f1al\u00f3 que<strong> el fuego se origin\u00f3 por la imprudencia de una persona<\/strong> <strong>que, mientras fumaba, cargaba paja en la parte trasera de una camioneta<\/strong>. Al caer restos del cigarro encendido, se prendi\u00f3 parte de la paja del remolque. En el intento de sofocar las llamas, parte de la paja prendida cay\u00f3 al suelo y se propag\u00f3 por la vegetaci\u00f3n del terreno. Si bien se logr\u00f3 apagar la paja del remolque y evitar que el veh\u00edculo ardiera por completo, no fue posible contener la propagaci\u00f3n del fuego.<\/p>\n<p style=\"text-align: justify;\">Durante la inspecci\u00f3n de la zona del incendio, los agentes del Seprona pudieron observar como la furgoneta presentaba da\u00f1os por las llamas en la parte trasera, con restos de paja quemada, lo que corroboraba las declaraciones recogidas. Como resultado de las pesquisas, los <a href=\"https:\/\/www.granadadigital.es\/tag\/guardia-civil\/\">guardias civiles<\/a> han <strong>puesto a disposici\u00f3n judicial a la persona se\u00f1alada<\/strong>, como presunto autor de un delito de incendio forestal.<\/p>\n","protected":false},"excerpt":{"rendered":"<p>Unos 7.000 metros cuadrados resultaron afectados por el fuego, iniciado cuando el var\u00f3n cargaba paja&#8230;<\/p>\n","protected":false},"author":1,"featured_media":78897,"comment_status":"closed","ping_status":"closed","sticky":false,"template":"","format":"standard","meta":{"_coblocks_attr":"","_coblocks_dimensions":"","_coblocks_responsive_height":"","_coblocks_accordion_ie_support":"","jetpack_post_was_ever_published":false,"_jetpack_newsletter_access":"","_jetpack_dont_email_post_to_subs":false,"_jetpack_newsletter_tier_id":0,"_jetpack_memberships_contains_paywalled_content":false,"_jetpack_memberships_contains_paid_content":false,"footnotes":"","jetpack_publicize_message":"","jetpack_publicize_feature_enabled":true,"jetpack_social_post_already_shared":true,"jetpack_social_options":{"image_generator_settings":{"template":"highway","default_image_id":0,"enabled":false},"version":2}},"categories":[2,1161,186,44],"tags":[],"class_list":["post-78864","post","type-post","status-publish","format-standard","has-post-thumbnail","hentry","category-atarfe","category-ciudadania","category-instituciones","category-noticias-de-hoy"],"jetpack_publicize_connections":[],"jetpack_featured_media_url":"https:\/\/i0.wp.com\/miradordeatarfe.es\/wp-content\/uploads\/2025\/09\/seprona-e1757236381231.webp?fit=1498%2C1035&ssl=1","jetpack_likes_enabled":true,"jetpack_sharing_enabled":true,"_links":{"self":[{"href":"https:\/\/miradordeatarfe.es\/index.php?rest_route=\/wp\/v2\/posts\/78864","targetHints":{"allow":["GET"]}}],"collection":[{"href":"https:\/\/miradordeatarfe.es\/index.php?rest_route=\/wp\/v2\/posts"}],"about":[{"href":"https:\/\/miradordeatarfe.es\/index.php?rest_route=\/wp\/v2\/types\/post"}],"author":[{"embeddable":true,"href":"https:\/\/miradordeatarfe.es\/index.php?rest_route=\/wp\/v2\/users\/1"}],"replies":[{"embeddable":true,"href":"https:\/\/miradordeatarfe.es\/index.php?rest_route=%2Fwp%2Fv2%2Fcomments&post=78864"}],"version-history":[{"count":1,"href":"https:\/\/miradordeatarfe.es\/index.php?rest_route=\/wp\/v2\/posts\/78864\/revisions"}],"predecessor-version":[{"id":78865,"href":"https:\/\/miradordeatarfe.es\/index.php?rest_route=\/wp\/v2\/posts\/78864\/revisions\/78865"}],"wp:featuredmedia":[{"embeddable":true,"href":"https:\/\/miradordeatarfe.es\/index.php?rest_route=\/wp\/v2\/media\/78897"}],"wp:attachment":[{"href":"https:\/\/miradordeatarfe.es\/index.php?rest_route=%2Fwp%2Fv2%2Fmedia&parent=78864"}],"wp:term":[{"taxonomy":"category","embeddable":true,"href":"https:\/\/miradordeatarfe.es\/index.php?rest_route=%2Fwp%2Fv2%2Fcategories&post=78864"},{"taxonomy":"post_tag","embeddable":true,"href":"https:\/\/miradordeatarfe.es\/index.php?rest_route=%2Fwp%2Fv2%2Ftags&post=78864"}],"curies":[{"name":"wp","href":"https:\/\/api.w.org\/{rel}","templated":true}]}}