{"id":78870,"date":"2025-09-18T11:00:48","date_gmt":"2025-09-18T09:00:48","guid":{"rendered":"https:\/\/miradordeatarfe.es\/?p=78870"},"modified":"2025-09-11T18:23:24","modified_gmt":"2025-09-11T16:23:24","slug":"acto-solidario-por-palestina","status":"publish","type":"post","link":"https:\/\/miradordeatarfe.es\/?p=78870","title":{"rendered":"ACTO SOLIDARIO POR PALESTINA en Albolote"},"content":{"rendered":"<div class=\"x14z9mp xat24cr x1lziwak x1vvkbs xtlvy1s x126k92a\">\n<h3 dir=\"auto\">El pr\u00f3ximo 25 de septiembre a las 19:30h en el Centro Sociocultural Fernando de los R\u00edos de Albolote.<\/h3>\n<\/div>\n<div dir=\"auto\">\u201cS<b>i quieres paz, prep\u00e1rate para la paz, no para la guerra\u201d<\/b> dec\u00eda don Federico Mayor Zaragoza, recordando que los avances tecnol\u00f3gicos nos permiten vivir con seguridad alimentaria, educaci\u00f3n y atenci\u00f3n sanitaria, adem\u00e1s de proteger los ecosistemas y reforzar la seguridad clim\u00e1tica. Esta es la seguridad que necesitamos. Una \u201cseguridad humana\u201d que destine los recursos a desarrollo social y ambiental, adem\u00e1s de garantizar la paz. Esto es incompatible con <b>un modelo de (in)seguridad basada en la carrera armament\u00edstica<\/b>, en la guerra como forma de resoluci\u00f3n de conflictos y en la aplicaci\u00f3n asim\u00e9trica del derecho internacional, con tr\u00e1gicas consecuencias como las que sufre el pueblo palestino.<\/div>\n<div class=\"x14z9mp xat24cr x1lziwak x1vvkbs xtlvy1s x126k92a\">\n<div dir=\"auto\">\u00a0<\/div>\n<div dir=\"auto\">En dicho acto contaremos con la participaci\u00f3n de:<\/div>\n<ul>\n<li dir=\"auto\">Nicol\u00f2 Cavalli (UNRWA)<\/li>\n<li dir=\"auto\">\u00a0Luc\u00eda L\u00f3pez Arias (BDS)<\/li>\n<li dir=\"auto\">\u00a0Actuaci\u00f3n musical de Juan Pinilla.<\/li>\n<\/ul>\n<\/div>\n<div class=\"x14z9mp xat24cr x1lziwak x1vvkbs xtlvy1s x126k92a\">\n<div dir=\"auto\">Un encuentro para mostrar nuestro apoyo al pueblo palestino y conocer de primera mano la situaci\u00f3n que vive.<\/div>\n<\/div>\n<div class=\"x14z9mp xat24cr x1lziwak x1vvkbs xtlvy1s x126k92a\">\n<div dir=\"auto\">\u00a0<\/div>\n<div dir=\"auto\">Organizan: IU Albolote y PCE Albolote.\u00a0\u00a0Con la participaci\u00f3n de UNRWA Espa\u00f1a y BDS<\/div>\n<div dir=\"auto\">\u00a0<\/div>\n<div dir=\"auto\"><img data-recalc-dims=\"1\" loading=\"lazy\" decoding=\"async\" class=\"alignnone wp-image-78871 size-full\" src=\"https:\/\/i0.wp.com\/miradordeatarfe.es\/wp-content\/uploads\/2025\/09\/Imagen-de-WhatsApp-2025-09-09-a-las-10.04.59_ea737032.jpg?resize=640%2C640&#038;ssl=1\" alt=\"\" width=\"640\" height=\"640\" srcset=\"https:\/\/i0.wp.com\/miradordeatarfe.es\/wp-content\/uploads\/2025\/09\/Imagen-de-WhatsApp-2025-09-09-a-las-10.04.59_ea737032.jpg?w=1080&amp;ssl=1 1080w, https:\/\/i0.wp.com\/miradordeatarfe.es\/wp-content\/uploads\/2025\/09\/Imagen-de-WhatsApp-2025-09-09-a-las-10.04.59_ea737032.jpg?resize=300%2C300&amp;ssl=1 300w, https:\/\/i0.wp.com\/miradordeatarfe.es\/wp-content\/uploads\/2025\/09\/Imagen-de-WhatsApp-2025-09-09-a-las-10.04.59_ea737032.jpg?resize=1024%2C1024&amp;ssl=1 1024w, https:\/\/i0.wp.com\/miradordeatarfe.es\/wp-content\/uploads\/2025\/09\/Imagen-de-WhatsApp-2025-09-09-a-las-10.04.59_ea737032.jpg?resize=150%2C150&amp;ssl=1 150w, https:\/\/i0.wp.com\/miradordeatarfe.es\/wp-content\/uploads\/2025\/09\/Imagen-de-WhatsApp-2025-09-09-a-las-10.04.59_ea737032.jpg?resize=768%2C768&amp;ssl=1 768w\" sizes=\"auto, (max-width: 640px) 100vw, 640px\" \/><\/div>\n<\/div>\n","protected":false},"excerpt":{"rendered":"<p>El pr\u00f3ximo 25 de septiembre a las 19:30h en el Centro Sociocultural Fernando de los&#8230;<\/p>\n","protected":false},"author":1,"featured_media":78872,"comment_status":"closed","ping_status":"closed","sticky":false,"template":"","format":"standard","meta":{"_coblocks_attr":"","_coblocks_dimensions":"","_coblocks_responsive_height":"","_coblocks_accordion_ie_support":"","jetpack_post_was_ever_published":false,"_jetpack_newsletter_access":"","_jetpack_dont_email_post_to_subs":false,"_jetpack_newsletter_tier_id":0,"_jetpack_memberships_contains_paywalled_content":false,"_jetpack_memberships_contains_paid_content":false,"footnotes":"","jetpack_publicize_message":"","jetpack_publicize_feature_enabled":true,"jetpack_social_post_already_shared":true,"jetpack_social_options":{"image_generator_settings":{"template":"highway","default_image_id":0,"enabled":false},"version":2}},"categories":[1161,44,7671,10799],"tags":[],"class_list":["post-78870","post","type-post","status-publish","format-standard","has-post-thumbnail","hentry","category-ciudadania","category-noticias-de-hoy","category-politica","category-voluntariado"],"jetpack_publicize_connections":[],"jetpack_featured_media_url":"https:\/\/i0.wp.com\/miradordeatarfe.es\/wp-content\/uploads\/2025\/09\/fb60a5bd-5d76-41ff-bf99-b19c9399c165_16-9-discover-aspect-ratio_default_0.webp?fit=1200%2C675&ssl=1","jetpack_likes_enabled":true,"jetpack_sharing_enabled":true,"_links":{"self":[{"href":"https:\/\/miradordeatarfe.es\/index.php?rest_route=\/wp\/v2\/posts\/78870","targetHints":{"allow":["GET"]}}],"collection":[{"href":"https:\/\/miradordeatarfe.es\/index.php?rest_route=\/wp\/v2\/posts"}],"about":[{"href":"https:\/\/miradordeatarfe.es\/index.php?rest_route=\/wp\/v2\/types\/post"}],"author":[{"embeddable":true,"href":"https:\/\/miradordeatarfe.es\/index.php?rest_route=\/wp\/v2\/users\/1"}],"replies":[{"embeddable":true,"href":"https:\/\/miradordeatarfe.es\/index.php?rest_route=%2Fwp%2Fv2%2Fcomments&post=78870"}],"version-history":[{"count":2,"href":"https:\/\/miradordeatarfe.es\/index.php?rest_route=\/wp\/v2\/posts\/78870\/revisions"}],"predecessor-version":[{"id":78874,"href":"https:\/\/miradordeatarfe.es\/index.php?rest_route=\/wp\/v2\/posts\/78870\/revisions\/78874"}],"wp:featuredmedia":[{"embeddable":true,"href":"https:\/\/miradordeatarfe.es\/index.php?rest_route=\/wp\/v2\/media\/78872"}],"wp:attachment":[{"href":"https:\/\/miradordeatarfe.es\/index.php?rest_route=%2Fwp%2Fv2%2Fmedia&parent=78870"}],"wp:term":[{"taxonomy":"category","embeddable":true,"href":"https:\/\/miradordeatarfe.es\/index.php?rest_route=%2Fwp%2Fv2%2Fcategories&post=78870"},{"taxonomy":"post_tag","embeddable":true,"href":"https:\/\/miradordeatarfe.es\/index.php?rest_route=%2Fwp%2Fv2%2Ftags&post=78870"}],"curies":[{"name":"wp","href":"https:\/\/api.w.org\/{rel}","templated":true}]}}