{"id":78875,"date":"2025-09-13T11:32:18","date_gmt":"2025-09-13T09:32:18","guid":{"rendered":"https:\/\/miradordeatarfe.es\/?p=78875"},"modified":"2025-09-10T11:57:44","modified_gmt":"2025-09-10T09:57:44","slug":"atarfe-apoyo-municipal-al-ii-encuentro-de-nostalgicos-y-solidarios","status":"publish","type":"post","link":"https:\/\/miradordeatarfe.es\/?p=78875","title":{"rendered":"ATARFE: APOYO MUNICIPAL AL II ENCUENTRO DE NOST\u00c1LGICOS Y SOLIDARIOS"},"content":{"rendered":"<h3 dir=\"auto\">\u00a0LA ASOCIACI\u00d3N JOS\u00c9 GUARDIA NECESIDADES SIN FRONTERAS\u00a0 SE REUNI\u00d3 CON LOS AYUNTAMIENTOS DE ALBOLOTE Y ATARFE EN APOYO AL ACTO DEL D\u00cdA 21 DE SEPTIEMBRE<\/h3>\n<div dir=\"auto\">A las nueve de la ma\u00f1ana tuvieron\u00a0 una reuni\u00f3n con Rosario Ram\u00edrez, concejala de Cultura del <span class=\"html-span xdj266r x14z9mp xat24cr x1lziwak xexx8yu xyri2b x18d9i69 x1c1uobl x1hl2dhg x16tdsg8 x1vvkbs\"><span class=\"xt0psk2\"><span class=\"xjp7ctv\">Ayuntamiento de Albolote<\/span><\/span><\/span> .<\/div>\n<div dir=\"auto\">\u00a0<\/div>\n<div dir=\"auto\">Concretamos la participaci\u00f3n de dicho Ayuntamiento en el evento del II ENCUENTRO DE NOSTALGICOS Y SOLIDARIOS DE LA HOLIDAY. Le agradecimos su participaci\u00f3n y le entregamos una invitaci\u00f3n para que as\u00edstan a este encuentro. Tambi\u00e9n le obsequiamos con una entrada, pero decidieron que esa entrada la pagaban como estamos haciendo todos.<\/div>\n<div dir=\"auto\">Despu\u00e9s abrimos nuestro local de 9:30 a 11:00, donde todos los d\u00edas podr\u00e9is venir a recoger vuestras entradas, camisetas y loter\u00eda.<\/div>\n<div dir=\"auto\">\u00a0<\/div>\n<div dir=\"auto\">A las once y media est\u00e1bamos hablando con el t\u00e9cnico del<strong> Ayuntamiento de Atarfe<\/strong> para concretar c\u00f3mo \u00edbamos a organizar todos los trabajos que conlleva un evento de estas caracter\u00edsticas, donde no solamente es el d\u00eda que se realiza el evento, sino que, dos d\u00edas antes, tendremos que estar preparando el espacio y un d\u00eda despu\u00e9s, para la recogida.<\/div>\n<div dir=\"auto\">\u00a0<\/div>\n<div dir=\"auto\">\n<div dir=\"auto\"><img data-recalc-dims=\"1\" loading=\"lazy\" decoding=\"async\" class=\"alignnone wp-image-78878 size-full\" src=\"https:\/\/i0.wp.com\/miradordeatarfe.es\/wp-content\/uploads\/2025\/09\/544892290_24359143563756390_913004929265744726_n.jpg?resize=640%2C288&#038;ssl=1\" alt=\"\" width=\"640\" height=\"288\" srcset=\"https:\/\/i0.wp.com\/miradordeatarfe.es\/wp-content\/uploads\/2025\/09\/544892290_24359143563756390_913004929265744726_n.jpg?w=2312&amp;ssl=1 2312w, https:\/\/i0.wp.com\/miradordeatarfe.es\/wp-content\/uploads\/2025\/09\/544892290_24359143563756390_913004929265744726_n.jpg?resize=300%2C135&amp;ssl=1 300w, https:\/\/i0.wp.com\/miradordeatarfe.es\/wp-content\/uploads\/2025\/09\/544892290_24359143563756390_913004929265744726_n.jpg?resize=1024%2C462&amp;ssl=1 1024w, https:\/\/i0.wp.com\/miradordeatarfe.es\/wp-content\/uploads\/2025\/09\/544892290_24359143563756390_913004929265744726_n.jpg?resize=768%2C346&amp;ssl=1 768w, https:\/\/i0.wp.com\/miradordeatarfe.es\/wp-content\/uploads\/2025\/09\/544892290_24359143563756390_913004929265744726_n.jpg?resize=1536%2C692&amp;ssl=1 1536w, https:\/\/i0.wp.com\/miradordeatarfe.es\/wp-content\/uploads\/2025\/09\/544892290_24359143563756390_913004929265744726_n.jpg?resize=2048%2C923&amp;ssl=1 2048w, https:\/\/i0.wp.com\/miradordeatarfe.es\/wp-content\/uploads\/2025\/09\/544892290_24359143563756390_913004929265744726_n.jpg?resize=1320%2C595&amp;ssl=1 1320w, https:\/\/i0.wp.com\/miradordeatarfe.es\/wp-content\/uploads\/2025\/09\/544892290_24359143563756390_913004929265744726_n.jpg?w=1920&amp;ssl=1 1920w\" sizes=\"auto, (max-width: 640px) 100vw, 640px\" \/><\/div>\n<\/div>\n<div dir=\"auto\">Por \u00faltimo, la Corporaci\u00f3n Municipal del <span class=\"html-span xdj266r x14z9mp xat24cr x1lziwak xexx8yu xyri2b x18d9i69 x1c1uobl x1hl2dhg x16tdsg8 x1vvkbs\"><span class=\"xt0psk2\"><span class=\"xjp7ctv\">Ayuntamiento de Atarfe<\/span><\/span><\/span> encabezada por <strong>Yolanda, alcaldesa y Jennifer la concejala de Cultura<\/strong>, nos recibieron y les explicamos que este evento iba a repercutir en personas cercanas y lejanas, pertenecientes a proyectos que llevamos tanto en Espa\u00f1a como en \u00c1frica.<\/div>\n<div dir=\"auto\">\u00a0<\/div>\n<div dir=\"auto\">Fue una reuni\u00f3n muy bonita y cari\u00f1osa y les entregamos dos camisetas, una invitaci\u00f3n a dicho acto y una entrada para cada una.<\/div>\n<div dir=\"auto\">Agradecer a los voluntarios que est\u00e1n ah\u00ed d\u00eda a d\u00eda apoyando y dedicando su tiempo para que, tanto los proyectos como los eventos, salgan de la forma m\u00e1s digna que podemos realizar.<\/div>\n<div dir=\"auto\">Gracias: Luisa Jim\u00e9nez Mesa, <span class=\"html-span xdj266r x14z9mp xat24cr x1lziwak xexx8yu xyri2b x18d9i69 x1c1uobl x1hl2dhg x16tdsg8 x1vvkbs\"><a class=\"x1i10hfl xjbqb8w x1ejq31n x18oe1m7 x1sy0etr xstzfhl x972fbf x10w94by x1qhh985 x14e42zd x9f619 x1ypdohk xt0psk2 x3ct3a4 xdj266r x14z9mp xat24cr x1lziwak xexx8yu xyri2b x18d9i69 x1c1uobl x16tdsg8 x1hl2dhg xggy1nq x1a2a7pz xkrqix3 x1sur9pj x1fey0fg x1s688f\" tabindex=\"0\" role=\"link\" href=\"https:\/\/www.facebook.com\/jesus.garciacasanova.3?__cft__[0]=AZU4LEduEu188IwlFaeAoNylb_0mbVb-7KFuOfmpDzfUf9REV1jl2fJJzWxP5dE8QSPOcXPeVuTnpp4X-NxrDrGSPvd4Muy8gxjfJgVRfkvEMDfqLeVolzS1XF9RK7dyloTSOvhCUcEFmo0SjbAYu4my3APsYK4ESW61_tx1t0woYZNTwkJHSVZqcC4DMQK4M2w&amp;__tn__=-]K-R\"><span class=\"xt0psk2\"><span class=\"xjp7ctv\">J<\/span><\/span><\/a><span class=\"xt0psk2\"><span class=\"xjp7ctv\">esus Garcia Casanova<\/span><\/span><\/span>, <span class=\"html-span xdj266r x14z9mp xat24cr x1lziwak xexx8yu xyri2b x18d9i69 x1c1uobl x1hl2dhg x16tdsg8 x1vvkbs\"><span class=\"xt0psk2\"><span class=\"xjp7ctv\">Manolo Casado Redondo<\/span><\/span><\/span> , <span class=\"html-span xdj266r x14z9mp xat24cr x1lziwak xexx8yu xyri2b x18d9i69 x1c1uobl x1hl2dhg x16tdsg8 x1vvkbs\"><span class=\"xt0psk2\"><span class=\"xjp7ctv\">Adelina Mart\u00ednez<\/span><\/span><\/span> , <span class=\"html-span xdj266r x14z9mp xat24cr x1lziwak xexx8yu xyri2b x18d9i69 x1c1uobl x1hl2dhg x16tdsg8 x1vvkbs\"><span class=\"xt0psk2\"><span class=\"xjp7ctv\">Jose Luis Chamorro<\/span><\/span><\/span> , Benito Casado, <span class=\"html-span xdj266r x14z9mp xat24cr x1lziwak xexx8yu xyri2b x18d9i69 x1c1uobl x1hl2dhg x16tdsg8 x1vvkbs\"><span class=\"xt0psk2\"><span class=\"xjp7ctv\">Jos\u00e9 Luis Alcauce D\u00edaz<\/span><\/span><\/span> , Manolillo Pinos&#8230;<\/div>\n<div dir=\"auto\">\u00a0<\/div>\n<div dir=\"auto\"><img data-recalc-dims=\"1\" loading=\"lazy\" decoding=\"async\" class=\"alignnone wp-image-78877 size-full\" src=\"https:\/\/i0.wp.com\/miradordeatarfe.es\/wp-content\/uploads\/2025\/09\/545595664_24359143943756352_1150588740809085191_n.jpg?resize=640%2C654&#038;ssl=1\" alt=\"\" width=\"640\" height=\"654\" srcset=\"https:\/\/i0.wp.com\/miradordeatarfe.es\/wp-content\/uploads\/2025\/09\/545595664_24359143943756352_1150588740809085191_n.jpg?w=2005&amp;ssl=1 2005w, https:\/\/i0.wp.com\/miradordeatarfe.es\/wp-content\/uploads\/2025\/09\/545595664_24359143943756352_1150588740809085191_n.jpg?resize=294%2C300&amp;ssl=1 294w, https:\/\/i0.wp.com\/miradordeatarfe.es\/wp-content\/uploads\/2025\/09\/545595664_24359143943756352_1150588740809085191_n.jpg?resize=1003%2C1024&amp;ssl=1 1003w, https:\/\/i0.wp.com\/miradordeatarfe.es\/wp-content\/uploads\/2025\/09\/545595664_24359143943756352_1150588740809085191_n.jpg?resize=768%2C784&amp;ssl=1 768w, https:\/\/i0.wp.com\/miradordeatarfe.es\/wp-content\/uploads\/2025\/09\/545595664_24359143943756352_1150588740809085191_n.jpg?resize=1504%2C1536&amp;ssl=1 1504w, https:\/\/i0.wp.com\/miradordeatarfe.es\/wp-content\/uploads\/2025\/09\/545595664_24359143943756352_1150588740809085191_n.jpg?resize=1024%2C1046&amp;ssl=1 1024w, https:\/\/i0.wp.com\/miradordeatarfe.es\/wp-content\/uploads\/2025\/09\/545595664_24359143943756352_1150588740809085191_n.jpg?resize=1320%2C1348&amp;ssl=1 1320w, https:\/\/i0.wp.com\/miradordeatarfe.es\/wp-content\/uploads\/2025\/09\/545595664_24359143943756352_1150588740809085191_n.jpg?w=1920&amp;ssl=1 1920w\" sizes=\"auto, (max-width: 640px) 100vw, 640px\" \/><\/div>\n<div dir=\"auto\"><img data-recalc-dims=\"1\" loading=\"lazy\" decoding=\"async\" class=\"alignnone wp-image-78880 size-full\" src=\"https:\/\/i0.wp.com\/miradordeatarfe.es\/wp-content\/uploads\/2025\/09\/546521870_24359093690428044_5819409552674239738_n-1.jpg?resize=640%2C536&#038;ssl=1\" alt=\"\" width=\"640\" height=\"536\" srcset=\"https:\/\/i0.wp.com\/miradordeatarfe.es\/wp-content\/uploads\/2025\/09\/546521870_24359093690428044_5819409552674239738_n-1.jpg?w=1063&amp;ssl=1 1063w, https:\/\/i0.wp.com\/miradordeatarfe.es\/wp-content\/uploads\/2025\/09\/546521870_24359093690428044_5819409552674239738_n-1.jpg?resize=300%2C251&amp;ssl=1 300w, https:\/\/i0.wp.com\/miradordeatarfe.es\/wp-content\/uploads\/2025\/09\/546521870_24359093690428044_5819409552674239738_n-1.jpg?resize=1024%2C858&amp;ssl=1 1024w, https:\/\/i0.wp.com\/miradordeatarfe.es\/wp-content\/uploads\/2025\/09\/546521870_24359093690428044_5819409552674239738_n-1.jpg?resize=768%2C644&amp;ssl=1 768w\" sizes=\"auto, (max-width: 640px) 100vw, 640px\" \/><\/div>\n","protected":false},"excerpt":{"rendered":"<p>\u00a0LA ASOCIACI\u00d3N JOS\u00c9 GUARDIA NECESIDADES SIN FRONTERAS\u00a0 SE REUNI\u00d3 CON LOS AYUNTAMIENTOS DE ALBOLOTE Y&#8230;<\/p>\n","protected":false},"author":1,"featured_media":78881,"comment_status":"closed","ping_status":"closed","sticky":false,"template":"","format":"standard","meta":{"_coblocks_attr":"","_coblocks_dimensions":"","_coblocks_responsive_height":"","_coblocks_accordion_ie_support":"","jetpack_post_was_ever_published":false,"_jetpack_newsletter_access":"","_jetpack_dont_email_post_to_subs":false,"_jetpack_newsletter_tier_id":0,"_jetpack_memberships_contains_paywalled_content":false,"_jetpack_memberships_contains_paid_content":false,"footnotes":"","jetpack_publicize_message":"","jetpack_publicize_feature_enabled":true,"jetpack_social_post_already_shared":true,"jetpack_social_options":{"image_generator_settings":{"template":"highway","default_image_id":0,"enabled":false},"version":2}},"categories":[6916,186,44,10799],"tags":[],"class_list":["post-78875","post","type-post","status-publish","format-standard","has-post-thumbnail","hentry","category-ayuntamiento-de-atarfe","category-instituciones","category-noticias-de-hoy","category-voluntariado"],"jetpack_publicize_connections":[],"jetpack_featured_media_url":"https:\/\/i0.wp.com\/miradordeatarfe.es\/wp-content\/uploads\/2025\/09\/544816427_24359143143756432_3461292592035340516_n-1.jpg?fit=2312%2C1042&ssl=1","jetpack_likes_enabled":true,"jetpack_sharing_enabled":true,"_links":{"self":[{"href":"https:\/\/miradordeatarfe.es\/index.php?rest_route=\/wp\/v2\/posts\/78875","targetHints":{"allow":["GET"]}}],"collection":[{"href":"https:\/\/miradordeatarfe.es\/index.php?rest_route=\/wp\/v2\/posts"}],"about":[{"href":"https:\/\/miradordeatarfe.es\/index.php?rest_route=\/wp\/v2\/types\/post"}],"author":[{"embeddable":true,"href":"https:\/\/miradordeatarfe.es\/index.php?rest_route=\/wp\/v2\/users\/1"}],"replies":[{"embeddable":true,"href":"https:\/\/miradordeatarfe.es\/index.php?rest_route=%2Fwp%2Fv2%2Fcomments&post=78875"}],"version-history":[{"count":1,"href":"https:\/\/miradordeatarfe.es\/index.php?rest_route=\/wp\/v2\/posts\/78875\/revisions"}],"predecessor-version":[{"id":78882,"href":"https:\/\/miradordeatarfe.es\/index.php?rest_route=\/wp\/v2\/posts\/78875\/revisions\/78882"}],"wp:featuredmedia":[{"embeddable":true,"href":"https:\/\/miradordeatarfe.es\/index.php?rest_route=\/wp\/v2\/media\/78881"}],"wp:attachment":[{"href":"https:\/\/miradordeatarfe.es\/index.php?rest_route=%2Fwp%2Fv2%2Fmedia&parent=78875"}],"wp:term":[{"taxonomy":"category","embeddable":true,"href":"https:\/\/miradordeatarfe.es\/index.php?rest_route=%2Fwp%2Fv2%2Fcategories&post=78875"},{"taxonomy":"post_tag","embeddable":true,"href":"https:\/\/miradordeatarfe.es\/index.php?rest_route=%2Fwp%2Fv2%2Ftags&post=78875"}],"curies":[{"name":"wp","href":"https:\/\/api.w.org\/{rel}","templated":true}]}}