{"id":78887,"date":"2025-09-11T11:03:42","date_gmt":"2025-09-11T09:03:42","guid":{"rendered":"https:\/\/miradordeatarfe.es\/?p=78887"},"modified":"2025-09-11T17:28:28","modified_gmt":"2025-09-11T15:28:28","slug":"atarfe-recibe-ayuda-para-reparar-los-danos-que-causo-el-incendio-de-julio-de-2024","status":"publish","type":"post","link":"https:\/\/miradordeatarfe.es\/?p=78887","title":{"rendered":"Atarfe recibe ayuda para reparar los da\u00f1os que caus\u00f3 el incendio de julio de 2024"},"content":{"rendered":"<h3 class=\"entry-title\" style=\"text-align: justify;\">Atarfe recibe m\u00e1s de 15.000 euros en ayudas para reparar los da\u00f1os que caus\u00f3 el incendio de julio de 2024. Se destinar\u00e1 a la reparaci\u00f3n del Camino de Pichelas, en el entorno del paraje &#8216;Los Caballitos del Rey&#8217;<\/h3>\n<p style=\"text-align: justify;\">El Ministerio de Pol\u00edtica Territorial y Memoria Democr\u00e1tica ha otorgado una subvenci\u00f3n de 15.354,26 euros al <strong>Ayuntamiento de Atarfe<\/strong> para la recuperaci\u00f3n de da\u00f1os en infraestructuras municipales y red viaria provincial e insular a ra\u00edz del incendio acaecido el 19 de julio del a\u00f1o pasado.<\/p>\n<p style=\"text-align: justify;\">Estas ayudas est\u00e1n previstas en el acuerdo del Consejo de Ministros de 1 de octubre de 2024, por el que se declaraba &#8216;<strong>Zona afectada gravemente por una emergencia de protecci\u00f3n civil<\/strong>&#8216; el territorio afectado como consecuencia de los incendios forestales, inundaciones y otros fen\u00f3menos de distinta naturaleza acaecidos entre febrero y septiembre de 2024, ha informado la Subdelegaci\u00f3n del Gobierno en una nota.<\/p>\n<p style=\"text-align: justify;\">En concreto, esta subvenci\u00f3n est\u00e1 dirigida a reparar los da\u00f1os causados por el incendio forestal ocurrida en julio del a\u00f1o pasado y que arras\u00f3 m\u00e1s de 200 hect\u00e1reas. En el caso de Atarfe la ayuda aprobada corresponde a la reparaci\u00f3n del <strong>Camino de Pichelas<\/strong>, en el entorno del paraje &#8216;Los Caballitos del Rey&#8217;, con un importe de 30.708,53 euros, de los que el 50% est\u00e1n cubiertos por estas ayudas.<\/p>\n<p style=\"text-align: justify;\">En el plazo m\u00e1ximo de tres meses las entidades beneficiarias \u2013diputaciones provinciales y administraci\u00f3n de las comunidades aut\u00f3nomas uniprovinciales\u2013 deber\u00e1n remitir el certificado de adjudicaci\u00f3n de cada uno de los proyectos de obra a los que les ha sido asignada subvenci\u00f3n.<\/p>\n","protected":false},"excerpt":{"rendered":"<p>Atarfe recibe m\u00e1s de 15.000 euros en ayudas para reparar los da\u00f1os que caus\u00f3 el&#8230;<\/p>\n","protected":false},"author":1,"featured_media":78888,"comment_status":"closed","ping_status":"closed","sticky":false,"template":"","format":"standard","meta":{"_coblocks_attr":"","_coblocks_dimensions":"","_coblocks_responsive_height":"","_coblocks_accordion_ie_support":"","jetpack_post_was_ever_published":false,"_jetpack_newsletter_access":"","_jetpack_dont_email_post_to_subs":false,"_jetpack_newsletter_tier_id":0,"_jetpack_memberships_contains_paywalled_content":false,"_jetpack_memberships_contains_paid_content":false,"footnotes":"","jetpack_publicize_message":"","jetpack_publicize_feature_enabled":true,"jetpack_social_post_already_shared":false,"jetpack_social_options":{"image_generator_settings":{"template":"highway","default_image_id":0,"enabled":false},"version":2}},"categories":[6916,9,44],"tags":[],"class_list":["post-78887","post","type-post","status-publish","format-standard","has-post-thumbnail","hentry","category-ayuntamiento-de-atarfe","category-medio-ambiente","category-noticias-de-hoy"],"jetpack_publicize_connections":[],"jetpack_featured_media_url":"https:\/\/i0.wp.com\/miradordeatarfe.es\/wp-content\/uploads\/2025\/09\/INCGIF02.gif?fit=970%2C545&ssl=1","jetpack_likes_enabled":true,"jetpack_sharing_enabled":true,"_links":{"self":[{"href":"https:\/\/miradordeatarfe.es\/index.php?rest_route=\/wp\/v2\/posts\/78887","targetHints":{"allow":["GET"]}}],"collection":[{"href":"https:\/\/miradordeatarfe.es\/index.php?rest_route=\/wp\/v2\/posts"}],"about":[{"href":"https:\/\/miradordeatarfe.es\/index.php?rest_route=\/wp\/v2\/types\/post"}],"author":[{"embeddable":true,"href":"https:\/\/miradordeatarfe.es\/index.php?rest_route=\/wp\/v2\/users\/1"}],"replies":[{"embeddable":true,"href":"https:\/\/miradordeatarfe.es\/index.php?rest_route=%2Fwp%2Fv2%2Fcomments&post=78887"}],"version-history":[{"count":1,"href":"https:\/\/miradordeatarfe.es\/index.php?rest_route=\/wp\/v2\/posts\/78887\/revisions"}],"predecessor-version":[{"id":78889,"href":"https:\/\/miradordeatarfe.es\/index.php?rest_route=\/wp\/v2\/posts\/78887\/revisions\/78889"}],"wp:featuredmedia":[{"embeddable":true,"href":"https:\/\/miradordeatarfe.es\/index.php?rest_route=\/wp\/v2\/media\/78888"}],"wp:attachment":[{"href":"https:\/\/miradordeatarfe.es\/index.php?rest_route=%2Fwp%2Fv2%2Fmedia&parent=78887"}],"wp:term":[{"taxonomy":"category","embeddable":true,"href":"https:\/\/miradordeatarfe.es\/index.php?rest_route=%2Fwp%2Fv2%2Fcategories&post=78887"},{"taxonomy":"post_tag","embeddable":true,"href":"https:\/\/miradordeatarfe.es\/index.php?rest_route=%2Fwp%2Fv2%2Ftags&post=78887"}],"curies":[{"name":"wp","href":"https:\/\/api.w.org\/{rel}","templated":true}]}}