{"id":78892,"date":"2025-09-20T11:21:34","date_gmt":"2025-09-20T09:21:34","guid":{"rendered":"https:\/\/miradordeatarfe.es\/?p=78892"},"modified":"2025-09-11T18:05:45","modified_gmt":"2025-09-11T16:05:45","slug":"atarfe-encuesta-realizada-a-1200-atarfenos-en-octubre-de-2002","status":"publish","type":"post","link":"https:\/\/miradordeatarfe.es\/?p=78892","title":{"rendered":"ATARFE: ENCUESTA REALIZADA A 1200 ATARFE\u00d1OS EN OCTUBRE DE 2002"},"content":{"rendered":"<h3 class=\"textLayer\" tabindex=\"0\" data-main-rotation=\"0\"><span dir=\"ltr\" role=\"presentation\">ARTICULO PUBLICADO EN EL MIRADOR DE ATARFE <\/span><span dir=\"ltr\" role=\"presentation\">P\u00c1GINA 4<\/span> <span dir=\"ltr\" role=\"presentation\">A\u00d1O 2 &#8211; N\u00daMERO 16 A\u00d1O 2002<\/span><span dir=\"ltr\" role=\"presentation\">. Muy interesante para observar lo realizado en estos 23 a\u00f1os<\/span><\/h3>\n<p class=\"textLayer\" tabindex=\"0\" data-main-rotation=\"0\"><span dir=\"ltr\" role=\"presentation\">ATARFE ACTIVA REALIZA UNA ENCUESTA ENTRE <\/span><span dir=\"ltr\" role=\"presentation\">1200 ATARFE\u00d1OS<\/span><br role=\"presentation\" \/><br \/>\n<br role=\"presentation\" \/><br \/>\n<span dir=\"ltr\" role=\"presentation\">Potenciar no s\u00f3lo el sector industrial <\/span><span dir=\"ltr\" role=\"presentation\">y comercial de Atarfe, sino tambi\u00e9n el <\/span><span dir=\"ltr\" role=\"presentation\">turismo aprovechando el entorno de <\/span><span dir=\"ltr\" role=\"presentation\">Sierra Elvira y Cubillas, ha sido una de <\/span><span dir=\"ltr\" role=\"presentation\">las principales conclusiones de la en<\/span><span dir=\"ltr\" role=\"presentation\">cuesta que se ha pasado a m\u00e1s de <\/span><span dir=\"ltr\" role=\"presentation\">1.200 atarfe\u00f1os\/as.<\/span><\/p>\n<div class=\"textLayer\" tabindex=\"0\" data-main-rotation=\"0\"><span dir=\"ltr\" role=\"presentation\">El pasado mes de julio, la poblaci\u00f3n <\/span><span dir=\"ltr\" role=\"presentation\">de Atarfe tuvo la oportunidad de expre<\/span><span dir=\"ltr\" role=\"presentation\">sar su opini\u00f3n sobre el presente y fu<\/span><span dir=\"ltr\" role=\"presentation\">turo del municipio.<\/span><\/div>\n<div class=\"textLayer\" tabindex=\"0\" data-main-rotation=\"0\"><br role=\"presentation\" \/><br \/>\n<span dir=\"ltr\" role=\"presentation\">Una encuesta en la que aparec\u00edan <\/span><span dir=\"ltr\" role=\"presentation\">cuestiones variadas que afectan a los <\/span><span dir=\"ltr\" role=\"presentation\">ciudadanos, como el comercio, tr\u00e1fico, <\/span><span dir=\"ltr\" role=\"presentation\">participaci\u00f3n ciudadana, cultura, nue<\/span><span dir=\"ltr\" role=\"presentation\">vas tecnolog\u00edas, estrategias de futu<\/span><span dir=\"ltr\" role=\"presentation\">ro&#8230;, permiti\u00f3 obtener algunas de las <\/span><span dir=\"ltr\" role=\"presentation\">siguientes conclusiones:<\/span><\/div>\n<div tabindex=\"0\" data-main-rotation=\"0\">\u00a0<\/div>\n<div class=\"textLayer\" tabindex=\"0\" data-main-rotation=\"0\"><strong><span dir=\"ltr\" role=\"presentation\">URBANISMO:<\/span><\/strong><br role=\"presentation\" \/><br \/>\n<span dir=\"ltr\" role=\"presentation\">Es necesario que los edificios tiendan a tener una <\/span><span dir=\"ltr\" role=\"presentation\">altura de tres plantas, y que se refleje en su arquitec<\/span><span dir=\"ltr\" role=\"presentation\">tura, elementos caracter\u00edsticos y tradicionales como <\/span><span dir=\"ltr\" role=\"presentation\">la forja o la piedra de Sierra Elvira.<\/span><br role=\"presentation\" \/><br \/>\n<span dir=\"ltr\" role=\"presentation\">Tambi\u00e9n opinan los atarfe\u00f1os que la recuperaci\u00f3n <\/span><span dir=\"ltr\" role=\"presentation\">de los barrios perif\u00e9ricos entorno a la C\/ Real, es una <\/span><span dir=\"ltr\" role=\"presentation\">buena medida para que el casco antiguo siga tenien<\/span><span dir=\"ltr\" role=\"presentation\">do vida y no se sienta amenazado por el desarrollo <\/span><span dir=\"ltr\" role=\"presentation\">urban\u00edstico de otras zonas.<\/span><\/div>\n<div tabindex=\"0\" data-main-rotation=\"0\">\u00a0<\/div>\n<div class=\"textLayer\" tabindex=\"0\" data-main-rotation=\"0\"><span dir=\"ltr\" role=\"presentation\">El 62,3% se muestra de acuerdo con recuperar el <\/span><span dir=\"ltr\" role=\"presentation\">pilar tradicional atarfe\u00f1o para la Plaza de la Iglesia. <\/span><span dir=\"ltr\" role=\"presentation\">La creaci\u00f3n de m\u00e1s espacios verdes como el Par<\/span><span dir=\"ltr\" role=\"presentation\">que \u201cRam\u00f3n Gard\u00f3n\u201d, contribuyen a mejorar la cali<\/span><span dir=\"ltr\" role=\"presentation\">dad de vida de todos los ciudadanos.<\/span><\/div>\n<div tabindex=\"0\" data-main-rotation=\"0\">\u00a0<\/div>\n<div class=\"textLayer\" tabindex=\"0\" data-main-rotation=\"0\"><strong><span dir=\"ltr\" role=\"presentation\">INFRAESTRUCTURAS VIARIAS Y DE ACCESO:<\/span><\/strong><br role=\"presentation\" \/><br \/>\n<span dir=\"ltr\" role=\"presentation\">Aparece como uno de los aspectos que<\/span> <span dir=\"ltr\" role=\"presentation\">m\u00e1s pre<\/span><span dir=\"ltr\" role=\"presentation\">ocupan a los ciudadanos, ya que el 76, 3 % opina <\/span><span dir=\"ltr\" role=\"presentation\">que hay que mejorar las comunicaciones de Atarfe <\/span><span dir=\"ltr\" role=\"presentation\">con el resto de los municipios del \u00c1rea Metropolita<\/span><span dir=\"ltr\" role=\"presentation\">na.<\/span><br role=\"presentation\" \/><br \/>\n<span dir=\"ltr\" role=\"presentation\">Por otra parte, el 89,1% se muestra partidario de <\/span><span dir=\"ltr\" role=\"presentation\">que en Atarfe exista una mayor comunicaci\u00f3n de los <\/span><span dir=\"ltr\" role=\"presentation\">barrios con el centro, mediante el establecimiento de <\/span><span dir=\"ltr\" role=\"presentation\">un bono bus que permita mayor movilidad a los\/as <\/span><span dir=\"ltr\" role=\"presentation\">ciudadanos\/as.<\/span><\/div>\n<div tabindex=\"0\" data-main-rotation=\"0\">\u00a0<\/div>\n<div class=\"textLayer\" tabindex=\"0\" data-main-rotation=\"0\"><strong><span dir=\"ltr\" role=\"presentation\">TR\u00c1FICO Y SEGURIDAD CIUDADANA:<\/span><\/strong><br role=\"presentation\" \/><br \/>\n<span dir=\"ltr\" role=\"presentation\">Referente a la C\/ Real, el 52,1%<\/span> <span dir=\"ltr\" role=\"presentation\">opina que una <\/span><span dir=\"ltr\" role=\"presentation\">buena medida, entre otras, para poder potenciar el <\/span><span dir=\"ltr\" role=\"presentation\">centro y consecuentemente su comercio, puede ser <\/span><span dir=\"ltr\" role=\"presentation\">el establecimiento de m\u00e1s plazas de aparcamiento, <\/span><span dir=\"ltr\" role=\"presentation\">en zona azul con limitaci\u00f3n de una hora, para que<\/span><br role=\"presentation\" \/><br \/>\n<span dir=\"ltr\" role=\"presentation\">haya una mayor movilidad de coches, y por tanto, se <\/span><span dir=\"ltr\" role=\"presentation\">puedan facilitar las compras en los establecimientos <\/span><span dir=\"ltr\" role=\"presentation\">comerciales.<\/span><\/div>\n<div tabindex=\"0\" data-main-rotation=\"0\">\u00a0<\/div>\n<div class=\"textLayer\" tabindex=\"0\" data-main-rotation=\"0\"><span dir=\"ltr\" role=\"presentation\">Tambi\u00e9n se se\u00f1ala en esta encuesta que es nece<\/span><span dir=\"ltr\" role=\"presentation\">sario regularizar el tr\u00e1fico en otros barrios m\u00e1s peri<\/span><span dir=\"ltr\" role=\"presentation\">f\u00e9rico, pues el n\u00famero de coches sigue aumentando <\/span><span dir=\"ltr\" role=\"presentation\">y el espacio del peat\u00f3n tiende a disminuir.<\/span><br role=\"presentation\" \/><br \/>\n<span dir=\"ltr\" role=\"presentation\">Se plantea de necesidad de llevar a cabo campa<\/span><span dir=\"ltr\" role=\"presentation\">\u00f1as de concienciaci\u00f3n.<\/span><br role=\"presentation\" \/><br \/>\n<span dir=\"ltr\" role=\"presentation\">Con respecto a la Seguridad Ciudadana, el 74 % <\/span><span dir=\"ltr\" role=\"presentation\">opina que hay que mejorarla, aumentando la vigilan<\/span><span dir=\"ltr\" role=\"presentation\">cia<\/span><\/div>\n<div tabindex=\"0\" data-main-rotation=\"0\">\u00a0<\/div>\n<div class=\"textLayer\" tabindex=\"0\" data-main-rotation=\"0\"><strong><span dir=\"ltr\" role=\"presentation\">MEDIOAMBIENTE Y SANIDAD:<\/span><\/strong><br role=\"presentation\" \/><br \/>\n<span dir=\"ltr\" role=\"presentation\">El 69,9 % de los encuestados lo sit\u00faan como un <\/span><span dir=\"ltr\" role=\"presentation\">aspecto a mejorar, en 6\u00ba lugar, por debajo de tr\u00e1fico y <\/span><span dir=\"ltr\" role=\"presentation\">seguridad ciudadana, tejido productivo, educaci\u00f3n y <\/span><span dir=\"ltr\" role=\"presentation\">cultura.<\/span><br role=\"presentation\" \/><br \/>\n<span dir=\"ltr\" role=\"presentation\">Para un 87,4% de los atarfe\u00f1os, la ubicaci\u00f3n de las <\/span><span dir=\"ltr\" role=\"presentation\">industrias debe estar fuera del casco urbano y ade<\/span><span dir=\"ltr\" role=\"presentation\">m\u00e1s cumpliendo la normas sobre la contaminaci\u00f3n.<\/span><\/div>\n<div tabindex=\"0\" data-main-rotation=\"0\">\u00a0<\/div>\n<div class=\"textLayer\" tabindex=\"0\" data-main-rotation=\"0\"><strong><span dir=\"ltr\" role=\"presentation\">EDUCACI\u00d3N Y CULTURA:<\/span><\/strong><br role=\"presentation\" \/><br \/>\n<span dir=\"ltr\" role=\"presentation\">El 69,9% de los encuestados cree que hay que <\/span><span dir=\"ltr\" role=\"presentation\">mejorar, sobre todo en lo referente <\/span><span dir=\"ltr\" role=\"presentation\">a las infraestructuras culturales, <\/span><span dir=\"ltr\" role=\"presentation\">apostando por un cine o teatro.<\/span><\/div>\n<div class=\"textLayer\" tabindex=\"0\" data-main-rotation=\"0\"><br role=\"presentation\" \/><br \/>\n<strong><span dir=\"ltr\" role=\"presentation\">OCIO Y TIEMPO LIBRE:<\/span><\/strong><br role=\"presentation\" \/><br \/>\n<span dir=\"ltr\" role=\"presentation\">La instalaci\u00f3n de\u00a0 una piscina cli<\/span><span dir=\"ltr\" role=\"presentation\">matizada con servicios de rehabili<\/span><span dir=\"ltr\" role=\"presentation\">taci\u00f3n es una buena opci\u00f3n seg\u00fan <\/span><span dir=\"ltr\" role=\"presentation\">el 93,8 % de los encuestados, s\u00f3lo <\/span><span dir=\"ltr\" role=\"presentation\">el 3,83 % opina que hay suficien<\/span><span dir=\"ltr\" role=\"presentation\">tes instalaciones deportivas.<\/span><\/div>\n<div tabindex=\"0\" data-main-rotation=\"0\">\u00a0<\/div>\n<div class=\"textLayer\" tabindex=\"0\" data-main-rotation=\"0\"><strong><span dir=\"ltr\" role=\"presentation\">BIENESTAR SOCIAL:<\/span><\/strong><br role=\"presentation\" \/><br \/>\n<span dir=\"ltr\" role=\"presentation\">El 75,7% de los encuestados cree <\/span><span dir=\"ltr\" role=\"presentation\">que los j\u00f3venes y las mujeres ten<\/span><span dir=\"ltr\" role=\"presentation\">dr\u00edan que comprometerse m\u00e1s en las actividades y programas que se ponen en marcha. El grado de compromiso y participaci\u00f3n es bajo, por lo que se tendr\u00eda que mejorar considerablemente. Hay que motivar m\u00e1s a los j\u00f3venes.<br \/>\nEn esta encuesta tambi\u00e9n los mayores exponen la necesidad de construir una residencia de mayores, pues la poblaci\u00f3n en<br \/>\nestas edades aumenta, y las plazas son pocas.<\/span><\/div>\n<div class=\"textLayer\" tabindex=\"0\" data-main-rotation=\"0\"><span dir=\"ltr\" role=\"presentation\"><br \/>\n<strong>SECTORES PRODUCTIVOS:<\/strong><br \/>\nSobre las estrategias de desarrollo para el futuro , el 77,2 % de los encuestados, cree que el futuro de Atarfe no est\u00e1 s\u00f3lo<br \/>\nen potenciar el sector industrial, sino que hay que potenciar otros sectores como el turismo aprovechando el entorno Sierra<br \/>\nElvira y Cubillas, proyectando una buena imagen de Atarfe, convirtiendo a \u00e9sta en una Ciudad Metropolitana que ofrezca servicios de zona, con la creaci\u00f3n de un Centro log\u00edstico de Transporte y creando centros comerciales abiertos, con par-<br \/>\nques l\u00fadicos y zonas de ocio.<br \/>\nEn este sentido el 90% se muestra de acuerdo con la construcci\u00f3n de la Plaza de Toros, pues eso adem\u00e1s de potenciar otras actividades l\u00fadicas y culturales, permitir\u00e1 establecer una zona comercial, generando productividad y riqueza para el pueblo.<br \/>\n<\/span><\/div>\n<div tabindex=\"0\" data-main-rotation=\"0\">\u00a0<\/div>\n<div class=\"textLayer\" tabindex=\"0\" data-main-rotation=\"0\"><span dir=\"ltr\" role=\"presentation\"><strong>SOBRE LA SOCIEDAD DE LA INFORMACI\u00d3N:<\/strong><br \/>\nEl 58,2 % de los atarfe\u00f1os se sienten preparados para afrontar el futuro con el uso de las nuevas tecnolog\u00edas. El 38,8% opina que no est\u00e1n preparados y que una buena opci\u00f3n es ir introduci\u00e9ndolos en el sistema educativo y tambi\u00e9n con cursos formativos.<br \/>\nPor otro lado, los atarfe\u00f1os opinan se podr\u00edan ir implantando en el municipio infraestructuras tecnol\u00f3gicas como la banda ancha, ya que permitir\u00eda una mayor conexi\u00f3n con la red.<br \/>\n<\/span><\/div>\n<div tabindex=\"0\" data-main-rotation=\"0\"><img data-recalc-dims=\"1\" loading=\"lazy\" decoding=\"async\" class=\"alignnone wp-image-78895 size-full\" src=\"https:\/\/i0.wp.com\/miradordeatarfe.es\/wp-content\/uploads\/2025\/09\/Screenshot-2025-09-09-at-11-43-56-miradorn16-16.pdf.png?resize=640%2C379&#038;ssl=1\" alt=\"\" width=\"640\" height=\"379\" srcset=\"https:\/\/i0.wp.com\/miradordeatarfe.es\/wp-content\/uploads\/2025\/09\/Screenshot-2025-09-09-at-11-43-56-miradorn16-16.pdf.png?w=680&amp;ssl=1 680w, https:\/\/i0.wp.com\/miradordeatarfe.es\/wp-content\/uploads\/2025\/09\/Screenshot-2025-09-09-at-11-43-56-miradorn16-16.pdf.png?resize=300%2C178&amp;ssl=1 300w\" sizes=\"auto, (max-width: 640px) 100vw, 640px\" \/><\/div>\n","protected":false},"excerpt":{"rendered":"<p>ARTICULO PUBLICADO EN EL MIRADOR DE ATARFE P\u00c1GINA 4 A\u00d1O 2 &#8211; N\u00daMERO 16 A\u00d1O&#8230;<\/p>\n","protected":false},"author":1,"featured_media":78893,"comment_status":"closed","ping_status":"closed","sticky":false,"template":"","format":"standard","meta":{"_coblocks_attr":"","_coblocks_dimensions":"","_coblocks_responsive_height":"","_coblocks_accordion_ie_support":"","jetpack_post_was_ever_published":false,"_jetpack_newsletter_access":"","_jetpack_dont_email_post_to_subs":false,"_jetpack_newsletter_tier_id":0,"_jetpack_memberships_contains_paywalled_content":false,"_jetpack_memberships_contains_paid_content":false,"footnotes":"","jetpack_publicize_message":"","jetpack_publicize_feature_enabled":true,"jetpack_social_post_already_shared":true,"jetpack_social_options":{"image_generator_settings":{"template":"highway","default_image_id":0,"enabled":false},"version":2}},"categories":[2,1161,1225,186,6926,44],"tags":[],"class_list":["post-78892","post","type-post","status-publish","format-standard","has-post-thumbnail","hentry","category-atarfe","category-ciudadania","category-ha-de-atarfe","category-instituciones","category-mirador-de-atarfe-en-papel","category-noticias-de-hoy"],"jetpack_publicize_connections":[],"jetpack_featured_media_url":"https:\/\/i0.wp.com\/miradordeatarfe.es\/wp-content\/uploads\/2025\/09\/Captura20250909112602.png?fit=208%2C134&ssl=1","jetpack_likes_enabled":true,"jetpack_sharing_enabled":true,"_links":{"self":[{"href":"https:\/\/miradordeatarfe.es\/index.php?rest_route=\/wp\/v2\/posts\/78892","targetHints":{"allow":["GET"]}}],"collection":[{"href":"https:\/\/miradordeatarfe.es\/index.php?rest_route=\/wp\/v2\/posts"}],"about":[{"href":"https:\/\/miradordeatarfe.es\/index.php?rest_route=\/wp\/v2\/types\/post"}],"author":[{"embeddable":true,"href":"https:\/\/miradordeatarfe.es\/index.php?rest_route=\/wp\/v2\/users\/1"}],"replies":[{"embeddable":true,"href":"https:\/\/miradordeatarfe.es\/index.php?rest_route=%2Fwp%2Fv2%2Fcomments&post=78892"}],"version-history":[{"count":2,"href":"https:\/\/miradordeatarfe.es\/index.php?rest_route=\/wp\/v2\/posts\/78892\/revisions"}],"predecessor-version":[{"id":78896,"href":"https:\/\/miradordeatarfe.es\/index.php?rest_route=\/wp\/v2\/posts\/78892\/revisions\/78896"}],"wp:featuredmedia":[{"embeddable":true,"href":"https:\/\/miradordeatarfe.es\/index.php?rest_route=\/wp\/v2\/media\/78893"}],"wp:attachment":[{"href":"https:\/\/miradordeatarfe.es\/index.php?rest_route=%2Fwp%2Fv2%2Fmedia&parent=78892"}],"wp:term":[{"taxonomy":"category","embeddable":true,"href":"https:\/\/miradordeatarfe.es\/index.php?rest_route=%2Fwp%2Fv2%2Fcategories&post=78892"},{"taxonomy":"post_tag","embeddable":true,"href":"https:\/\/miradordeatarfe.es\/index.php?rest_route=%2Fwp%2Fv2%2Ftags&post=78892"}],"curies":[{"name":"wp","href":"https:\/\/api.w.org\/{rel}","templated":true}]}}