{"id":78909,"date":"2025-09-12T11:00:28","date_gmt":"2025-09-12T09:00:28","guid":{"rendered":"https:\/\/miradordeatarfe.es\/?p=78909"},"modified":"2025-09-12T12:36:52","modified_gmt":"2025-09-12T10:36:52","slug":"fosa-por-juan-de-dios-villanueva-roa","status":"publish","type":"post","link":"https:\/\/miradordeatarfe.es\/?p=78909","title":{"rendered":"\u00abFOSA\u00bb por  Juan de Dios Villanueva Roa"},"content":{"rendered":"<h3>En este pa\u00eds hubo una guerra hace casi noventa a\u00f1os. Mucha gente o ha olvidado su origen o no lo ha llegado a conocer jam\u00e1s.<\/h3>\n<p>En aquella guerra hubo m\u00e1s de un mill\u00f3n de muertos; de quienes quedaron, unos ganaron y todos perdieron, aunque unos perdieron mucho m\u00e1s que otros. Los que ganaron lo hicieron para el resto de sus vidas; quienes perdieron, tambi\u00e9n. Hubo muchos enterrados en fosas tras ser asesinados, fosas cavadas junto a caminos y carreteras, contiguas a las paredes de cementerios, en cualquier lugar que permitiera acabar pronto la faena.<\/p>\n<p>A\u00fan quedan miles de fosas en las que yacen las v\u00edctimas de aquella guerra. Lorca fue una de ellas, entre las miles que hubo en esta provincia.<\/p>\n<p>La palabra<strong> fosa<\/strong> significa varias cosas, aunque su fin es el mismo: enterrar a los muertos, de uno en uno o amontonar varios de ellos. Es una palabra que en este pa\u00eds llamado Espa\u00f1a y que algunos dicen amar m\u00e1s que los otros, deber\u00eda estar desterrada, o al menos usada con el respeto debido a los seres humanos que se encuentran en ellas. Por eso, cuando el Partido Popular dice desear mandar a la fosa a alguien est\u00e1 mostrando su deseo de regresar a unos tiempos en los que esta tierra que dicen amar tanto se deber\u00eda sentir avergonzada, y quien no lo sienta as\u00ed bien har\u00eda en explicar el porqu\u00e9.<\/p>\n<p>Miguel Tellado es fiel representante de gentes destructoras, que no saben unir ni trabajar para los dem\u00e1s. Esta persona que dice que una vez trabaj\u00f3 en un peri\u00f3dico bien har\u00eda en leer un poco la historia, aunque parece que la lectura deja de ser bien vista hoy, interesa m\u00e1s la gente iletrada, es m\u00e1s manejable. Si siguen por ese camino, que dios nos pille confesados.<\/p>\n","protected":false},"excerpt":{"rendered":"<p>En este pa\u00eds hubo una guerra hace casi noventa a\u00f1os. Mucha gente o ha olvidado&#8230;<\/p>\n","protected":false},"author":1,"featured_media":78910,"comment_status":"closed","ping_status":"closed","sticky":false,"template":"","format":"standard","meta":{"_coblocks_attr":"","_coblocks_dimensions":"","_coblocks_responsive_height":"","_coblocks_accordion_ie_support":"","jetpack_post_was_ever_published":false,"_jetpack_newsletter_access":"","_jetpack_dont_email_post_to_subs":false,"_jetpack_newsletter_tier_id":0,"_jetpack_memberships_contains_paywalled_content":false,"_jetpack_memberships_contains_paid_content":false,"footnotes":"","jetpack_publicize_message":"","jetpack_publicize_feature_enabled":true,"jetpack_social_post_already_shared":true,"jetpack_social_options":{"image_generator_settings":{"template":"highway","default_image_id":0,"enabled":false},"version":2}},"categories":[1161,9772,44,6937],"tags":[],"class_list":["post-78909","post","type-post","status-publish","format-standard","has-post-thumbnail","hentry","category-ciudadania","category-opinion-de-juan-de-dios-villanueva","category-noticias-de-hoy","category-sociedad"],"jetpack_publicize_connections":[],"jetpack_featured_media_url":"https:\/\/i0.wp.com\/miradordeatarfe.es\/wp-content\/uploads\/2025\/09\/98.webp?fit=1900%2C1069&ssl=1","jetpack_likes_enabled":true,"jetpack_sharing_enabled":true,"_links":{"self":[{"href":"https:\/\/miradordeatarfe.es\/index.php?rest_route=\/wp\/v2\/posts\/78909","targetHints":{"allow":["GET"]}}],"collection":[{"href":"https:\/\/miradordeatarfe.es\/index.php?rest_route=\/wp\/v2\/posts"}],"about":[{"href":"https:\/\/miradordeatarfe.es\/index.php?rest_route=\/wp\/v2\/types\/post"}],"author":[{"embeddable":true,"href":"https:\/\/miradordeatarfe.es\/index.php?rest_route=\/wp\/v2\/users\/1"}],"replies":[{"embeddable":true,"href":"https:\/\/miradordeatarfe.es\/index.php?rest_route=%2Fwp%2Fv2%2Fcomments&post=78909"}],"version-history":[{"count":3,"href":"https:\/\/miradordeatarfe.es\/index.php?rest_route=\/wp\/v2\/posts\/78909\/revisions"}],"predecessor-version":[{"id":78937,"href":"https:\/\/miradordeatarfe.es\/index.php?rest_route=\/wp\/v2\/posts\/78909\/revisions\/78937"}],"wp:featuredmedia":[{"embeddable":true,"href":"https:\/\/miradordeatarfe.es\/index.php?rest_route=\/wp\/v2\/media\/78910"}],"wp:attachment":[{"href":"https:\/\/miradordeatarfe.es\/index.php?rest_route=%2Fwp%2Fv2%2Fmedia&parent=78909"}],"wp:term":[{"taxonomy":"category","embeddable":true,"href":"https:\/\/miradordeatarfe.es\/index.php?rest_route=%2Fwp%2Fv2%2Fcategories&post=78909"},{"taxonomy":"post_tag","embeddable":true,"href":"https:\/\/miradordeatarfe.es\/index.php?rest_route=%2Fwp%2Fv2%2Ftags&post=78909"}],"curies":[{"name":"wp","href":"https:\/\/api.w.org\/{rel}","templated":true}]}}