{"id":7891,"date":"2016-03-28T13:29:49","date_gmt":"2016-03-28T13:29:49","guid":{"rendered":"http:\/\/miradordeatarfe.es\/?p=7891"},"modified":"2016-03-28T13:35:38","modified_gmt":"2016-03-28T13:35:38","slug":"pleitos-de-pronostico-reservado","status":"publish","type":"post","link":"https:\/\/miradordeatarfe.es\/?p=7891","title":{"rendered":"Pleitos de pron\u00f3stico reservado"},"content":{"rendered":"<p style=\"text-align: justify;\">La paradoja de V\u00edctor S\u00e1nchez: el mejor &#8216;abogado&#8217; del exalcalde de Atarfe es su precario estado de salud<!--more--><\/p>\n<p style=\"text-align: justify;\">El &#8216;\u00e1rbol geneal\u00f3gico&#8217; de los pleitos de V\u00edctor S\u00e1nchez, exalcalde de Atarfe, tiene m\u00e1s ramas que un olivo bicentenario. De hecho -y se supone que a excepci\u00f3n del propio interesado y sus letrados-, nadie parece saber a cu\u00e1ntos juicios se ha sometido y cu\u00e1ntos le aguardan todav\u00eda. Porque aunque dimiti\u00f3 en diciembre de 2009, y de eso hace ya casi siete a\u00f1os, V\u00edctor S\u00e1nchez sigue siendo noticia hoy debido a su amplio &#8216;curr\u00edculum&#8217; procesal. Normal. La justicia es &#8216;larga&#8217;: los presuntos llegan al banquillo de los acusados cuando los casos, por lo general, han ca\u00eddo en el olvido.<\/p>\n<p style=\"text-align: justify;\">En este sentido, es muy probable que sea uno de los pol\u00edticos m\u00e1s denunciados de la provincia de Granada: lo dif\u00edcil es encontrar la cifra concreta, el dato. Seg\u00fan las distintas fuentes consultadas por IDEAL, el nombre de V\u00edctor S\u00e1nchez aparecer\u00eda en una veintena de casos penales y casi la mitad ya habr\u00edan sido juzgados. Lo m\u00e1s llamativo del asunto -y en esto coinciden los medios consultados- es que, a pesar de esa cascada de pleitos, no hay ninguna condena firme contra el que fuera alcalde socialista de Atarfe durante dos d\u00e9cadas.<\/p>\n<p style=\"text-align: justify;\">Es verdad que en los primeros juicios -dos de los cuales tuvieron su origen en tropel\u00edas medioambientales- fue declarado culpable, pero luego la Audiencia Granada anul\u00f3 esos fallos y qued\u00f3 absuelto.<\/p>\n<p style=\"text-align: justify;\">Pero cuando el tribunal provincial se pronunci\u00f3, V\u00edctor S\u00e1nchez ya hab\u00eda renunciado a la alcald\u00eda de su pueblo, donde cosechaba mayor\u00edas absolutas con una facilidad pasmosa. \u00abCreo que hago lo correcto al dimitir. Mi pueblo y mi Ayuntamiento no pueden verse sometidos a la presi\u00f3n de tener un alcalde condenado\u00bb, dijo para despedirse del cargo. \u00c9l entonces no lo sab\u00eda, pero la justicia acabar\u00eda por revocar dicha resoluci\u00f3n. Es decir, que V\u00edctor S\u00e1nchez se fue del Consistorio por un delito contra el medio ambiente que, seg\u00fan la verdad judicial, no cometi\u00f3 -fue el llamado &#8216;caso Llanos de Silva&#8217;-. Una paradoja en la vida de un pol\u00edtico que, cuando estaba en ejercicio, era una m\u00e1quina de generar adhesiones y detractores.<\/p>\n<p style=\"text-align: justify;\">No obstante, \u00e9l ya deb\u00eda de saber que su futuro no se presentaba precisamente despejado. Las denuncias contra \u00e9l avanzaban y, como ya se ha dicho, eran numerosas. M\u00e1s pronto que tarde le tocar\u00eda volver al banquillo&#8230; Pero entonces se cruz\u00f3 en su camino la enfermedad, que ha terminado por convertirse en su mejor &#8216;abogado defensor&#8217;. Otra paradoja: su precario estado de salud, padece severas patolog\u00edas coronarias, le est\u00e1 ahorrando viajes a los banquillos y presumibles condenas, pero a la vez es una c\u00e1rcel.<\/p>\n<p style=\"text-align: justify;\">La Guardia Civil le investig\u00f3<\/p>\n<p style=\"text-align: justify;\">Fue en 2013 cuando V\u00edctor S\u00e1nchez falt\u00f3 por primera vez a un juicio porque estaba ingresado en un hospital. A partir de ah\u00ed ya no comparecer\u00eda m\u00e1s. Las sucesivas vistas orales se han ido celebrando en su ausencia.<\/p>\n<p style=\"text-align: justify;\">A la vista de esa situaci\u00f3n y de los correspondientes informes m\u00e9dicos, la Audiencia Provincial archiv\u00f3 varias causas que afectaban de lleno al exregidor de Atarfe por motivos de salud. V\u00edctor S\u00e1nchez ser\u00eda juzgado si mejorase, algo que, dada la naturaleza cr\u00f3nica de sus padecimientos, parece improbable.<\/p>\n<p style=\"text-align: justify;\">La fiscal\u00eda de Granada recurri\u00f3 la decisi\u00f3n del tribunal por entender que la Ley de Enjuiciamiento Criminal s\u00f3lo prev\u00e9 la aplicaci\u00f3n de esa medida, el sobreseimiento provisional, cuando se produzca la \u00abdemencia sobrevenida del acusado\u00bb, lo que impedir\u00eda afrontar un juicio. La iniciativa del ministerio p\u00fablico no fue atendida.<\/p>\n<p style=\"text-align: justify;\">Se da la circunstancia de que Ecologistas en Acci\u00f3n, que ejerce la acusaci\u00f3n particular en uno de los m\u00faltiples procesos en los que est\u00e1 implicado V\u00edctor S\u00e1nchez, tambi\u00e9n est\u00e1 intentado ahora, con los mismos argumentos que la fiscal\u00eda, que el Tribunal Supremo obligue a juzgar al exalcalde.<\/p>\n<p style=\"text-align: justify;\">Sea como fuere, el celo del ministerio p\u00fablico en el &#8216;caso V\u00edctor S\u00e1nchez&#8217; ha sido f\u00e9rreo. Este pasado verano, sin ir m\u00e1s lejos, abri\u00f3 una investigaci\u00f3n para determinar si el exregidor atarfe\u00f1o llevaba una especie de doble vida y se &#8216;olvidaba&#8217; de sus males cuando estaba en el pueblo. La Guardia Civil hizo las oportunas averiguaciones y concluy\u00f3 que no, que V\u00edctor S\u00e1nchez no estaba disimulando ni exagerando sus sufrimientos.<\/p>\n<p style=\"text-align: justify;\">En un auto del pasado mes de septiembre -previo a la celebraci\u00f3n de los dos juicios relacionados con el fiasco de la urbanizaci\u00f3n Medina Elvira y en los que no estuvo presente el exalcalde-, la Audiencia alud\u00eda a un informe m\u00e9dico que advert\u00eda de que el estado f\u00edsico de V\u00edctor S\u00e1nchez hab\u00eda empeorado desde la \u00faltima vez que se le hizo una exploraci\u00f3n, que hab\u00eda sido el 6 de marzo de 2014. As\u00ed las cosas, el facultativo consideraba \u00abcontradictoria su declaraci\u00f3n en estrado y presencia en juicio oral en varias sesiones\u00bb.<\/p>\n<p><a href=\"http:\/\/www.ideal.es\/granada\/201603\/28\/pleitos-pronostico-reservado-20160325013928-v.html\">http:\/\/www.ideal.es\/granada\/201603\/28\/pleitos-pronostico-reservado-20160325013928-v.html<\/a><\/p>\n","protected":false},"excerpt":{"rendered":"<p>La paradoja de V\u00edctor S\u00e1nchez: el mejor &#8216;abogado&#8217; del exalcalde de Atarfe es su precario&#8230;<\/p>\n","protected":false},"author":1,"featured_media":7892,"comment_status":"closed","ping_status":"closed","sticky":false,"template":"","format":"standard","meta":{"_coblocks_attr":"","_coblocks_dimensions":"","_coblocks_responsive_height":"","_coblocks_accordion_ie_support":"","jetpack_post_was_ever_published":false,"_jetpack_newsletter_access":"","_jetpack_dont_email_post_to_subs":false,"_jetpack_newsletter_tier_id":0,"_jetpack_memberships_contains_paywalled_content":false,"_jetpack_memberships_contains_paid_content":false,"footnotes":"","jetpack_publicize_message":"","jetpack_publicize_feature_enabled":true,"jetpack_social_post_already_shared":false,"jetpack_social_options":{"image_generator_settings":{"template":"highway","default_image_id":0,"enabled":false},"version":2}},"categories":[2,186,44,15,10],"tags":[55,2002,2405],"class_list":["post-7891","post","type-post","status-publish","format-standard","has-post-thumbnail","hentry","category-atarfe","category-instituciones","category-noticias-de-hoy","category-ultimas-noticias","category-salud","tag-salud","tag-tribunales","tag-victor-sanchez"],"jetpack_publicize_connections":[],"jetpack_featured_media_url":"https:\/\/i0.wp.com\/miradordeatarfe.es\/wp-content\/uploads\/2016\/03\/victor-sanchez-atarfe-229x229.jpg?fit=229%2C229&ssl=1","jetpack_likes_enabled":true,"jetpack_sharing_enabled":true,"_links":{"self":[{"href":"https:\/\/miradordeatarfe.es\/index.php?rest_route=\/wp\/v2\/posts\/7891","targetHints":{"allow":["GET"]}}],"collection":[{"href":"https:\/\/miradordeatarfe.es\/index.php?rest_route=\/wp\/v2\/posts"}],"about":[{"href":"https:\/\/miradordeatarfe.es\/index.php?rest_route=\/wp\/v2\/types\/post"}],"author":[{"embeddable":true,"href":"https:\/\/miradordeatarfe.es\/index.php?rest_route=\/wp\/v2\/users\/1"}],"replies":[{"embeddable":true,"href":"https:\/\/miradordeatarfe.es\/index.php?rest_route=%2Fwp%2Fv2%2Fcomments&post=7891"}],"version-history":[{"count":4,"href":"https:\/\/miradordeatarfe.es\/index.php?rest_route=\/wp\/v2\/posts\/7891\/revisions"}],"predecessor-version":[{"id":7896,"href":"https:\/\/miradordeatarfe.es\/index.php?rest_route=\/wp\/v2\/posts\/7891\/revisions\/7896"}],"wp:featuredmedia":[{"embeddable":true,"href":"https:\/\/miradordeatarfe.es\/index.php?rest_route=\/wp\/v2\/media\/7892"}],"wp:attachment":[{"href":"https:\/\/miradordeatarfe.es\/index.php?rest_route=%2Fwp%2Fv2%2Fmedia&parent=7891"}],"wp:term":[{"taxonomy":"category","embeddable":true,"href":"https:\/\/miradordeatarfe.es\/index.php?rest_route=%2Fwp%2Fv2%2Fcategories&post=7891"},{"taxonomy":"post_tag","embeddable":true,"href":"https:\/\/miradordeatarfe.es\/index.php?rest_route=%2Fwp%2Fv2%2Ftags&post=7891"}],"curies":[{"name":"wp","href":"https:\/\/api.w.org\/{rel}","templated":true}]}}