{"id":78933,"date":"2025-09-12T12:28:03","date_gmt":"2025-09-12T10:28:03","guid":{"rendered":"https:\/\/miradordeatarfe.es\/?p=78933"},"modified":"2025-09-12T12:43:07","modified_gmt":"2025-09-12T10:43:07","slug":"atarfe-y-las-gabias-designadas-villa-europea-del-deporte-2026","status":"publish","type":"post","link":"https:\/\/miradordeatarfe.es\/?p=78933","title":{"rendered":"Atarfe y Las Gabias, designadas Villa Europea del Deporte 2026"},"content":{"rendered":"<h3 style=\"text-align: justify;\">La Asociaci\u00f3n Europea de Capitales y Ciudades del Deporte otorga a ambas ciudades metropolitanas este reconocimiento por su labor en la promoci\u00f3n de esta materia<\/h3>\n<p style=\"text-align: justify;\">La Asociaci\u00f3n Europea de Capitales y Ciudades del Deporte ha concedido a las ciudades metropolitanas de <strong>Atarfe <\/strong>y de <strong>Las Gabias<\/strong> el t\u00edtulo como <strong>Villa Europea del Deporte 2026<\/strong>, una aspiraci\u00f3n que ten\u00edan ambos municipios para ensalzar la labor que realizan desde hace a\u00f1os en esta materia.<\/p>\n<p style=\"text-align: justify;\">Han sido las alcaldesas de ambos municipios, <strong>Yolanda Fern\u00e1ndez (Atarfe)<\/strong> y <strong>Meri S\u00e1daba (Las Gabias)<\/strong> las encargadas de hacer p\u00fablico este reconocimiento por el que comenzaron a trabajar hace meses y cuyo galard\u00f3n deber\u00e1n reconocer en diciembre en Bruselas.<\/p>\n<p style=\"text-align: justify;\">La alcaldesa atarfe\u00f1a ha recalcado que este premio es \u00abfruto del trabajo de m\u00e1s de 20 a\u00f1os donde el deporte ha sido pilar fundamental en la gesti\u00f3n del pueblo\u00bb, al tiempo que ha trasladado su enhorabuena a los vecinos y vecinas y a quienes hayan aportado su grano de arena para conseguirlo.<\/p>\n<p style=\"text-align: justify;\">Junto al concejal de Deportes del Ayuntamiento de <strong>Atarfe, V\u00edctor Almohano,<\/strong> ha subrayado el trabajo realizado tanto por el responsable como los integrantes de este \u00e1rea. El edil ha agradecido igualmente a todos los trabajadores de las instalaciones deportivas.<\/p>\n<p style=\"text-align: justify;\"><strong>Atarfe <\/strong><a href=\"https:\/\/www.ahoragranada.com\/noticias\/atarfe-da-el-primer-paso-para-ser-villa-europea-del-deporte-en-2026\/\" target=\"_blank\" rel=\"noreferrer noopener\">oficializ\u00f3 su candidatura en enero de este a\u00f1o<\/a> y se present\u00f3 como un \u00abmodelo a seguir\u00bb en el \u00e1mbito deportivo, con una gesti\u00f3n que ha impulsado la pr\u00e1ctica en \u00abm\u00faltiples modalidades\u00bb.<\/p>\n<p><iframe loading=\"lazy\" title=\"\ud83c\udfc6\u2728 \u00a1ATARFE VILLA EUROPEA DEL DEPORTE 2026! \u2728\ud83c\udfc6\" width=\"540\" height=\"960\" src=\"https:\/\/www.youtube.com\/embed\/B-ltRZDISAo?feature=oembed\" frameborder=\"0\" allow=\"accelerometer; autoplay; clipboard-write; encrypted-media; gyroscope; picture-in-picture; web-share\" referrerpolicy=\"strict-origin-when-cross-origin\" allowfullscreen><\/iframe><\/p>\n<p style=\"text-align: justify;\">El reconocimiento tambi\u00e9n recae en la ciudad metropolitana de <strong>Las Gabias<\/strong>, cuya alcaldesa se ha dirigido a los vecinos en el campo de golf, uno de los espacios \u00abreferencia deportiva\u00bb de la localidad.<\/p>\n<p style=\"text-align: justify;\">\u00abSe trata de una gran noticia\u00bb, ha indicado la regidora gabirra, quien ha dado su enhorabuena a vecinos por conseguir este gran reto, por lo que ha augurado que ser\u00e1 el comienzo de \u00abun gran a\u00f1o\u00bb para el deporte de <strong>Las Gabias.<\/strong><\/p>\n<p style=\"text-align: justify;\">La alcaldesa ha estado acompa\u00f1ada por el concejal de Deportes, Sebasti\u00e1n Pert\u00ed\u00f1ez, de quien ha destacado el trabajo desarrollado para la consecuci\u00f3n de este reconocimiento.<\/p>\n<p style=\"text-align: justify;\">El 16 de enero, <strong>Las Gabias<\/strong> hizo oficial su candidatura con el objetivo de posicionarse como \u00abreferente deportivo internacional\u00bb, siendo esta aspiraci\u00f3n una \u00aboportunidad\u00bb para mejorar la calidad de vida, fomentar la inclusi\u00f3n social y promover valores \u00abesenciales\u00bb vinculados a esta materia.<\/p>\n<h3><span class=\"section-name\"><span class=\"autor\"><a title=\"Entradas de Luis F. Ruiz\" href=\"https:\/\/www.ahoragranada.com\/columnista\/luis-f-ruiz\/\" rel=\"author\">Luis F. Ruiz<\/a><\/span><\/span><\/h3>\n<blockquote class=\"wp-embedded-content\" data-secret=\"qWjGay1OKT\"><p><a href=\"https:\/\/www.ahoragranada.com\/noticias\/atarfe-y-las-gabias-designadas-villa-europea-del-deporte-2026\/\">Atarfe y Las Gabias, designadas Villa Europea del Deporte 2026<\/a><\/p><\/blockquote>\n<p><iframe loading=\"lazy\" class=\"wp-embedded-content\" sandbox=\"allow-scripts\" security=\"restricted\" style=\"position: absolute; visibility: hidden;\" title=\"\u00abAtarfe y Las Gabias, designadas Villa Europea del Deporte 2026\u00bb \u2014 Ahora Granada\" src=\"https:\/\/www.ahoragranada.com\/noticias\/atarfe-y-las-gabias-designadas-villa-europea-del-deporte-2026\/embed\/#?secret=gRG0CdMbb9#?secret=qWjGay1OKT\" data-secret=\"qWjGay1OKT\" width=\"600\" height=\"338\" frameborder=\"0\" marginwidth=\"0\" marginheight=\"0\" scrolling=\"no\"><\/iframe><\/p>\n","protected":false},"excerpt":{"rendered":"<p>La Asociaci\u00f3n Europea de Capitales y Ciudades del Deporte otorga a ambas ciudades metropolitanas este&#8230;<\/p>\n","protected":false},"author":1,"featured_media":78934,"comment_status":"closed","ping_status":"closed","sticky":false,"template":"","format":"standard","meta":{"_coblocks_attr":"","_coblocks_dimensions":"","_coblocks_responsive_height":"","_coblocks_accordion_ie_support":"","jetpack_post_was_ever_published":false,"_jetpack_newsletter_access":"","_jetpack_dont_email_post_to_subs":false,"_jetpack_newsletter_tier_id":0,"_jetpack_memberships_contains_paywalled_content":false,"_jetpack_memberships_contains_paid_content":false,"footnotes":"","jetpack_publicize_message":"","jetpack_publicize_feature_enabled":true,"jetpack_social_post_already_shared":true,"jetpack_social_options":{"image_generator_settings":{"template":"highway","default_image_id":0,"enabled":false},"version":2}},"categories":[6916,182,44,10801],"tags":[],"class_list":["post-78933","post","type-post","status-publish","format-standard","has-post-thumbnail","hentry","category-ayuntamiento-de-atarfe","category-deportes","category-noticias-de-hoy","category-participa-atarfe"],"jetpack_publicize_connections":[],"jetpack_featured_media_url":"https:\/\/i0.wp.com\/miradordeatarfe.es\/wp-content\/uploads\/2025\/09\/Atarfe-y-Las-Gabias-Villa-Europea-del-Deporte.jpg?fit=970%2C545&ssl=1","jetpack_likes_enabled":true,"jetpack_sharing_enabled":true,"_links":{"self":[{"href":"https:\/\/miradordeatarfe.es\/index.php?rest_route=\/wp\/v2\/posts\/78933","targetHints":{"allow":["GET"]}}],"collection":[{"href":"https:\/\/miradordeatarfe.es\/index.php?rest_route=\/wp\/v2\/posts"}],"about":[{"href":"https:\/\/miradordeatarfe.es\/index.php?rest_route=\/wp\/v2\/types\/post"}],"author":[{"embeddable":true,"href":"https:\/\/miradordeatarfe.es\/index.php?rest_route=\/wp\/v2\/users\/1"}],"replies":[{"embeddable":true,"href":"https:\/\/miradordeatarfe.es\/index.php?rest_route=%2Fwp%2Fv2%2Fcomments&post=78933"}],"version-history":[{"count":2,"href":"https:\/\/miradordeatarfe.es\/index.php?rest_route=\/wp\/v2\/posts\/78933\/revisions"}],"predecessor-version":[{"id":78938,"href":"https:\/\/miradordeatarfe.es\/index.php?rest_route=\/wp\/v2\/posts\/78933\/revisions\/78938"}],"wp:featuredmedia":[{"embeddable":true,"href":"https:\/\/miradordeatarfe.es\/index.php?rest_route=\/wp\/v2\/media\/78934"}],"wp:attachment":[{"href":"https:\/\/miradordeatarfe.es\/index.php?rest_route=%2Fwp%2Fv2%2Fmedia&parent=78933"}],"wp:term":[{"taxonomy":"category","embeddable":true,"href":"https:\/\/miradordeatarfe.es\/index.php?rest_route=%2Fwp%2Fv2%2Fcategories&post=78933"},{"taxonomy":"post_tag","embeddable":true,"href":"https:\/\/miradordeatarfe.es\/index.php?rest_route=%2Fwp%2Fv2%2Ftags&post=78933"}],"curies":[{"name":"wp","href":"https:\/\/api.w.org\/{rel}","templated":true}]}}