{"id":78948,"date":"2025-09-15T11:32:03","date_gmt":"2025-09-15T09:32:03","guid":{"rendered":"https:\/\/miradordeatarfe.es\/?p=78948"},"modified":"2025-10-23T13:51:52","modified_gmt":"2025-10-23T11:51:52","slug":"gomez-villamandos-y-el-ascensor-por-remedios-sanchez","status":"publish","type":"post","link":"https:\/\/miradordeatarfe.es\/?p=78948","title":{"rendered":"\u00abG\u00d3MEZ-VILLAMANDOS Y EL ASCENSOR\u00bb por Remedios S\u00e1nchez"},"content":{"rendered":"<h3 style=\"text-align: justify;\">Cuando Moreno Bonilla nombr\u00f3 consejero de Universidad, Investigaci\u00f3n e Innovaci\u00f3n a Jos\u00e9 Carlos G\u00f3mez-Villamandos hubo quien se ilusion\u00f3 pensando que un catedr\u00e1tico universitario, antiguo rector en C\u00f3rdoba y presidente de la CRUE, pondr\u00eda en marcha los cambios necesarios para responder a la problem\u00e1tica que viene afrontando la universidad p\u00fablica en las \u00faltimas d\u00e9cadas. Pero no se tuvo en cuenta que ilusi\u00f3n comparte etimolog\u00eda con iluso y que ambas provienen del verbo \u2018illudere\u2019, que significa jugar o burlarse de alguien; es decir, tomarle el pelo.<\/h3>\n<p style=\"text-align: justify;\">Y el pelo nos lo ha tomado la Agencia para la Calidad Cient\u00edfica y Universitaria de Andaluc\u00eda (ACCUA) dependiente de su consejer\u00eda que, con sus informes negativos, intent\u00f3 bloquear la impartici\u00f3n \u00a0en la Universidad de Granada de los grados de Ciencia de Datos e Inteligencia Artificial y de Ingenier\u00eda Biom\u00e9dica (en colaboraci\u00f3n con la de Ja\u00e9n). El Consejo de Universidades es quien, al final, ha puesto sensatez para revertir el desaguisado que cuestionaba la capacidad de la UGR (recu\u00e9rdese: tercera espa\u00f1ola por prestigio en el ranking internacional), dinamitaba una l\u00ednea estrat\u00e9gica de la provincia, e imped\u00eda que el alumnado pudiera cursarlos aqu\u00ed. Este a\u00f1o, desde luego, ya no es factible dadas las fechas. Por eso, cuando toca asumir responsabilidades pol\u00edticas, los silencios de Villamandos y su afirmaci\u00f3n de que respeta las decisiones de la UGR suenan a guasa.<\/p>\n<p style=\"text-align: justify;\">Era conocido que el Consejero de Universidad tiene especial simpat\u00eda por la universidad privada; baste recordar que, de las cinco que existen en Andaluc\u00eda, cuatro se han aprobado bajo su mandato. Esto, que ya es dif\u00edcil de explicar en cualquier momento, en este contexto socioecon\u00f3mico en el que, como advierte la presidenta de la CRUE, Eva Alc\u00f3n, \u00a0estamos perdiendo el ascensor social que han supuesto las universidades p\u00fablicas porque las becas no se ajustan al coste de la vida (l\u00e9anse alquileres de pisos y residencias con precios inasumibles), es \u00a0inaceptable; por eso se esperaba que, \u00a0aunque fuera por supervivencia pol\u00edtica, se guardase la ideolog\u00eda en el bolsillo y rectificase apoyando las necesidades reales de los andaluces que no tienen 40.000 euros para pagar una matr\u00edcula.<\/p>\n<p style=\"text-align: justify;\">Pero don Jos\u00e9 Carlos persever\u00f3 en el error y ahora parece casi imposible salirse de un charco que se ha hecho m\u00e1s grande que el embalse de Izn\u00e1jar; sobre todo tras declaraciones del tipo \u201clos evaluadores de ACCUA van por libre\u00bb, como si la agencia le fuese ajena y los integrantes de las comisiones se sacaran al azar de un bombo, igual que hacen los ni\u00f1os de San Ildefonso con los n\u00fameros ganadores de la Loter\u00eda de Navidad.<\/p>\n<p style=\"text-align: justify;\">Basta, adem\u00e1s un poco de memoria para sumar tres argumentos indiscutibles: uno, que en 2023 \u00e9l mismo cre\u00f3 la ACCUA; dos, que nombr\u00f3 director a quien hab\u00eda sido su gerente dentro del equipo rectoral para que dise\u00f1ara la estructura acorde a su planteamiento estrat\u00e9gico; y tres, que precisamente esta misma comisi\u00f3n valid\u00f3 ese grado para una de las universidades privadas.<\/p>\n<p style=\"text-align: justify;\">Por eso, llegados a este punto, o bien G\u00f3mez-Villamandos asume que ha sido una metedura de pata abisal y se compromete con un modelo que priorice m\u00e9rito y esfuerzo sobre capacidad econ\u00f3mica, o lo van a bajar a \u00e9l del ascensor porque la sangr\u00eda de votos puede ser irreversible. Tan irreversible como la sensaci\u00f3n de frustraci\u00f3n que tienen hoy el millar de j\u00f3venes aspirantes a iniciarlo este curso en la UGR.<\/p>\n<p style=\"text-align: justify;\">FOTO JUNTA DE ANDALUCIA<\/p>\n","protected":false},"excerpt":{"rendered":"<p>Cuando Moreno Bonilla nombr\u00f3 consejero de Universidad, Investigaci\u00f3n e Innovaci\u00f3n a Jos\u00e9 Carlos G\u00f3mez-Villamandos hubo&#8230;<\/p>\n","protected":false},"author":1,"featured_media":78949,"comment_status":"closed","ping_status":"closed","sticky":false,"template":"","format":"standard","meta":{"_coblocks_attr":"","_coblocks_dimensions":"","_coblocks_responsive_height":"","_coblocks_accordion_ie_support":"","jetpack_post_was_ever_published":false,"_jetpack_newsletter_access":"","_jetpack_dont_email_post_to_subs":false,"_jetpack_newsletter_tier_id":0,"_jetpack_memberships_contains_paywalled_content":false,"_jetpack_memberships_contains_paid_content":false,"footnotes":"","jetpack_publicize_message":"","jetpack_publicize_feature_enabled":true,"jetpack_social_post_already_shared":true,"jetpack_social_options":{"image_generator_settings":{"template":"highway","default_image_id":0,"enabled":false},"version":2}},"categories":[10791,187,10781,44,7671,6914],"tags":[],"class_list":["post-78948","post","type-post","status-publish","format-standard","has-post-thumbnail","hentry","category-andalucia","category-centros-educativos","category-granada","category-noticias-de-hoy","category-politica","category-opinion-de-reme-sanchez"],"jetpack_publicize_connections":[],"jetpack_featured_media_url":"https:\/\/i0.wp.com\/miradordeatarfe.es\/wp-content\/uploads\/2025\/09\/16588454238297_JoseCarlosGomezVillamandos_Estandar.jpg?fit=930%2C548&ssl=1","jetpack_likes_enabled":true,"jetpack_sharing_enabled":true,"_links":{"self":[{"href":"https:\/\/miradordeatarfe.es\/index.php?rest_route=\/wp\/v2\/posts\/78948","targetHints":{"allow":["GET"]}}],"collection":[{"href":"https:\/\/miradordeatarfe.es\/index.php?rest_route=\/wp\/v2\/posts"}],"about":[{"href":"https:\/\/miradordeatarfe.es\/index.php?rest_route=\/wp\/v2\/types\/post"}],"author":[{"embeddable":true,"href":"https:\/\/miradordeatarfe.es\/index.php?rest_route=\/wp\/v2\/users\/1"}],"replies":[{"embeddable":true,"href":"https:\/\/miradordeatarfe.es\/index.php?rest_route=%2Fwp%2Fv2%2Fcomments&post=78948"}],"version-history":[{"count":3,"href":"https:\/\/miradordeatarfe.es\/index.php?rest_route=\/wp\/v2\/posts\/78948\/revisions"}],"predecessor-version":[{"id":78952,"href":"https:\/\/miradordeatarfe.es\/index.php?rest_route=\/wp\/v2\/posts\/78948\/revisions\/78952"}],"wp:featuredmedia":[{"embeddable":true,"href":"https:\/\/miradordeatarfe.es\/index.php?rest_route=\/wp\/v2\/media\/78949"}],"wp:attachment":[{"href":"https:\/\/miradordeatarfe.es\/index.php?rest_route=%2Fwp%2Fv2%2Fmedia&parent=78948"}],"wp:term":[{"taxonomy":"category","embeddable":true,"href":"https:\/\/miradordeatarfe.es\/index.php?rest_route=%2Fwp%2Fv2%2Fcategories&post=78948"},{"taxonomy":"post_tag","embeddable":true,"href":"https:\/\/miradordeatarfe.es\/index.php?rest_route=%2Fwp%2Fv2%2Ftags&post=78948"}],"curies":[{"name":"wp","href":"https:\/\/api.w.org\/{rel}","templated":true}]}}