{"id":78961,"date":"2025-09-14T11:00:54","date_gmt":"2025-09-14T09:00:54","guid":{"rendered":"https:\/\/miradordeatarfe.es\/?p=78961"},"modified":"2025-09-13T18:00:26","modified_gmt":"2025-09-13T16:00:26","slug":"atarfe-por-palestina","status":"publish","type":"post","link":"https:\/\/miradordeatarfe.es\/?p=78961","title":{"rendered":"ATARFE POR PALESTINA"},"content":{"rendered":"<h3>Hace d\u00edas se anunci\u00f3 la creaci\u00f3n de un grupo atarfe\u00f1o por la causa palestina.<\/h3>\n<p>Este grupo formado por distintas asociaciones, partidos, sindicatos\u00a0 y personas de manera individual tiene como objetivo informar y sensibilizar a las personas del pueblo sobre el genocidio que se est\u00e1 cometiendo contra el pueblo de Palestina.<\/p>\n<p>Tanto en Israel como en la franja de Gaza y en los Territorios Palestinos Ocupados es necesario proteger a la poblaci\u00f3n civil y que ninguna violaci\u00f3n de los derechos humanos quede impune, algo que hasta ahora no ha sucedido,<\/p>\n<p>Para comprender las ra\u00edces de este problema, es necesario retroceder hasta 1947, incluso m\u00e1s all\u00e1. El caso de Israel encierra una triste paradoja. Por un lado, el Estado de Israel existe porque una resoluci\u00f3n de Naciones Unidas le concede el derecho de existir. Es el primer Estado moderno creado de esta manera. Por el otro, el Estado de Israel no deja de vulnerar sistem\u00e1ticamente todas y cada una de las resoluciones de esa misma organizaci\u00f3n que le dio la vida y que le reconoci\u00f3 la legitimidad de su existencia.<\/p>\n<p><strong>Israel<\/strong> representa a un pueblo que sufri\u00f3 en sus carnes unos cr\u00edmenes atroces. A\u00f1os despu\u00e9s <strong>es responsable de vulneraciones constantes del derecho internacional y de un sometimiento, represi\u00f3n y opresi\u00f3n constitutivos de <\/strong><strong>cr\u00edmenes de guerra<\/strong><strong> contra otro pueblo marginado y repudiado: el palestino<\/strong>.<\/p>\n<p>El grupo atarfe\u00f1o es un grupo abierto\u00a0 que pretende que cada vez m\u00e1s vecinos se unan\u00a0 para acordar acciones a desarrollar o apoyar en nuestro municipio la lucha contra el genocidio palestino<\/p>\n<p>Una de las acciones que se han planificado es la <strong>CONCENTRACI\u00d3N \u00a0en la plaza del Ayuntamiento para el pr\u00f3ximo martes dia16 a las 20h.<\/strong><\/p>\n<p><img data-recalc-dims=\"1\" loading=\"lazy\" decoding=\"async\" class=\"alignnone wp-image-78962 size-full\" src=\"https:\/\/i0.wp.com\/miradordeatarfe.es\/wp-content\/uploads\/2025\/09\/Imagen-de-WhatsApp-2025-09-13-a-las-15.56.48_fed02cf2.jpg?resize=640%2C905&#038;ssl=1\" alt=\"\" width=\"640\" height=\"905\" srcset=\"https:\/\/i0.wp.com\/miradordeatarfe.es\/wp-content\/uploads\/2025\/09\/Imagen-de-WhatsApp-2025-09-13-a-las-15.56.48_fed02cf2.jpg?w=1131&amp;ssl=1 1131w, https:\/\/i0.wp.com\/miradordeatarfe.es\/wp-content\/uploads\/2025\/09\/Imagen-de-WhatsApp-2025-09-13-a-las-15.56.48_fed02cf2.jpg?resize=212%2C300&amp;ssl=1 212w, https:\/\/i0.wp.com\/miradordeatarfe.es\/wp-content\/uploads\/2025\/09\/Imagen-de-WhatsApp-2025-09-13-a-las-15.56.48_fed02cf2.jpg?resize=724%2C1024&amp;ssl=1 724w, https:\/\/i0.wp.com\/miradordeatarfe.es\/wp-content\/uploads\/2025\/09\/Imagen-de-WhatsApp-2025-09-13-a-las-15.56.48_fed02cf2.jpg?resize=768%2C1086&amp;ssl=1 768w, https:\/\/i0.wp.com\/miradordeatarfe.es\/wp-content\/uploads\/2025\/09\/Imagen-de-WhatsApp-2025-09-13-a-las-15.56.48_fed02cf2.jpg?resize=1086%2C1536&amp;ssl=1 1086w, https:\/\/i0.wp.com\/miradordeatarfe.es\/wp-content\/uploads\/2025\/09\/Imagen-de-WhatsApp-2025-09-13-a-las-15.56.48_fed02cf2.jpg?resize=1024%2C1449&amp;ssl=1 1024w\" sizes=\"auto, (max-width: 640px) 100vw, 640px\" \/><\/p>\n","protected":false},"excerpt":{"rendered":"<p>Hace d\u00edas se anunci\u00f3 la creaci\u00f3n de un grupo atarfe\u00f1o por la causa palestina. Este&#8230;<\/p>\n","protected":false},"author":1,"featured_media":78963,"comment_status":"closed","ping_status":"closed","sticky":false,"template":"","format":"standard","meta":{"_coblocks_attr":"","_coblocks_dimensions":"","_coblocks_responsive_height":"","_coblocks_accordion_ie_support":"","jetpack_post_was_ever_published":false,"_jetpack_newsletter_access":"","_jetpack_dont_email_post_to_subs":false,"_jetpack_newsletter_tier_id":0,"_jetpack_memberships_contains_paywalled_content":false,"_jetpack_memberships_contains_paid_content":false,"footnotes":"","jetpack_publicize_message":"","jetpack_publicize_feature_enabled":true,"jetpack_social_post_already_shared":true,"jetpack_social_options":{"image_generator_settings":{"template":"highway","default_image_id":0,"enabled":false},"version":2}},"categories":[2,1161,186,44,7671],"tags":[],"class_list":["post-78961","post","type-post","status-publish","format-standard","has-post-thumbnail","hentry","category-atarfe","category-ciudadania","category-instituciones","category-noticias-de-hoy","category-politica"],"jetpack_publicize_connections":[],"jetpack_featured_media_url":"https:\/\/i0.wp.com\/miradordeatarfe.es\/wp-content\/uploads\/2025\/09\/Screenshot-2025-09-13-at-17-35-49-8-claves-para-entender-el-conflicto-palestino-israeli.png?fit=1037%2C552&ssl=1","jetpack_likes_enabled":true,"jetpack_sharing_enabled":true,"_links":{"self":[{"href":"https:\/\/miradordeatarfe.es\/index.php?rest_route=\/wp\/v2\/posts\/78961","targetHints":{"allow":["GET"]}}],"collection":[{"href":"https:\/\/miradordeatarfe.es\/index.php?rest_route=\/wp\/v2\/posts"}],"about":[{"href":"https:\/\/miradordeatarfe.es\/index.php?rest_route=\/wp\/v2\/types\/post"}],"author":[{"embeddable":true,"href":"https:\/\/miradordeatarfe.es\/index.php?rest_route=\/wp\/v2\/users\/1"}],"replies":[{"embeddable":true,"href":"https:\/\/miradordeatarfe.es\/index.php?rest_route=%2Fwp%2Fv2%2Fcomments&post=78961"}],"version-history":[{"count":1,"href":"https:\/\/miradordeatarfe.es\/index.php?rest_route=\/wp\/v2\/posts\/78961\/revisions"}],"predecessor-version":[{"id":78964,"href":"https:\/\/miradordeatarfe.es\/index.php?rest_route=\/wp\/v2\/posts\/78961\/revisions\/78964"}],"wp:featuredmedia":[{"embeddable":true,"href":"https:\/\/miradordeatarfe.es\/index.php?rest_route=\/wp\/v2\/media\/78963"}],"wp:attachment":[{"href":"https:\/\/miradordeatarfe.es\/index.php?rest_route=%2Fwp%2Fv2%2Fmedia&parent=78961"}],"wp:term":[{"taxonomy":"category","embeddable":true,"href":"https:\/\/miradordeatarfe.es\/index.php?rest_route=%2Fwp%2Fv2%2Fcategories&post=78961"},{"taxonomy":"post_tag","embeddable":true,"href":"https:\/\/miradordeatarfe.es\/index.php?rest_route=%2Fwp%2Fv2%2Ftags&post=78961"}],"curies":[{"name":"wp","href":"https:\/\/api.w.org\/{rel}","templated":true}]}}