{"id":78994,"date":"2025-09-24T11:27:56","date_gmt":"2025-09-24T09:27:56","guid":{"rendered":"https:\/\/miradordeatarfe.es\/?p=78994"},"modified":"2025-09-24T03:44:01","modified_gmt":"2025-09-24T01:44:01","slug":"atarfe-contra-el-genocidio-palestino","status":"publish","type":"post","link":"https:\/\/miradordeatarfe.es\/?p=78994","title":{"rendered":"Atarfe contra el genocidio Palestino"},"content":{"rendered":"<p>LA CIUDADAN\u00cdA DE ATARFE SIGUE MOVILIZ\u00c1NDOSE CONTRA EL GENOCIDIO PALESTINO<\/p>\n<p>Ayer tarde, martes 23 de septiembre de 2025, \u00a0 cientos de personas se dieron cita en la Plaza del Escorpio del municipio atarfe\u00f1o para seguir gritando \u201c Viva Palestina Libre\u201d.<\/p>\n<p>-La\u00a0 concentraci\u00f3n fue organizada por la recientemente creada Plataforma \u201cAtarfe con Palestina\u201d\u00a0 formada por\u00a0 colectivos sociales y ciudadan\u00eda a t\u00edtulo personal. Muchas personas con pancartas,\u00a0 banderas, carteles\u00a0 y\u00a0 pa\u00f1uelos palestinos ambientaron el encuentro en el que se gritaron consignas contra el Genocidio del Gobierno de Israel sobre la poblaci\u00f3n Palestina.<\/p>\n<p>Se dio informaci\u00f3n sobre los avances relacionados con la declaraci\u00f3n y el reconocimiento de nuevos pa\u00edses del Estado Palestino, y la soledad de Israel y EEUU en la ONU. Las nuevas restricciones del Gobierno espa\u00f1ol en el comercio con Israel, las movilizaciones generalizadas en Italia y otros pa\u00edses europeos, se inform\u00f3 de las m\u00faltiples acciones en el \u00e1rea metropolitana en favor de Palestina para concluir el importante papel que juega la ciudadan\u00eda, por poco que parezca, para conseguir detener el genocidio palestino.<\/p>\n<p>Se cantaron canciones cl\u00e1sicas como el Canto a la Libertad de Labordeta\u00a0 y varios textos escritos le\u00eddos por ni\u00f1os atarfe\u00f1os que ponen voz a las vivencias de ni\u00f1os palestinos.<\/p>\n<p>Por \u00faltimo un Manifiesto le\u00eddo por dos personas adultas, animando a toda la ciudadan\u00eda atarfe\u00f1a a seguir participando para no permanecer indiferentes ante el gran sufrimiento humano en los rostros de la poblaci\u00f3n palestina y la conculcaci\u00f3n de los Derechos Humanos en pleno s.XXI. El acto finaliz\u00f3 al grito colectivo de \u201cVIVA PALESTINA LIBRE\u201d.\u00a0<\/p>\n","protected":false},"excerpt":{"rendered":"<p>LA CIUDADAN\u00cdA DE ATARFE SIGUE MOVILIZ\u00c1NDOSE CONTRA EL GENOCIDIO PALESTINO Ayer tarde, martes 23 de&#8230;<\/p>\n","protected":false},"author":1,"featured_media":78995,"comment_status":"closed","ping_status":"closed","sticky":false,"template":"","format":"standard","meta":{"_coblocks_attr":"","_coblocks_dimensions":"","_coblocks_responsive_height":"","_coblocks_accordion_ie_support":"","jetpack_post_was_ever_published":false,"_jetpack_newsletter_access":"","_jetpack_dont_email_post_to_subs":false,"_jetpack_newsletter_tier_id":0,"_jetpack_memberships_contains_paywalled_content":false,"_jetpack_memberships_contains_paid_content":false,"footnotes":"","jetpack_publicize_message":"","jetpack_publicize_feature_enabled":true,"jetpack_social_post_already_shared":true,"jetpack_social_options":{"image_generator_settings":{"template":"highway","default_image_id":0,"enabled":false},"version":2}},"categories":[1],"tags":[],"class_list":["post-78994","post","type-post","status-publish","format-standard","has-post-thumbnail","hentry","category-uncategorized"],"jetpack_publicize_connections":[],"jetpack_featured_media_url":"https:\/\/i0.wp.com\/miradordeatarfe.es\/wp-content\/uploads\/2025\/09\/IMG_0265.jpeg?fit=756%2C489&ssl=1","jetpack_likes_enabled":true,"jetpack_sharing_enabled":true,"_links":{"self":[{"href":"https:\/\/miradordeatarfe.es\/index.php?rest_route=\/wp\/v2\/posts\/78994","targetHints":{"allow":["GET"]}}],"collection":[{"href":"https:\/\/miradordeatarfe.es\/index.php?rest_route=\/wp\/v2\/posts"}],"about":[{"href":"https:\/\/miradordeatarfe.es\/index.php?rest_route=\/wp\/v2\/types\/post"}],"author":[{"embeddable":true,"href":"https:\/\/miradordeatarfe.es\/index.php?rest_route=\/wp\/v2\/users\/1"}],"replies":[{"embeddable":true,"href":"https:\/\/miradordeatarfe.es\/index.php?rest_route=%2Fwp%2Fv2%2Fcomments&post=78994"}],"version-history":[{"count":1,"href":"https:\/\/miradordeatarfe.es\/index.php?rest_route=\/wp\/v2\/posts\/78994\/revisions"}],"predecessor-version":[{"id":78996,"href":"https:\/\/miradordeatarfe.es\/index.php?rest_route=\/wp\/v2\/posts\/78994\/revisions\/78996"}],"wp:featuredmedia":[{"embeddable":true,"href":"https:\/\/miradordeatarfe.es\/index.php?rest_route=\/wp\/v2\/media\/78995"}],"wp:attachment":[{"href":"https:\/\/miradordeatarfe.es\/index.php?rest_route=%2Fwp%2Fv2%2Fmedia&parent=78994"}],"wp:term":[{"taxonomy":"category","embeddable":true,"href":"https:\/\/miradordeatarfe.es\/index.php?rest_route=%2Fwp%2Fv2%2Fcategories&post=78994"},{"taxonomy":"post_tag","embeddable":true,"href":"https:\/\/miradordeatarfe.es\/index.php?rest_route=%2Fwp%2Fv2%2Ftags&post=78994"}],"curies":[{"name":"wp","href":"https:\/\/api.w.org\/{rel}","templated":true}]}}