{"id":78997,"date":"2025-09-26T11:22:01","date_gmt":"2025-09-26T09:22:01","guid":{"rendered":"https:\/\/miradordeatarfe.es\/?p=78997"},"modified":"2025-09-27T11:10:09","modified_gmt":"2025-09-27T09:10:09","slug":"pablo-aranda-o-como-no-ser-profeta-en-tu-tierra-por-francisco-l-rajoy-varela","status":"publish","type":"post","link":"https:\/\/miradordeatarfe.es\/?p=78997","title":{"rendered":"PABLO ARANDA (O COMO NO SER PROFETA EN TU TIERRA) por Francisco L. Rajoy Varela"},"content":{"rendered":"<h3 style=\"text-align: justify;\">Recientemente en una edici\u00f3n del Mirador se hac\u00eda referencia a la trayectoria personal y\u00a0profesional de este atarfe\u00f1o entregado en cuerpo y alma a la cocina y afincado en la actualidad en\u00a0Dei\u00e1 (Mallorca), un paraiso perdido en la Sierra de Tramontana, un lugar id\u00edlico entre monta\u00f1as y\u00a0olivos centenarios. Olivos que desde chico formaron parte de tus sue\u00f1os e ilusiones en tu Atarfe\u00a0natal.<\/h3>\n<p style=\"text-align: justify;\">Supongo que para ti fue una decepci\u00f3n en lo personal y una frustraci\u00f3n en lo profesional que el\u00a0restaurante que con tanta ilusi\u00f3n montaste en tu pueblo no funcionara. Y lo m\u00e1s triste, que no se\u00a0reconociera tu talento culinario.<\/p>\n<p style=\"text-align: justify;\">Yo tambi\u00e9n soy atarfe\u00f1o y conozco la idiosincracia de nuestro pueblo, no me sorprende por tanto\u00a0que tu que proyecto no funcionaria. Aunque en aquel momento lo sintieras como un fracaso, te dir\u00eda\u00a0que el \u00e9xito y el fracaso son conceptos muy relativos.\u00a0Hace muchos a\u00f1os que resido en Mallorca y entiendo la querencia que tenemos a nuestro \u201croalillo\u201d\u00a0como decimos por all\u00ed y tu postura de abandonar tu tierra y buscar nuevos horizontes, en aquel\u00a0momento fue la m\u00e1s l\u00f3gica. Granada y su provincia pese al tiempo transcurrido desde mi ausencia,\u00a0sigue siendo provinciana y encerrada en s\u00ed misma como acertadamente la cant\u00f3 nuestro paisano\u00a0Carlos Cano.<\/p>\n<p style=\"text-align: justify;\">En cambio aqu\u00ed en Mallorca pese a ser una isla y dar la sensaci\u00f3n de un lugar cerrado, es m\u00e1s\u00a0cosmopolita y multicultural abierta a nuevas tendencias y experiencias como habr\u00e1s tenido ocasi\u00f3n\u00a0de comprobar.<\/p>\n<p style=\"text-align: justify;\">Hace poco leyendo en la prensa local de Mallorca encontr\u00e9 una referencia sobre ti. Se hac\u00eda eco de\u00a0la noticia de que en el restaurante el El Olivo perteneciente al prestigioso hotel la Residencia y\u00a0donde ejerces de afamado chef, durante los pr\u00f3ximos d\u00edas 3 y 4 de Octubre se va a celebrar un\u00a0evento gastron\u00f3mico denominado The Art of Flavours (El Arte de los Sabores) donde\u00a0conjuntamente contigo compartir\u00e1n fogones cinco cocineros de fama nacional e internacional\u00a0galardonados con estrella Michelin.<\/p>\n<p style=\"text-align: justify;\">Los chefs invitados conjuntamente contigo y tu equipo de El Olivo ofrecer\u00e1n 20 estaciones de\u00a0cocina en vivo en las que se destacar\u00e1 el producto de la cocina de Mallorca.<\/p>\n<p style=\"text-align: justify;\">La noticia me ha alegrado enormemente por ti, aunque no te conozca personalmente, y tambi\u00e9n por\u00a0tu familia paterna y materna a las que conozco desde mi infancia.\u00a0Te deseo que este evento signifique tu reconocimiento profesional definitivo y logres tu ansiada\u00a0estrella Michelin y tambi\u00e9n me alegro porque el peaje que todos pagamos en esta vida hasta hacer\u00a0realidad nuestros sue\u00f1os te haya valido la pena.<\/p>\n<p style=\"text-align: justify;\">Y por \u00faltimo y desde la experiencia personal te dir\u00eda que aunque la infancia es nuestra patria, habr\u00e1\u00a0ocasiones que sentir\u00e1s el tir\u00f3n interior hacia esa patria. No te dejes llevar por la nostalgia porque es\u00a0un error. Y perm\u00edteme una \u00faltima reflexi\u00f3n, al lugar donde has sido feliz no deber\u00edas volver por la\u00a0sencilla raz\u00f3n de que del lugar donde saliste ya no te pertenece y as\u00ed te evitas decepcionarte.<\/p>\n<p style=\"text-align: justify;\">Enhorabuena y la mejor de las suertes Pablo, me alegro que hayas sido profeta en esta isla de\u00a0Mallorca y se todo lo feliz que puedas en ese peque\u00f1o para\u00edso de la Tramuntana.<\/p>\n<p style=\"text-align: justify;\">Francisco L. Rajoy Varela<\/p>\n<p>FOTO: <span class=\"v-fc__t\">Instalaciones de La Residencia, hotel en el que se encuentra El Olivo. <\/span> <span class=\"v-fc__p\"> Belmond La Residencia <\/span><\/p>\n<p>&nbsp;<\/p>\n<p><img data-recalc-dims=\"1\" loading=\"lazy\" decoding=\"async\" class=\"alignnone wp-image-79000 size-full\" src=\"https:\/\/i0.wp.com\/miradordeatarfe.es\/wp-content\/uploads\/2025\/09\/2b68b90d-8fa3-4813-9423-dd8a5e380009_16-9-discover-aspect-ratio_default_0.webp?resize=640%2C360&#038;ssl=1\" alt=\"\" width=\"640\" height=\"360\" srcset=\"https:\/\/i0.wp.com\/miradordeatarfe.es\/wp-content\/uploads\/2025\/09\/2b68b90d-8fa3-4813-9423-dd8a5e380009_16-9-discover-aspect-ratio_default_0.webp?w=1200&amp;ssl=1 1200w, https:\/\/i0.wp.com\/miradordeatarfe.es\/wp-content\/uploads\/2025\/09\/2b68b90d-8fa3-4813-9423-dd8a5e380009_16-9-discover-aspect-ratio_default_0.webp?resize=300%2C169&amp;ssl=1 300w, https:\/\/i0.wp.com\/miradordeatarfe.es\/wp-content\/uploads\/2025\/09\/2b68b90d-8fa3-4813-9423-dd8a5e380009_16-9-discover-aspect-ratio_default_0.webp?resize=1024%2C576&amp;ssl=1 1024w, https:\/\/i0.wp.com\/miradordeatarfe.es\/wp-content\/uploads\/2025\/09\/2b68b90d-8fa3-4813-9423-dd8a5e380009_16-9-discover-aspect-ratio_default_0.webp?resize=768%2C432&amp;ssl=1 768w\" sizes=\"auto, (max-width: 640px) 100vw, 640px\" \/><\/p>\n","protected":false},"excerpt":{"rendered":"<p>Recientemente en una edici\u00f3n del Mirador se hac\u00eda referencia a la trayectoria personal y\u00a0profesional de&#8230;<\/p>\n","protected":false},"author":1,"featured_media":78999,"comment_status":"closed","ping_status":"closed","sticky":false,"template":"","format":"standard","meta":{"_coblocks_attr":"","_coblocks_dimensions":"","_coblocks_responsive_height":"","_coblocks_accordion_ie_support":"","jetpack_post_was_ever_published":false,"_jetpack_newsletter_access":"","_jetpack_dont_email_post_to_subs":false,"_jetpack_newsletter_tier_id":0,"_jetpack_memberships_contains_paywalled_content":false,"_jetpack_memberships_contains_paid_content":false,"footnotes":"","jetpack_publicize_message":"","jetpack_publicize_feature_enabled":true,"jetpack_social_post_already_shared":false,"jetpack_social_options":{"image_generator_settings":{"template":"highway","default_image_id":0,"enabled":false},"version":2}},"categories":[1161,7167,186,44,6539,1],"tags":[],"class_list":["post-78997","post","type-post","status-publish","format-standard","has-post-thumbnail","hentry","category-ciudadania","category-opinion-de-fco-luis-rajoy","category-instituciones","category-noticias-de-hoy","category-personajes-de-ataref","category-uncategorized"],"jetpack_publicize_connections":[],"jetpack_featured_media_url":"https:\/\/i0.wp.com\/miradordeatarfe.es\/wp-content\/uploads\/2025\/09\/Pablo-Armando-Aranda-1.webp?fit=640%2C400&ssl=1","jetpack_likes_enabled":true,"jetpack_sharing_enabled":true,"_links":{"self":[{"href":"https:\/\/miradordeatarfe.es\/index.php?rest_route=\/wp\/v2\/posts\/78997","targetHints":{"allow":["GET"]}}],"collection":[{"href":"https:\/\/miradordeatarfe.es\/index.php?rest_route=\/wp\/v2\/posts"}],"about":[{"href":"https:\/\/miradordeatarfe.es\/index.php?rest_route=\/wp\/v2\/types\/post"}],"author":[{"embeddable":true,"href":"https:\/\/miradordeatarfe.es\/index.php?rest_route=\/wp\/v2\/users\/1"}],"replies":[{"embeddable":true,"href":"https:\/\/miradordeatarfe.es\/index.php?rest_route=%2Fwp%2Fv2%2Fcomments&post=78997"}],"version-history":[{"count":1,"href":"https:\/\/miradordeatarfe.es\/index.php?rest_route=\/wp\/v2\/posts\/78997\/revisions"}],"predecessor-version":[{"id":79002,"href":"https:\/\/miradordeatarfe.es\/index.php?rest_route=\/wp\/v2\/posts\/78997\/revisions\/79002"}],"wp:featuredmedia":[{"embeddable":true,"href":"https:\/\/miradordeatarfe.es\/index.php?rest_route=\/wp\/v2\/media\/78999"}],"wp:attachment":[{"href":"https:\/\/miradordeatarfe.es\/index.php?rest_route=%2Fwp%2Fv2%2Fmedia&parent=78997"}],"wp:term":[{"taxonomy":"category","embeddable":true,"href":"https:\/\/miradordeatarfe.es\/index.php?rest_route=%2Fwp%2Fv2%2Fcategories&post=78997"},{"taxonomy":"post_tag","embeddable":true,"href":"https:\/\/miradordeatarfe.es\/index.php?rest_route=%2Fwp%2Fv2%2Ftags&post=78997"}],"curies":[{"name":"wp","href":"https:\/\/api.w.org\/{rel}","templated":true}]}}