{"id":79003,"date":"2025-09-26T10:59:41","date_gmt":"2025-09-26T08:59:41","guid":{"rendered":"https:\/\/miradordeatarfe.es\/?p=79003"},"modified":"2025-09-26T10:59:41","modified_gmt":"2025-09-26T08:59:41","slug":"estudios-de-ia-en-la-ugr-por-juan-de-dios-villanueva-roa","status":"publish","type":"post","link":"https:\/\/miradordeatarfe.es\/?p=79003","title":{"rendered":"\u00abEstudios de IA en la UGR\u00bb por Juan de Dios Villanueva Roa"},"content":{"rendered":"<p style=\"text-align: justify;\"><strong>Granada se volc\u00f3 con su Universidad para conseguir que se le concedieran los grados de estudios en Ciencia de Datos e Inteligencia Artificial e Ingenier\u00eda Biom\u00e9dica, negados en primera instancia y otorgados a la privada malague\u00f1a.<\/strong><\/p>\n<p style=\"text-align: justify;\">\nFinalmente, nuestra Universidad ofertar\u00e1 a partir del curso pr\u00f3ximo estos estudios, referencia para el futuro, despu\u00e9s del retraso de un a\u00f1o que se sufre por la negativa de las agencias responsables en aprobarlos. No entraremos\u00a0\u00a0aqu\u00ed en las razones, conocidas y desconocidas, tanto para una decisi\u00f3n como para la otra. Tiempo habr\u00e1. Partiremos con un a\u00f1o de retraso, pero el tiempo dar\u00e1 la calidad y fortaleza social, investigadora y acad\u00e9mica a cada cual, como lo hace con todas las titulaciones, porque la Universidad granadina es garante del avance social y desarrollo econ\u00f3mico y debe estar al servicio de los intereses de esta sociedad que la sostiene y en la que ha de cumplir el servicio de mantenerla en el universo del conocimiento e investigaci\u00f3n.<\/p>\n<p style=\"text-align: justify;\">No puede ni debe venir a cumplir roles ef\u00edmeros ni interesados. Bien al contrario, como servicio p\u00fablico ha de responder a las necesidades futuras de las gentes que no solo pasan por ella, de quienes reciben sus beneficios en forma de resultados en sus investigaciones, sus avances y conocimiento de los que en ella se forman. Es fundamental el impulso econ\u00f3mico que le da a una zona, pero es m\u00e1s importante el empuje social, cultural, laboral y de nuevas perspectivas a quienes en ella estudian y de los territorios en los que despu\u00e9s ejercer\u00e1n sus vidas y profesiones, sean cuales sean a posteriori.<\/p>\n<p style=\"text-align: justify;\">A pesar de todo, Granada sigue adelante, y en ella la UGR, la mejor posicionada de Andaluc\u00eda, tercera de Espa\u00f1a y la 400 del mundo, donde hay alrededor de 20.000. T\u00f3mese nota.<\/p>\n<p style=\"text-align: justify;\">Foto: <span class=\"voc-figcaption voc-figcaption--text\">Edificio UGR-AI en el PTS de Granada<\/span> <span class=\"voc-figcaption voc-figcaption--author\">ABC<\/span><\/p>\n","protected":false},"excerpt":{"rendered":"<p>Granada se volc\u00f3 con su Universidad para conseguir que se le concedieran los grados de&#8230;<\/p>\n","protected":false},"author":1,"featured_media":79004,"comment_status":"closed","ping_status":"closed","sticky":false,"template":"","format":"standard","meta":{"_coblocks_attr":"","_coblocks_dimensions":"","_coblocks_responsive_height":"","_coblocks_accordion_ie_support":"","jetpack_post_was_ever_published":false,"_jetpack_newsletter_access":"","_jetpack_dont_email_post_to_subs":false,"_jetpack_newsletter_tier_id":0,"_jetpack_memberships_contains_paywalled_content":false,"_jetpack_memberships_contains_paid_content":false,"footnotes":"","jetpack_publicize_message":"","jetpack_publicize_feature_enabled":true,"jetpack_social_post_already_shared":true,"jetpack_social_options":{"image_generator_settings":{"template":"highway","default_image_id":0,"enabled":false},"version":2}},"categories":[1161,10781,9772,44],"tags":[],"class_list":["post-79003","post","type-post","status-publish","format-standard","has-post-thumbnail","hentry","category-ciudadania","category-granada","category-opinion-de-juan-de-dios-villanueva","category-noticias-de-hoy"],"jetpack_publicize_connections":[],"jetpack_featured_media_url":"https:\/\/i0.wp.com\/miradordeatarfe.es\/wp-content\/uploads\/2025\/09\/ia-granada.webp?fit=1248%2C698&ssl=1","jetpack_likes_enabled":true,"jetpack_sharing_enabled":true,"_links":{"self":[{"href":"https:\/\/miradordeatarfe.es\/index.php?rest_route=\/wp\/v2\/posts\/79003","targetHints":{"allow":["GET"]}}],"collection":[{"href":"https:\/\/miradordeatarfe.es\/index.php?rest_route=\/wp\/v2\/posts"}],"about":[{"href":"https:\/\/miradordeatarfe.es\/index.php?rest_route=\/wp\/v2\/types\/post"}],"author":[{"embeddable":true,"href":"https:\/\/miradordeatarfe.es\/index.php?rest_route=\/wp\/v2\/users\/1"}],"replies":[{"embeddable":true,"href":"https:\/\/miradordeatarfe.es\/index.php?rest_route=%2Fwp%2Fv2%2Fcomments&post=79003"}],"version-history":[{"count":1,"href":"https:\/\/miradordeatarfe.es\/index.php?rest_route=\/wp\/v2\/posts\/79003\/revisions"}],"predecessor-version":[{"id":79005,"href":"https:\/\/miradordeatarfe.es\/index.php?rest_route=\/wp\/v2\/posts\/79003\/revisions\/79005"}],"wp:featuredmedia":[{"embeddable":true,"href":"https:\/\/miradordeatarfe.es\/index.php?rest_route=\/wp\/v2\/media\/79004"}],"wp:attachment":[{"href":"https:\/\/miradordeatarfe.es\/index.php?rest_route=%2Fwp%2Fv2%2Fmedia&parent=79003"}],"wp:term":[{"taxonomy":"category","embeddable":true,"href":"https:\/\/miradordeatarfe.es\/index.php?rest_route=%2Fwp%2Fv2%2Fcategories&post=79003"},{"taxonomy":"post_tag","embeddable":true,"href":"https:\/\/miradordeatarfe.es\/index.php?rest_route=%2Fwp%2Fv2%2Ftags&post=79003"}],"curies":[{"name":"wp","href":"https:\/\/api.w.org\/{rel}","templated":true}]}}