{"id":79006,"date":"2025-09-26T13:14:36","date_gmt":"2025-09-26T11:14:36","guid":{"rendered":"https:\/\/miradordeatarfe.es\/?p=79006"},"modified":"2025-09-26T13:14:36","modified_gmt":"2025-09-26T11:14:36","slug":"acto-solidario-iliberis-cab-2025-y-el-mundo-del-caballo","status":"publish","type":"post","link":"https:\/\/miradordeatarfe.es\/?p=79006","title":{"rendered":"ACTO SOLIDARIO: ILIBERIS CAB 2025 y el mundo del CABALLO"},"content":{"rendered":"<h2 style=\"text-align: justify;\">Atarfe acoge viernes y s\u00e1bado Il\u00edberisCAB, un evento ecuestre con fines solidarios a favor de la Fundaci\u00f3n UAPO<\/h2>\n<div class=\"cuerpo\" style=\"text-align: justify;\">\n<p>La Plaza de Toros de Atarfe acoge los pr\u00f3ximos 26 y 27 de septiembre Il\u00edberisCAB, un evento ecuestre que une formaci\u00f3n, tradici\u00f3n, espect\u00e1culo y solidaridad, y que aspira a convertir al municipio en epicentro nacional del mundo del caballo durante el fin de semana.<\/p>\n<p>La presentaci\u00f3n ha contado con la participaci\u00f3n de la alcaldesa de Atarfe, Yolanda Fern\u00e1ndez; el concejal de Fiestas, V\u00edctor Almohano; representantes de la organizaci\u00f3n y de las entidades colaboradoras, como la Fundaci\u00f3n UAPO y la Asociaci\u00f3n de Amazonas y Jinetes de Granada.<\/p>\n<p>El evento se desarrollar\u00e1 en dos jornadas. La primera, el viernes 26, estar\u00e1 centrada en clases magistrales y talleres formativos para acercar el mundo del caballo a todos los p\u00fablicos. La segunda, el sabado 27, ser\u00e1 la gran velada ecuestre, con exhibiciones, homenajes y actuaciones musicales.<\/p>\n<p>\u201cIl\u00edberisCAB son unas jornadas que re\u00fanen arte, cultura y tradici\u00f3n\u201d, se\u00f1al\u00f3 el concejal V\u00edctor Almohano, quien record\u00f3 que el a\u00f1o pasado la primera velada ecuestre fue \u201cun \u00e9xito rotundo para nuestro pueblo y un recuerdo inolvidable al ver la Plaza de Toros completamente llena\u201d.<\/p>\n<h4>Solidaridad con UAPO<\/h4>\n<p>Uno de los aspectos m\u00e1s destacados de esta edici\u00f3n es su car\u00e1cter solidario, ya que lo recaudado el d\u00eda 26 ir\u00e1 destinado a la Fundaci\u00f3n UAPO (Unidad de Apoyo al Paciente Oncol\u00f3gico). \u201cAtarfe es un pueblo solidario, y lo demuestra en cada evento que organiza\u201d, afirm\u00f3 la alcaldesa Yolanda Fern\u00e1ndez, quien subray\u00f3 que este a\u00f1o se ha querido dar un paso m\u00e1s, sumando tambi\u00e9n el componente formativo a un evento que ya fue un \u00e9xito en 2024. \u201cDeseo de coraz\u00f3n que sea un \u00e9xito rotundo de asistencia y de recaudaci\u00f3n para apoyar a la Fundaci\u00f3n UAPO\u201d, concluy\u00f3 la alcaldesa.<\/p>\n<p>Desde la Fundaci\u00f3n UAPO, su representante Victoria Correa expres\u00f3 su agradecimiento a la organizaci\u00f3n y al pueblo de Atarfe: \u201cla Fundaci\u00f3n UAPO es un pilar fundamental para los enfermos oncol\u00f3gicos. Nos dan prestan a nivel de fisioterapia, nutrici\u00f3n, ayuda psicol\u00f3gica y en todo lo relacionado con el ejercicio f\u00edsico. Asistir a este evento es aportar vida y esperanza a los pacientes oncol\u00f3gicos\u201d.<\/p>\n<p>La presidenta de la Asociaci\u00f3n de Amazonas y Jinetes de Granada, Roc\u00edo Moreno, recalc\u00f3 que el objetivo de las jornadas del d\u00eda 26 es \u201cacercar a las familias todo lo que hay detr\u00e1s del espect\u00e1culo. Mostrar el trabajo, la formaci\u00f3n y la dedicaci\u00f3n que implica este mundo m\u00e1s all\u00e1 de los minutos de exhibici\u00f3n\u201d.<\/p>\n<p>La organizadora del evento, Emilia Ruiz, anunci\u00f3 que la gran velada del viernes contar\u00e1 con algunas de las grandes figuras del panorama nacional, como Rafael Arcos y Chamo. Adem\u00e1s se rendir\u00e1 homenaje a los m\u00edticos hermanos Peralta, figuras esenciales en la historia ecuestre de nuestro pa\u00eds.<\/p>\n<p>La noche culminar\u00e1 con m\u00fasica en directo y celebraci\u00f3n con todo el p\u00fablico asistente.<\/p>\n<\/div>\n<p style=\"text-align: justify;\"><span class=\"x1lliihq x1plvlek xryxfnj x1n2onr6 xyejjpt x15dsfln x193iq5w xeuugli x1fj9vlw x13faqbe x1vvkbs x1s928wv xhkezso x1gmr53x x1cpjm7i x1fgarty x1943h6x x1i0vuye xvs91rp xo1l8bm x5n08af x10wh9bi xpm28yp x8viiok x1o7cslx\" dir=\"auto\"><span class=\"x193iq5w xeuugli x13faqbe x1vvkbs xt0psk2 x1i0vuye xvs91rp xo1l8bm x5n08af x10wh9bi xpm28yp x8viiok x1o7cslx x126k92a\">Desde la Concejal\u00eda de Fiestas os invitamos a vivir un fin de semana apasionante dedicado al mundo del caballo en el Coliseo Ciudad Atarfe con motivo de ILIBERIS CAB 2025.<\/p>\n<p>&#x1f4c5; Viernes 26 de septiembre \u2013 20:30 h<br \/>\n&#x1f539; Clases magistrales con grandes figuras del mundo ecuestre.<\/p>\n<p>&#x1f4c5; S\u00e1bado 27 de septiembre \u2013 21:00 h<br \/>\n&#x1f539; II Velada Ecuestre: espect\u00e1culo, emoci\u00f3n y arte del caballo.<\/p>\n<p>Muy pronto os daremos m\u00e1s detalles sobre la programaci\u00f3n completa y los puntos de venta de entradas.<\/p>\n<p>\u00a1Atarfe, capital del arte ecuestre por un fin de semana!<\/p>\n<p>&#x1f40e;ILIBERIS CAB 2025 <br \/>\n&#x25aa;&#xfe0f;Concejal\u00eda de Fiestas <br \/>\n&#x25aa;&#xfe0f;Ayuntamiento de Atarfe<\/span><\/span><\/p>\n<p><iframe loading=\"lazy\" title=\"No te puedes perder este fin de semana IL\u00cdBERISCAB 2025 \u2728\ud83d\udc0e\" width=\"540\" height=\"960\" src=\"https:\/\/www.youtube.com\/embed\/t-sQoRp6xXA?feature=oembed\" frameborder=\"0\" allow=\"accelerometer; autoplay; clipboard-write; encrypted-media; gyroscope; picture-in-picture; web-share\" referrerpolicy=\"strict-origin-when-cross-origin\" allowfullscreen><\/iframe><\/p>\n<div>\n<div class=\"html-div xdj266r x14z9mp xat24cr x1lziwak xyri2b x1c1uobl x9f619 xjbqb8w x78zum5 x15mokao x1ga7v0g x16uus16 xbiv7yw xsag5q8 xz9dl7a x1uhb9sk x1plvlek xryxfnj x1c4vz4f x2lah0s x1q0g3np xqjyukv x1qjc9v5 x1oa3qoh x1nhvcw1\">\n<div class=\"html-div xdj266r x14z9mp xat24cr x1lziwak xexx8yu xyri2b x18d9i69 x1c1uobl x9f619 xjbqb8w x78zum5 x15mokao x1ga7v0g x16uus16 xbiv7yw x1uhb9sk x1plvlek xryxfnj x1iyjqo2 x2lwn1j xeuugli x1q0g3np xqjyukv x1qjc9v5 x1oa3qoh x1nhvcw1\">\n<div class=\"html-div xdj266r x14z9mp xat24cr x1lziwak xexx8yu xyri2b x18d9i69 x1c1uobl x9f619 xjbqb8w x78zum5 x15mokao x1ga7v0g x16uus16 xbiv7yw x1uhb9sk x1plvlek xryxfnj x1iyjqo2 x2lwn1j xeuugli xdt5ytf xqjyukv x1qjc9v5 x1oa3qoh x1nhvcw1\">\n<div class=\"html-div xdj266r x14z9mp xat24cr x1lziwak xexx8yu xyri2b x18d9i69 x1c1uobl x9f619 xjbqb8w x78zum5 x15mokao x1ga7v0g x16uus16 xbiv7yw x1uhb9sk x1plvlek xryxfnj x1c4vz4f x2lah0s xdt5ytf xqjyukv x1qjc9v5 x1oa3qoh x1nhvcw1\">\u00a0<\/div>\n<div class=\"html-div xdj266r x14z9mp xat24cr x1lziwak xexx8yu xyri2b x18d9i69 x1c1uobl x9f619 xjbqb8w x78zum5 x15mokao x1ga7v0g x16uus16 xbiv7yw x1uhb9sk x1plvlek xryxfnj x1c4vz4f x2lah0s x1q0g3np xqjyukv x6s0dn4 x1oa3qoh x1nhvcw1\">\u00a0<\/div>\n<\/div>\n<\/div>\n<\/div>\n<\/div>\n<div class=\"html-div x14z9mp x1lziwak xexx8yu xyri2b x18d9i69 x1c1uobl x9f619 x82snj4 xjbqb8w x78zum5 x15mokao x1ga7v0g x16uus16 xbiv7yw x1xmf6yo x1e56ztr x1n2onr6 x1plvlek xryxfnj x1c4vz4f x2lah0s xdt5ytf xqjyukv x1qjc9v5 x1oa3qoh xl56j7k\">\u00a0<\/div>\n","protected":false},"excerpt":{"rendered":"<p>Atarfe acoge viernes y s\u00e1bado Il\u00edberisCAB, un evento ecuestre con fines solidarios a favor de&#8230;<\/p>\n","protected":false},"author":1,"featured_media":79008,"comment_status":"closed","ping_status":"closed","sticky":false,"template":"","format":"standard","meta":{"_coblocks_attr":"","_coblocks_dimensions":"","_coblocks_responsive_height":"","_coblocks_accordion_ie_support":"","jetpack_post_was_ever_published":false,"_jetpack_newsletter_access":"","_jetpack_dont_email_post_to_subs":false,"_jetpack_newsletter_tier_id":0,"_jetpack_memberships_contains_paywalled_content":false,"_jetpack_memberships_contains_paid_content":false,"footnotes":"","jetpack_publicize_message":"","jetpack_publicize_feature_enabled":true,"jetpack_social_post_already_shared":true,"jetpack_social_options":{"image_generator_settings":{"template":"highway","default_image_id":0,"enabled":false},"version":2}},"categories":[2,186,44,10799],"tags":[],"class_list":["post-79006","post","type-post","status-publish","format-standard","has-post-thumbnail","hentry","category-atarfe","category-instituciones","category-noticias-de-hoy","category-voluntariado"],"jetpack_publicize_connections":[],"jetpack_featured_media_url":"https:\/\/i0.wp.com\/miradordeatarfe.es\/wp-content\/uploads\/2025\/09\/Screenshot-2025-09-26-at-13-13-48-Instagram.png?fit=525%2C723&ssl=1","jetpack_likes_enabled":true,"jetpack_sharing_enabled":true,"_links":{"self":[{"href":"https:\/\/miradordeatarfe.es\/index.php?rest_route=\/wp\/v2\/posts\/79006","targetHints":{"allow":["GET"]}}],"collection":[{"href":"https:\/\/miradordeatarfe.es\/index.php?rest_route=\/wp\/v2\/posts"}],"about":[{"href":"https:\/\/miradordeatarfe.es\/index.php?rest_route=\/wp\/v2\/types\/post"}],"author":[{"embeddable":true,"href":"https:\/\/miradordeatarfe.es\/index.php?rest_route=\/wp\/v2\/users\/1"}],"replies":[{"embeddable":true,"href":"https:\/\/miradordeatarfe.es\/index.php?rest_route=%2Fwp%2Fv2%2Fcomments&post=79006"}],"version-history":[{"count":1,"href":"https:\/\/miradordeatarfe.es\/index.php?rest_route=\/wp\/v2\/posts\/79006\/revisions"}],"predecessor-version":[{"id":79009,"href":"https:\/\/miradordeatarfe.es\/index.php?rest_route=\/wp\/v2\/posts\/79006\/revisions\/79009"}],"wp:featuredmedia":[{"embeddable":true,"href":"https:\/\/miradordeatarfe.es\/index.php?rest_route=\/wp\/v2\/media\/79008"}],"wp:attachment":[{"href":"https:\/\/miradordeatarfe.es\/index.php?rest_route=%2Fwp%2Fv2%2Fmedia&parent=79006"}],"wp:term":[{"taxonomy":"category","embeddable":true,"href":"https:\/\/miradordeatarfe.es\/index.php?rest_route=%2Fwp%2Fv2%2Fcategories&post=79006"},{"taxonomy":"post_tag","embeddable":true,"href":"https:\/\/miradordeatarfe.es\/index.php?rest_route=%2Fwp%2Fv2%2Ftags&post=79006"}],"curies":[{"name":"wp","href":"https:\/\/api.w.org\/{rel}","templated":true}]}}