{"id":79017,"date":"2025-09-27T09:38:43","date_gmt":"2025-09-27T07:38:43","guid":{"rendered":"https:\/\/miradordeatarfe.es\/?p=79017"},"modified":"2025-09-26T13:45:07","modified_gmt":"2025-09-26T11:45:07","slug":"la-generacion-en-pausa","status":"publish","type":"post","link":"https:\/\/miradordeatarfe.es\/?p=79017","title":{"rendered":"LA GENERACI\u00d3N EN PAUSA"},"content":{"rendered":"<h3>Ahorro imposible, emancipaci\u00f3n tard\u00eda y maternidad aplazada: radiograf\u00eda de la &#8216;generaci\u00f3n en pausa&#8217; por la crisis de vivienda.\u00a0El precio desorbitado del alquiler fulmina los ahorros de los j\u00f3venes y obliga al 20% a retrasar sus planes de futuro, seg\u00fan un estudio de Ipsos e Ikea<\/h3>\n<p>Tienen trabajo estable y han terminado sus estudios, pero se enfrentan a <a title=\"https:\/\/cadenaser.com\/nacional\/2025\/06\/19\/estrangulados-por-la-vivienda-el-alquiler-se-dispara-un-95-en-diez-anos-casi-tres-veces-mas-que-el-salario-de-los-jovenes-cadena-ser\/\" href=\"https:\/\/cadenaser.com\/nacional\/2025\/06\/19\/estrangulados-por-la-vivienda-el-alquiler-se-dispara-un-95-en-diez-anos-casi-tres-veces-mas-que-el-salario-de-los-jovenes-cadena-ser\/\" target=\"_blank\" rel=\"nofollow noopener\">un mercado inmobiliario candente que obstaculiza su proyecto vital<\/a>. Es un fen\u00f3meno que un estudio reciente de Ipsos e Ikea en colaboraci\u00f3n con la plataforma <i>Talento para el futuro<\/i> ha bautizado como la <i>Generaci\u00f3n en espera<\/i> o <i>Generaci\u00f3n en pausa<\/i>: la dificultad para acceder a una vivienda fuerza a la poblaci\u00f3n joven a aparcar sus planes de futuro.<\/p>\n<section class=\"c-sum la\">\n<p><a href=\"https:\/\/cadenaser.com\/nacional\/2025\/06\/19\/estrangulados-por-la-vivienda-el-alquiler-se-dispara-un-95-en-diez-anos-casi-tres-veces-mas-que-el-salario-de-los-jovenes-cadena-ser\/\">Estrangulados por la vivienda: el alquiler se dispara un 95% en diez a\u00f1os, casi tres veces m\u00e1s que el salario de los j\u00f3venes<\/a><\/p>\n<\/section>\n<p>Seg\u00fan el informe <i>J\u00f3venes, vivienda y futuro<\/i>, elaborado a partir de 2.000 encuestas en toda Espa\u00f1a, uno de cada cuatro j\u00f3venes de entre 24 y 35 a\u00f1os asegura que ha tenido que retrasar la emancipaci\u00f3n por los precios de la vivienda y la precariedad laboral. El 20% asegura que la dificultad de acceder a una vivienda est\u00e1 limitando su desarrollo personal. El 19% asegura que aplaza la decisi\u00f3n de tener hijos.<\/p>\n<p>\u00abEl acceso a una vivienda adecuada es un obst\u00e1culo creciente para los j\u00f3venes espa\u00f1oles, que ven sus aspiraciones relegadas y su bienestar emocional afectado. Es urgente innovar en pol\u00edticas habitacionales asequibles mediante la colaboraci\u00f3n entre sectores p\u00fablico y privado, clave para garantizar un futuro sostenible para las futuras generaciones\u00bb, explica desde Ipsos, Marina Navarro.<\/p>\n<p>Seg\u00fan el estudio, el 52% de quienes viven de alquiler o pagan hipoteca afirman destinar m\u00e1s de lo recomendado -entre un 30% y un 50% de sus ingresos- a pagar su vivienda, lo que dinamita sus posibilidades de ahorro y lastra muchos pasos hacia la vida adulta: formar una familia, acceder a un piso en propiedad o la ciudad en la que viven y trabajan.<\/p>\n<section class=\"c-sum la\">\n<p>M\u00e1s informaci\u00f3n<\/p>\n<figure><img data-recalc-dims=\"1\" loading=\"lazy\" decoding=\"async\" src=\"https:\/\/i0.wp.com\/cadenaser.com\/resizer\/v2\/ZM2E75XUD35LELLQ2PBZUMDJGM.jpg?resize=640%2C485&#038;ssl=1\" srcset=\"https:\/\/cadenaser.com\/resizer\/v2\/ZM2E75XUD35LELLQ2PBZUMDJGM.jpg?auth=46e9a687758b19aa89765443d377739a25adb3b47a696bf4e6fb1b32052ef3f8&amp;quality=70&amp;width=320&amp;height=180&amp;smart=true 320w, https:\/\/cadenaser.com\/resizer\/v2\/ZM2E75XUD35LELLQ2PBZUMDJGM.jpg?auth=46e9a687758b19aa89765443d377739a25adb3b47a696bf4e6fb1b32052ef3f8&amp;quality=70&amp;width=375&amp;height=210&amp;smart=true 375w, https:\/\/cadenaser.com\/resizer\/v2\/ZM2E75XUD35LELLQ2PBZUMDJGM.jpg?auth=46e9a687758b19aa89765443d377739a25adb3b47a696bf4e6fb1b32052ef3f8&amp;quality=70&amp;width=414&amp;height=232&amp;smart=true 414w, https:\/\/cadenaser.com\/resizer\/v2\/ZM2E75XUD35LELLQ2PBZUMDJGM.jpg?auth=46e9a687758b19aa89765443d377739a25adb3b47a696bf4e6fb1b32052ef3f8&amp;quality=70&amp;width=768&amp;height=432&amp;smart=true 768w, https:\/\/cadenaser.com\/resizer\/v2\/ZM2E75XUD35LELLQ2PBZUMDJGM.jpg?auth=46e9a687758b19aa89765443d377739a25adb3b47a696bf4e6fb1b32052ef3f8&amp;quality=70&amp;width=990&amp;height=556&amp;smart=true 990w, https:\/\/cadenaser.com\/resizer\/v2\/ZM2E75XUD35LELLQ2PBZUMDJGM.jpg?auth=46e9a687758b19aa89765443d377739a25adb3b47a696bf4e6fb1b32052ef3f8&amp;quality=70&amp;width=1200&amp;height=675&amp;smart=true 1200w\" width=\"640\" height=\"485\" \/><\/figure>\n<ul>\n<li><a href=\"https:\/\/cadenaser.com\/nacional\/2025\/09\/22\/la-ola-de-renovaciones-del-alquiler-que-amenaza-con-tensionar-aun-mas-el-mercado-uno-de-cada-seis-contratos-se-queda-en-el-aire-este-2025-cadena-ser\/\">Estrangulados por la vivienda: el alquiler se dispara un 95% en diez a\u00f1os, casi tres veces m\u00e1s que el salario de los j\u00f3venes<\/a><\/li>\n<\/ul>\n<\/section>\n<h3>El colch\u00f3n familiar, imprescindible y desigual<\/h3>\n<p>Una de las realidades m\u00e1s extendidas para compensar esta situaci\u00f3n es recurrir a la ayuda de los padres para poder pagar un techo en el que vivir. M\u00e1s de la mitad de los j\u00f3venes (51%) recibe ayuda familiar para sus gastos de vivienda, ya sea de forma regular u ocasional.<\/p>\n<p>Adem\u00e1s de ser imprescindible para muchos, ese colch\u00f3n familiar es tremendamente desigual. Solo pueden avanzar en su proyecto vital quienes tienen esa red de apoyo, generando una profunda brecha de desigualdad entre los propios j\u00f3venes.<\/p>\n<p>Las mujeres sufren m\u00e1s intensamente la brecha salarial y el coste de vivienda, lo que retrasa a\u00fan m\u00e1s sus proyectos vitales: un 63% de ellas se\u00f1ala los precios como principal barrera para independizarse (vs. 52% de los hombres), y un 46% ha tenido que aplazar ahorrar para el futuro (vs. 41% de los hombres).<\/p>\n<h3>Pablo Anzola<\/h3>\n<p>https:\/\/cadenaser.com\/nacional\/2025\/09\/25\/ahorro-imposible-emancipacion-tardia-y-maternidad-aplazada-radiografia-de-la-generacion-en-pausa-por-la-crisis-de-vivienda-cadena-ser\/<\/p>\n<p>&nbsp;<\/p>\n<p>&nbsp;<\/p>\n","protected":false},"excerpt":{"rendered":"<p>Ahorro imposible, emancipaci\u00f3n tard\u00eda y maternidad aplazada: radiograf\u00eda de la &#8216;generaci\u00f3n en pausa&#8217; por la&#8230;<\/p>\n","protected":false},"author":1,"featured_media":79018,"comment_status":"closed","ping_status":"closed","sticky":false,"template":"","format":"standard","meta":{"_coblocks_attr":"","_coblocks_dimensions":"","_coblocks_responsive_height":"","_coblocks_accordion_ie_support":"","jetpack_post_was_ever_published":false,"_jetpack_newsletter_access":"","_jetpack_dont_email_post_to_subs":false,"_jetpack_newsletter_tier_id":0,"_jetpack_memberships_contains_paywalled_content":false,"_jetpack_memberships_contains_paid_content":false,"footnotes":"","jetpack_publicize_message":"","jetpack_publicize_feature_enabled":true,"jetpack_social_post_already_shared":true,"jetpack_social_options":{"image_generator_settings":{"template":"highway","default_image_id":0,"enabled":false},"version":2}},"categories":[10797,1161,44,6937],"tags":[],"class_list":["post-79017","post","type-post","status-publish","format-standard","has-post-thumbnail","hentry","category-ciencia","category-ciudadania","category-noticias-de-hoy","category-sociedad"],"jetpack_publicize_connections":[],"jetpack_featured_media_url":"https:\/\/i0.wp.com\/miradordeatarfe.es\/wp-content\/uploads\/2025\/09\/Screenshot-2025-09-26-at-13-42-42-Ahorro-imposible-emancipacion-tardia-y-maternidad-aplazada-radiografia-de-la-generacion-en-pausa-por-la-crisis-de-vivienda-Cadena-SER-Cadena-SER.png?fit=518%2C340&ssl=1","jetpack_likes_enabled":true,"jetpack_sharing_enabled":true,"_links":{"self":[{"href":"https:\/\/miradordeatarfe.es\/index.php?rest_route=\/wp\/v2\/posts\/79017","targetHints":{"allow":["GET"]}}],"collection":[{"href":"https:\/\/miradordeatarfe.es\/index.php?rest_route=\/wp\/v2\/posts"}],"about":[{"href":"https:\/\/miradordeatarfe.es\/index.php?rest_route=\/wp\/v2\/types\/post"}],"author":[{"embeddable":true,"href":"https:\/\/miradordeatarfe.es\/index.php?rest_route=\/wp\/v2\/users\/1"}],"replies":[{"embeddable":true,"href":"https:\/\/miradordeatarfe.es\/index.php?rest_route=%2Fwp%2Fv2%2Fcomments&post=79017"}],"version-history":[{"count":3,"href":"https:\/\/miradordeatarfe.es\/index.php?rest_route=\/wp\/v2\/posts\/79017\/revisions"}],"predecessor-version":[{"id":79021,"href":"https:\/\/miradordeatarfe.es\/index.php?rest_route=\/wp\/v2\/posts\/79017\/revisions\/79021"}],"wp:featuredmedia":[{"embeddable":true,"href":"https:\/\/miradordeatarfe.es\/index.php?rest_route=\/wp\/v2\/media\/79018"}],"wp:attachment":[{"href":"https:\/\/miradordeatarfe.es\/index.php?rest_route=%2Fwp%2Fv2%2Fmedia&parent=79017"}],"wp:term":[{"taxonomy":"category","embeddable":true,"href":"https:\/\/miradordeatarfe.es\/index.php?rest_route=%2Fwp%2Fv2%2Fcategories&post=79017"},{"taxonomy":"post_tag","embeddable":true,"href":"https:\/\/miradordeatarfe.es\/index.php?rest_route=%2Fwp%2Fv2%2Ftags&post=79017"}],"curies":[{"name":"wp","href":"https:\/\/api.w.org\/{rel}","templated":true}]}}