{"id":79022,"date":"2025-09-29T09:45:10","date_gmt":"2025-09-29T07:45:10","guid":{"rendered":"https:\/\/miradordeatarfe.es\/?p=79022"},"modified":"2025-09-28T14:23:32","modified_gmt":"2025-09-28T12:23:32","slug":"compartir-piso-no-siempre-acompana-la-vivienda-aumenta-la-sensacion-de-soledad-de-la-mayoria-de-jovenes","status":"publish","type":"post","link":"https:\/\/miradordeatarfe.es\/?p=79022","title":{"rendered":"Compartir piso no siempre acompa\u00f1a: la vivienda aumenta la sensaci\u00f3n de soledad de la mayor\u00eda de j\u00f3venes"},"content":{"rendered":"<h2>Una encuesta de GAD3 y los arquitectos t\u00e9cnicos recoge que el 52% de los menores de 29 a\u00f1os sufre ansiedad cuando busca piso. La mitad de los que siente soledad dice que el lugar donde vive la acrecienta<\/h2>\n<p>La transversalidad del problema de la vivienda en Espa\u00f1a es notable: <a title=\"https:\/\/cadenaser.com\/nacional\/2024\/12\/06\/la-crisis-de-vivienda-tambien-repele-el-talento-los-mejores-sueldos-tampoco-encuentran-piso-cadena-ser\/\" href=\"https:\/\/cadenaser.com\/nacional\/2024\/12\/06\/la-crisis-de-vivienda-tambien-repele-el-talento-los-mejores-sueldos-tampoco-encuentran-piso-cadena-ser\/\" target=\"_blank\" rel=\"nofollow noopener\">bloquea la movilidad de trabajadores<\/a>, <a title=\"https:\/\/cadenaser.com\/nacional\/2025\/09\/12\/la-asfixia-de-los-alquileres-temporales-condiciona-el-arranque-del-curso-universitario-vamos-a-pagar-750-euros-por-habitacion-y-hemos-tenido-suerte-cadena-ser\/\" href=\"https:\/\/cadenaser.com\/nacional\/2025\/09\/12\/la-asfixia-de-los-alquileres-temporales-condiciona-el-arranque-del-curso-universitario-vamos-a-pagar-750-euros-por-habitacion-y-hemos-tenido-suerte-cadena-ser\/\" target=\"_blank\" rel=\"nofollow noopener\">impide a muchos universitarios estudiar lo que les gustar\u00eda<\/a> y lastra el proyecto vital de miles de j\u00f3venes. A todo esto se suma otra consecuencia preocupante: el golpe a la salud mental.<\/p>\n<p>Seg\u00fan una encuesta de GAD3 y el Consejo General de la Arquitectura T\u00e9cnica (CGATE), el 63% de los j\u00f3venes asegura que las caracter\u00edsticas de su vivienda aumentan su sensaci\u00f3n de soledad. M\u00e1s de la mitad de quienes experimentan soledad considera que el lugar donde vive contribuye a ese malestar.<\/p>\n<p>La ubicaci\u00f3n de los pisos (lejos de familia y amigos), la falta de luz o ventilaci\u00f3n natural, seguido del tama\u00f1o de la vivienda y la falta de privacidad, son los factores que m\u00e1s influye en la sensaci\u00f3n de aislamiento de los inquilinos.<\/p>\n<p>\u201cLa vivienda es un pilar para nuestra salud y bienestar emocional, un espacio donde poder habitar y convivir. Cuando una persona no puede emanciparse, vive en un piso en malas condiciones o paga un alquiler desproporcionado, su calidad de vida se resiente\u00bb, explica el presidente de CGATE, Alfredo Sanz.<\/p>\n<p>El bar\u00f3metro de los arquitectos t\u00e9cnicos, elaborado a partir de 1.257 entrevistas a espa\u00f1oles mayores de 18 a\u00f1os, tambi\u00e9n recoge el impacto que la tensi\u00f3n del mercado inmobiliario est\u00e1 teniendo ya sobre el bienestar de los j\u00f3venes. Seg\u00fan la encuesta, el 52% reconoce haber sentido estr\u00e9s o ansiedad durante la b\u00fasqueda de vivienda, y cerca del 30% manifiesta haber tenido miedo a perder su vivienda actual o incluso haber sufrido episodios de depresi\u00f3n.<\/p>\n<div id=\"wms-intext-multi1\" class=\"wms-intext\">\u00a0<\/div>\n<p>\u201cEl gran reto de las sociedades occidentales hoy se llama vivienda. De poco sirve crear empleo o garantizar servicios p\u00fablicos si nuestros j\u00f3venes no pueden ni siquiera formar un hogar. Sin vivienda no hay verdadero bienestar, ni empleo estable, ni salud que se sostenga. Por eso, la perspectiva de la vivienda debe impregnar y atravesar todas las decisiones p\u00fablicas y empresariales\u00bb, explica el presidente de GAD3, Narciso Michavila.<\/p>\n<h3>El principal problema de los espa\u00f1oles<\/h3>\n<p>Quiz\u00e1 porque al impacto econ\u00f3mico se sume tambi\u00e9n el psicol\u00f3gico, o porque condiciona el proyecto de vida y la toma de muchas decisiones personales, la vivienda sigue siendo la principal preocupaci\u00f3n de los espa\u00f1oles.<\/p>\n<p>Seg\u00fan el bar\u00f3metro, m\u00e1s del 40% de la poblaci\u00f3n espa\u00f1ola identifica la vivienda como uno de los dos principales problemas actuales, superando el 50% entre quienes residen en alquiler.<\/p>\n<p><strong><a class=\"au-wb\" href=\"https:\/\/cadenaser.com\/autor\/pablo_anzola_trevijano\/a\/\">Pablo Anzola<\/a><\/strong><\/p>\n<p>foto: cadenaSer<\/p>\n<p>https:\/\/cadenaser.com\/nacional\/2025\/09\/21\/compartir-piso-no-siempre-acompana-la-vivienda-aumenta-la-sensacion-de-soledad-de-la-mayoria-de-jovenes-cadena-ser\/<\/p>\n","protected":false},"excerpt":{"rendered":"<p>Una encuesta de GAD3 y los arquitectos t\u00e9cnicos recoge que el 52% de los menores&#8230;<\/p>\n","protected":false},"author":1,"featured_media":79023,"comment_status":"closed","ping_status":"closed","sticky":false,"template":"","format":"standard","meta":{"_coblocks_attr":"","_coblocks_dimensions":"","_coblocks_responsive_height":"","_coblocks_accordion_ie_support":"","jetpack_post_was_ever_published":false,"_jetpack_newsletter_access":"","_jetpack_dont_email_post_to_subs":false,"_jetpack_newsletter_tier_id":0,"_jetpack_memberships_contains_paywalled_content":false,"_jetpack_memberships_contains_paid_content":false,"footnotes":"","jetpack_publicize_message":"","jetpack_publicize_feature_enabled":true,"jetpack_social_post_already_shared":true,"jetpack_social_options":{"image_generator_settings":{"template":"highway","default_image_id":0,"enabled":false},"version":2}},"categories":[10797,1161,44,6937],"tags":[],"class_list":["post-79022","post","type-post","status-publish","format-standard","has-post-thumbnail","hentry","category-ciencia","category-ciudadania","category-noticias-de-hoy","category-sociedad"],"jetpack_publicize_connections":[],"jetpack_featured_media_url":"https:\/\/i0.wp.com\/miradordeatarfe.es\/wp-content\/uploads\/2025\/09\/Screenshot-2025-09-26-at-13-46-06-Compartir-piso-no-siempre-acompana-la-vivienda-aumenta-la-sensacion-de-soledad-de-la-mayoria-de-jovenes-Economia-y-negocios-Cadena-SER.png?fit=416%2C303&ssl=1","jetpack_likes_enabled":true,"jetpack_sharing_enabled":true,"_links":{"self":[{"href":"https:\/\/miradordeatarfe.es\/index.php?rest_route=\/wp\/v2\/posts\/79022","targetHints":{"allow":["GET"]}}],"collection":[{"href":"https:\/\/miradordeatarfe.es\/index.php?rest_route=\/wp\/v2\/posts"}],"about":[{"href":"https:\/\/miradordeatarfe.es\/index.php?rest_route=\/wp\/v2\/types\/post"}],"author":[{"embeddable":true,"href":"https:\/\/miradordeatarfe.es\/index.php?rest_route=\/wp\/v2\/users\/1"}],"replies":[{"embeddable":true,"href":"https:\/\/miradordeatarfe.es\/index.php?rest_route=%2Fwp%2Fv2%2Fcomments&post=79022"}],"version-history":[{"count":1,"href":"https:\/\/miradordeatarfe.es\/index.php?rest_route=\/wp\/v2\/posts\/79022\/revisions"}],"predecessor-version":[{"id":79024,"href":"https:\/\/miradordeatarfe.es\/index.php?rest_route=\/wp\/v2\/posts\/79022\/revisions\/79024"}],"wp:featuredmedia":[{"embeddable":true,"href":"https:\/\/miradordeatarfe.es\/index.php?rest_route=\/wp\/v2\/media\/79023"}],"wp:attachment":[{"href":"https:\/\/miradordeatarfe.es\/index.php?rest_route=%2Fwp%2Fv2%2Fmedia&parent=79022"}],"wp:term":[{"taxonomy":"category","embeddable":true,"href":"https:\/\/miradordeatarfe.es\/index.php?rest_route=%2Fwp%2Fv2%2Fcategories&post=79022"},{"taxonomy":"post_tag","embeddable":true,"href":"https:\/\/miradordeatarfe.es\/index.php?rest_route=%2Fwp%2Fv2%2Ftags&post=79022"}],"curies":[{"name":"wp","href":"https:\/\/api.w.org\/{rel}","templated":true}]}}