{"id":79025,"date":"2025-09-28T11:28:56","date_gmt":"2025-09-28T09:28:56","guid":{"rendered":"https:\/\/miradordeatarfe.es\/?p=79025"},"modified":"2025-09-26T14:04:36","modified_gmt":"2025-09-26T12:04:36","slug":"un-cocinero-granadinode-atarfe-la-revolucion-culinaria-de-mallorca-con-llenos-a-diario","status":"publish","type":"post","link":"https:\/\/miradordeatarfe.es\/?p=79025","title":{"rendered":"Un cocinero granadino,(de Atarfe)  la revoluci\u00f3n culinaria de Mallorca (con llenos a diario)"},"content":{"rendered":"<header class=\"a_e _g _g-xs\">\n<div class=\"a_e_txt _df\">\n<h3 class=\"a_st\">Pablo Aranda cambia la propuesta gastron\u00f3mica del m\u00edtico restaurante El Olivo, donde apuesta por el men\u00fa degustaci\u00f3n y se centra en los tesoros culinarios de la isla<\/h3>\n<\/div>\n<\/header>\n<p class=\"\" style=\"text-align: justify;\">El a\u00f1o pasado tom\u00f3 las riendas de la cocina de uno de los restaurantes m\u00edticos de Mallorca, El Olivo, en el bello pueblo de Dei\u00e0. Pablo Aranda (Granada, 34 a\u00f1os), reside desde hace 13 en la isla, donde ha trabajado junto a otros reconocidos cocineros, como Marc Fosh, Thomas Kalt o Fernando P\u00e9rez Arellano. Criado entre harinas y masas madre en el obrador de su abuelo, se inici\u00f3 a los 18 a\u00f1os en el restaurante Paladar, antes de entrar a formar parte de Las Rejas, en Las Pedro\u00f1eras (Cuenca), donde Manolo de la Osa, como hizo con tantos otros cocineros, le ense\u00f1\u00f3 el arte de hacer fondos y de los caldos. Y bien que lo aprendi\u00f3, como tambi\u00e9n la importancia de mirar al entorno en la cocina. \u201cEs lo que busca y valora el cliente\u201d, dice el cocinero, sentado en la terraza del restaurante, donde a medida que aparece el ocaso del d\u00eda se transforma en un espacio m\u00e1gico. <a href=\"https:\/\/elpais.com\/elviajero\/2021\/05\/27\/actualidad\/1622107766_584730.html\" target=\"_blank\" rel=\"noopener\" data-link-track-dtm=\"\" data-mrf-link=\"https:\/\/elpais.com\/elviajero\/2021\/05\/27\/actualidad\/1622107766_584730.html\">El entorno como protagonista de una sala al aire libre con mesas, perfectamente alineadas hacia un mirador desde el que se divisa una colina de casas de piedra, vestidas simplemente con un mantel blanco y un diminuto olivo como \u00fanico adorno.<\/a><\/p>\n<p class=\"\" style=\"text-align: justify;\">El a\u00f1o pasado empez\u00f3 a introducir t\u00edmidos cambios y a evitar \u201cesas influencias que encuentras en cualquier restaurante, de manera que el cliente que venga se lleve una visi\u00f3n general de los tesoros culinarios que hay en Mallorca\u201d. Pero ha sido esta temporada cuando ha decidido arriesgar e ir a por todas: ha eliminado la carta y apostado por el formato de men\u00fa degustaci\u00f3n \u2014uno corto, Dey\u00e0, con seis pasos y unos 12 bocados, por 155 euros; y otro largo, Mayurqa, con 12 bloques, unos 46 bocados, por 210 euros; adem\u00e1s de dos opciones vegetarianas, Almunia, por 145 euros, y Suq, por 180 euros\u2014. Un homenaje a los vinos, al aceite \u2014la finca que rodea las diferentes edificaciones del hotel Belmond La Residencia cuenta con una plantaci\u00f3n de 1.500 olivos y el edificio principal del restaurante se levanta en una antigua prensa del siglo XVII\u2014, las almendras, \u201cel oro de Mallorca\u201d, dice, con las que tambi\u00e9n se elabora aceite, el tomate de <i>ramallet<\/i>, la sobrasada, las hierbas de la Tramontana, las gambas de S\u00f3ller, el cordero y la lechona mallorquina, los c\u00edtricos, albaricoques o la popular ensaimada.<\/p>\n<div id=\"elpais_gpt-INTEXT\" style=\"text-align: justify;\" data-google-query-id=\"CL2U8tav9o8DFUdB9ggdkXsh-g\">\n<div id=\"google_ads_iframe_7811748\/elpais_gastro_web\/restaurantes_6__container__\">\u201cAl final, el men\u00fa forma parte de la cultura mediterr\u00e1nea, con muchos platos sobre la mesa, y lo que buscamos es una cocina de aprovechamiento, la que se ha hecho de toda la vida en las casas, y que cada uno los coma como quiera\u201d, detalla Aranda, que durante un tiempo ejerci\u00f3 como chef ejecutivo en Madrid del restaurante Mama Campo, donde trabaj\u00f3 con productos ecol\u00f3gicos y cre\u00f3 una l\u00ednea de fermentaciones, salmueras y encurtidos. No se deja impresionar por las tendencias. \u201cPara m\u00ed es muy importante que la creatividad no pueda matar el sabor, que est\u00e1 por encima de la t\u00e9cnica y de toda inventiva\u201d. Y lo consigue en platos redondos, como el bu\u00f1uelo crujiente de ensaladilla, salsa brava y un boquer\u00f3n en vinagre,<\/div>\n<\/div>\n<figure class=\"a_m a_m-h \" style=\"text-align: justify;\"><span class=\"_db a_m_w _pr lb_btn\"><img data-recalc-dims=\"1\" loading=\"lazy\" decoding=\"async\" class=\"_re lazyload a_m-h alignleft\" src=\"https:\/\/i0.wp.com\/imagenes.elpais.com\/resizer\/v2\/BFEEZKGQUFF4XN3BXHJZYOQK2Q.jpg?resize=414%2C276&#038;ssl=1\" sizes=\"auto, (min-width:1199px) 1155px,(min-width:1001px) calc(100vw - 44px),(min-width:768px) 767px, 100vw\" srcset=\"https:\/\/imagenes.elpais.com\/resizer\/v2\/BFEEZKGQUFF4XN3BXHJZYOQK2Q.jpg?auth=c5a72b78adda735651ed75bd56ce73e421eeb63209665a6655508b1ca273121c&amp;width=414 414w,https:\/\/imagenes.elpais.com\/resizer\/v2\/BFEEZKGQUFF4XN3BXHJZYOQK2Q.jpg?auth=c5a72b78adda735651ed75bd56ce73e421eeb63209665a6655508b1ca273121c&amp;width=828 640w,https:\/\/imagenes.elpais.com\/resizer\/v2\/BFEEZKGQUFF4XN3BXHJZYOQK2Q.jpg?auth=c5a72b78adda735651ed75bd56ce73e421eeb63209665a6655508b1ca273121c&amp;width=980 1000w,https:\/\/imagenes.elpais.com\/resizer\/v2\/BFEEZKGQUFF4XN3BXHJZYOQK2Q.jpg?auth=c5a72b78adda735651ed75bd56ce73e421eeb63209665a6655508b1ca273121c&amp;width=1960 1960w\" width=\"414\" height=\"276\" \/><\/span><figcaption class=\"a_m_p\" aria-hidden=\"true\">Foie escabechado en l\u00edas de uvas mantonegro, pur\u00e9 de albaricoque y coca de patata. <span class=\"a_m_m\">Francisco Ubilla<\/span><\/figcaption><\/figure>\n<p class=\"\" style=\"text-align: justify;\">Otro plato interesante es el que prepara con el tomate de <i>ramallet<\/i> marinado que acompa\u00f1a de una emulsi\u00f3n de aceitunas negras, fresas de Manacor, agua de rosas, hierbaluisa y caldo de tomate raf. Sublime es el foie escabechado en l\u00edas de mantonegro, una de las uvas aut\u00f3ctonas de la isla, que sirve con una crema de orejones de los famosos albaricoques de Porreres y pan de coca de patata de Valldemossa \u2014\u201chay <i>brioche <\/i>por todos lados, pero la coca de patata solo la hay aqu\u00ed\u201d, advierte\u2014. Todas las elaboraciones de masa y harina se hacen en el obrador.<\/p>\n<figure class=\"a_m a_m-h \"><span class=\"_db a_m_w _pr lb_btn\"><img data-recalc-dims=\"1\" loading=\"lazy\" decoding=\"async\" class=\"_re lazyload a_m-h\" src=\"https:\/\/i0.wp.com\/imagenes.elpais.com\/resizer\/v2\/7NCKDTJZIJD2HOIBQAIT5LWWTU.jpg?resize=414%2C273&#038;ssl=1\" sizes=\"auto, (min-width:1199px) 1155px,(min-width:1001px) calc(100vw - 44px),(min-width:768px) 767px, 100vw\" srcset=\"https:\/\/imagenes.elpais.com\/resizer\/v2\/7NCKDTJZIJD2HOIBQAIT5LWWTU.jpg?auth=660087badf22b9bf7ef3687ac85c625b0be1b5c9fb81ce13e2ca0b1ebb74102c&amp;width=414 414w,https:\/\/imagenes.elpais.com\/resizer\/v2\/7NCKDTJZIJD2HOIBQAIT5LWWTU.jpg?auth=660087badf22b9bf7ef3687ac85c625b0be1b5c9fb81ce13e2ca0b1ebb74102c&amp;width=828 640w,https:\/\/imagenes.elpais.com\/resizer\/v2\/7NCKDTJZIJD2HOIBQAIT5LWWTU.jpg?auth=660087badf22b9bf7ef3687ac85c625b0be1b5c9fb81ce13e2ca0b1ebb74102c&amp;width=980 1000w,https:\/\/imagenes.elpais.com\/resizer\/v2\/7NCKDTJZIJD2HOIBQAIT5LWWTU.jpg?auth=660087badf22b9bf7ef3687ac85c625b0be1b5c9fb81ce13e2ca0b1ebb74102c&amp;width=1960 1960w\" width=\"414\" height=\"273\" \/><\/span><figcaption class=\"a_m_p\" aria-hidden=\"true\">La trilog\u00eda del bacalao: lomo confitado en leche de cabra, ensalada de naranja, nueces negras y piparra; bu\u00f1uelo de cocochas en salsa verde, y callos con sabay\u00f3n de vino blanco y espuma de huevo. <span class=\"a_m_m\">Francisco Ubilla<\/span><\/figcaption><\/figure>\n<p class=\"\" style=\"text-align: justify;\">El pase del bacalao lo divide en tres secuencias: un lomo confitado en leche de cabra, con su propio pilpil y una ensalada de naranja, nueces negras y piparra; un bu\u00f1uelo de cococha en salsa verde y ajo negro, y unos callos con sabay\u00f3n de vino blanco y espuma de huevo. \u201cAqu\u00ed es cuando el cliente pide m\u00e1s pan para mojar\u201d, sentencia Vicente Jerez, jefe de sala, que lleva siete a\u00f1os en la casa, y que sigue fascinado por el inter\u00e9s que despierta el restaurante y las nuevas propuestas culinarias, que en siete meses de temporada pueden cambiar hasta tres veces, dependiendo de la estacionalidad. \u201cLo tenemos lleno a diario, cada vez es m\u00e1s complicado conseguir mesa\u201d, detalla, antes de que llegue a la mesa el bocado m\u00e1s preciado, un plato que lleva sirvi\u00e9ndose en El Olivo desde hace tres d\u00e9cadas: <a href=\"https:\/\/elpais.com\/gastronomia\/recetas\/2023-05-18\/cordero-asado-con-olivada.html\" target=\"_blank\" rel=\"noopener\" data-link-track-dtm=\"\" data-mrf-link=\"https:\/\/elpais.com\/gastronomia\/recetas\/2023-05-18\/cordero-asado-con-olivada.html\">el lomo de cordero en costra de olivas negras, con pimientos del piquillo, hoja de higo chumbo y rebozuelos encurtidos, <\/a>que se acompa\u00f1a de una ensaimada rellena de cordero y menta con polvo de cominos, adem\u00e1s de una tartaleta con un guiso de cordero con pimienta y <i>harissa<\/i>. \u201cEs un plato que no podemos quitar de la carta. Es un emblema\u201d, se\u00f1ala Guillermo M\u00e9ndez, de 57 a\u00f1os, 30 de ellos en la cocina del restaurante, que ahora ejerce como responsable gastron\u00f3mico de toda la oferta del complejo hotelero, y que vela para que el territorio mallorqu\u00edn est\u00e9 presente en cada espacio. \u201cEl lujo no est\u00e1 en el caviar, sino en el huerto, en lo que tenemos m\u00e1s a mano\u201d. Una filosof\u00eda en la que lleva trabajando desde hace tres lustros, cuando se percat\u00f3 de que la globalizaci\u00f3n pod\u00eda acabar con la esencia de muchos lugares. Con la joya de Mallorca, la almendra, se prepara uno de los postres, <a href=\"https:\/\/cincodias.elpais.com\/cincodias\/2015\/02\/13\/sentidos\/1423859899_216502.html\" target=\"_blank\" rel=\"noopener\" data-link-track-dtm=\"\" data-mrf-link=\"https:\/\/cincodias.elpais.com\/cincodias\/2015\/02\/13\/sentidos\/1423859899_216502.html\">al que se entra despu\u00e9s de haber limpiado el paladar con una refrescante versi\u00f3n de la pomada menorquina, con ginebra Xoriger<\/a>, con forma de esfera de oro, un bizcocho fluido con trufa negra de Inca, adem\u00e1s de un helado y una mousse de citado fruto.<\/p>\n<p class=\"\" style=\"text-align: justify;\">La carta de vinos la maneja la sumiller Eva Nadal, con 34 a\u00f1os de experiencia en el restaurante. Cuenta con 410 referencias, de las cuales 30 son mallorquinas. \u201cTenemos aut\u00e9nticas joyas en esta tierra\u201d, se\u00f1ala la experta, que atiende entre 35 y 45 clientes por servicio. \u201cPodr\u00edamos dar m\u00e1s, pero se perder\u00eda la esencia de la casa\u201d, concluye el cocinero granadino que conquista cada noche con sus platos un pedazo de Mallorca.<\/p>\n<figure class=\"a_m a_m-h \"><span class=\"_db a_m_w _pr lb_btn\"><img data-recalc-dims=\"1\" loading=\"lazy\" decoding=\"async\" class=\"_re lazyload a_m-h\" src=\"https:\/\/i0.wp.com\/imagenes.elpais.com\/resizer\/v2\/DVMMYKP7N5ECVFRTOTVUFZEIM4.jpg?resize=414%2C276&#038;ssl=1\" sizes=\"auto, (min-width:1199px) 1155px,(min-width:1001px) calc(100vw - 44px),(min-width:768px) 767px, 100vw\" srcset=\"https:\/\/imagenes.elpais.com\/resizer\/v2\/DVMMYKP7N5ECVFRTOTVUFZEIM4.jpg?auth=d8fb964139af9eaa32cd14455b54f84a044fb90ee1ee80f3f995447f3720a24c&amp;width=414 414w,https:\/\/imagenes.elpais.com\/resizer\/v2\/DVMMYKP7N5ECVFRTOTVUFZEIM4.jpg?auth=d8fb964139af9eaa32cd14455b54f84a044fb90ee1ee80f3f995447f3720a24c&amp;width=828 640w,https:\/\/imagenes.elpais.com\/resizer\/v2\/DVMMYKP7N5ECVFRTOTVUFZEIM4.jpg?auth=d8fb964139af9eaa32cd14455b54f84a044fb90ee1ee80f3f995447f3720a24c&amp;width=980 1000w,https:\/\/imagenes.elpais.com\/resizer\/v2\/DVMMYKP7N5ECVFRTOTVUFZEIM4.jpg?auth=d8fb964139af9eaa32cd14455b54f84a044fb90ee1ee80f3f995447f3720a24c&amp;width=1960 1960w\" width=\"414\" height=\"276\" \/><\/span><figcaption class=\"a_m_p\" aria-hidden=\"true\">Terraza del restaurante El Olivo, en el hotel Belmond La Residencia, en Dei\u00e0 (Mallorca).<span class=\"a_m_m\">Francisco Ubilla<\/span><\/figcaption><\/figure>\n<div class=\"a_de\" data-dtm-region=\"articulo_sumarioenlaces-despiece\">\n<h3 class=\"a_de_t\"><a href=\"https:\/\/www.belmond.com\/es\/hotels\/europe\/mallorca\/deia\/belmond-la-residencia\/dining\" data-link-track-dtm=\"\" data-mrf-link=\"https:\/\/www.belmond.com\/es\/hotels\/europe\/mallorca\/deia\/belmond-la-residencia\/dining\">El Olivo<\/a><\/h3>\n<div class=\"a_de_txt\">\n<ul>\n<li><strong>Direcci\u00f3n<\/strong>: Son Canals s\/n, Dei\u00e0, Mallorca<\/li>\n<li><strong>Tel\u00e9fono<\/strong>: 900 751 035 y +971 63 9011<\/li>\n<li><strong>Precio<\/strong>: men\u00fas degustaci\u00f3n: 155 y 210 euros; men\u00fas vegetarianos: 145 y 180 euros<\/li>\n<li><strong>Horario<\/strong>: Servicio de cenas, a partir de las 19:30 horas.<\/li>\n<\/ul>\n<\/div>\n<\/div>\n<header class=\"a_e _g _g-xs\">\n<div class=\"a_e_m\">\u00a0<\/div>\n<\/header>\n<figure class=\"a_md_i a_m-h c_m--nf\"><\/figure>\n<header class=\"a_e _g _g-xs\">\n<div class=\"a_e_m\">\n<figure class=\"a_m a_m-h \"><a class=\"a_md_a_n\" title=\"Ver todas las noticias de Paz \u00c1lvarez\" href=\"https:\/\/elpais.com\/autor\/paz-alvarez\/#?rel=author_top\" data-mrf-link=\"https:\/\/elpais.com\/autor\/paz-alvarez\/\"><strong>Paz \u00c1lvarez<\/strong><\/a><figcaption class=\"a_m_p\" aria-hidden=\"true\">foto: Pablo Aranda, chef del restaurante El Olivo, en La Residencia (Dei\u00e0, Mallorca)<span class=\"a_m_m\">Francisco Ubilla<br \/>\nhttps:\/\/elpais.com\/gastronomia\/restaurantes\/2024-08-02\/un-cocinero-granadino-la-revolucion-culinaria-de-mallorca-con-llenos-a-diario.html<br \/>\n<\/span><\/figcaption><\/figure>\n<\/div>\n<\/header>\n<div class=\"a_md _g _g-xs \">\u00a0<\/div>\n<div class=\"a_md _g _g-xs \">\n<div class=\"a_md_txt\">\n<div class=\"a_md_a\" data-dtm-region=\"articulo_firma\">\u00a0<\/div>\n<\/div>\n<\/div>\n","protected":false},"excerpt":{"rendered":"<p>Pablo Aranda cambia la propuesta gastron\u00f3mica del m\u00edtico restaurante El Olivo, donde apuesta por el&#8230;<\/p>\n","protected":false},"author":1,"featured_media":79026,"comment_status":"closed","ping_status":"closed","sticky":false,"template":"","format":"standard","meta":{"_coblocks_attr":"","_coblocks_dimensions":"","_coblocks_responsive_height":"","_coblocks_accordion_ie_support":"","jetpack_post_was_ever_published":false,"_jetpack_newsletter_access":"","_jetpack_dont_email_post_to_subs":false,"_jetpack_newsletter_tier_id":0,"_jetpack_memberships_contains_paywalled_content":false,"_jetpack_memberships_contains_paid_content":false,"footnotes":"","jetpack_publicize_message":"","jetpack_publicize_feature_enabled":true,"jetpack_social_post_already_shared":true,"jetpack_social_options":{"image_generator_settings":{"template":"highway","default_image_id":0,"enabled":false},"version":2}},"categories":[9597,44,6539],"tags":[],"class_list":["post-79025","post","type-post","status-publish","format-standard","has-post-thumbnail","hentry","category-cientificos-atarfenos","category-noticias-de-hoy","category-personajes-de-ataref"],"jetpack_publicize_connections":[],"jetpack_featured_media_url":"https:\/\/i0.wp.com\/miradordeatarfe.es\/wp-content\/uploads\/2025\/09\/Screenshot-2025-09-26-at-14-00-49-Pablo-Aranda-Un-cocinero-granadino-la-revolucion-culinaria-de-Mallorca-con-llenos-a-diario-Restaurantes-Gastronomia-EL-PAIS.png?fit=551%2C624&ssl=1","jetpack_likes_enabled":true,"jetpack_sharing_enabled":true,"_links":{"self":[{"href":"https:\/\/miradordeatarfe.es\/index.php?rest_route=\/wp\/v2\/posts\/79025","targetHints":{"allow":["GET"]}}],"collection":[{"href":"https:\/\/miradordeatarfe.es\/index.php?rest_route=\/wp\/v2\/posts"}],"about":[{"href":"https:\/\/miradordeatarfe.es\/index.php?rest_route=\/wp\/v2\/types\/post"}],"author":[{"embeddable":true,"href":"https:\/\/miradordeatarfe.es\/index.php?rest_route=\/wp\/v2\/users\/1"}],"replies":[{"embeddable":true,"href":"https:\/\/miradordeatarfe.es\/index.php?rest_route=%2Fwp%2Fv2%2Fcomments&post=79025"}],"version-history":[{"count":3,"href":"https:\/\/miradordeatarfe.es\/index.php?rest_route=\/wp\/v2\/posts\/79025\/revisions"}],"predecessor-version":[{"id":79029,"href":"https:\/\/miradordeatarfe.es\/index.php?rest_route=\/wp\/v2\/posts\/79025\/revisions\/79029"}],"wp:featuredmedia":[{"embeddable":true,"href":"https:\/\/miradordeatarfe.es\/index.php?rest_route=\/wp\/v2\/media\/79026"}],"wp:attachment":[{"href":"https:\/\/miradordeatarfe.es\/index.php?rest_route=%2Fwp%2Fv2%2Fmedia&parent=79025"}],"wp:term":[{"taxonomy":"category","embeddable":true,"href":"https:\/\/miradordeatarfe.es\/index.php?rest_route=%2Fwp%2Fv2%2Fcategories&post=79025"},{"taxonomy":"post_tag","embeddable":true,"href":"https:\/\/miradordeatarfe.es\/index.php?rest_route=%2Fwp%2Fv2%2Ftags&post=79025"}],"curies":[{"name":"wp","href":"https:\/\/api.w.org\/{rel}","templated":true}]}}