{"id":79037,"date":"2025-09-27T11:00:44","date_gmt":"2025-09-27T09:00:44","guid":{"rendered":"https:\/\/miradordeatarfe.es\/?p=79037"},"modified":"2025-09-26T19:41:51","modified_gmt":"2025-09-26T17:41:51","slug":"dias-no-lectivos-en-atarfe-acordados-en-el-cosejo-munipal-de-educacion","status":"publish","type":"post","link":"https:\/\/miradordeatarfe.es\/?p=79037","title":{"rendered":"DIAS NO LECTIVOS EN ATARFE ACORDADOS EN EL COSEJO MUNIPAL DE EDUCACI\u00d3N"},"content":{"rendered":"<h3>Hemos celebrado el Consejo Escolar Municipal, un espacio donde toda la comunidad educativa de Atarfe se une para definir los proyectos y actividades que beneficien a nuestros centros y alumnado.<\/h3>\n<p>El Consejo Escolar Municipal de Atarfe ha difundido ya el <strong>Calendario Escolar para el curso 2025\/2026<\/strong>, el cual ofrecemos a continuaci\u00f3n.<\/p>\n<p><strong>En relaci\u00f3n a los festivos locales<\/strong>, tendr\u00e1n la consideraci\u00f3n de d\u00edas no lectivos los coincidentes con las fiestas locales de los municipios de esta provincia establecidas por la Consejer\u00eda competente en materia de empleo hasta un m\u00e1ximo de dos d\u00edas.<\/p>\n<p>Los\u00a0<strong>Consejos Escolares Municipales<\/strong>\u00a0y, en su defecto, los\u00a0<strong>Consejos Escolares de Centro<\/strong>\u00a0podr\u00e1n determinar, hasta\u00a0<strong>un m\u00e1ximo de 3 d\u00edas<\/strong>\u00a0como no lectivos, siempre que se cumplan el n\u00famero de d\u00edas lectivos establecidos normativamente para cada ense\u00f1anza, grab\u00e1ndolos en el Sistema Inform\u00e1tico SENECA y\u00a0<strong>notific\u00e1ndolo con una antelaci\u00f3n m\u00ednima de 15 d\u00edas<\/strong>\u00a0a la Delegaci\u00f3n Territorial competente en la materia para su supervisi\u00f3n por el Servicio de Inspecci\u00f3n Educativa.<\/p>\n<p>En el supuesto de que ninguna, una o las dos fiestas locales del municipio, establecidas por la Consejer\u00eda de la Junta de Andaluc\u00eda con competencia en materia de empleo y publicadas en el BOJA,\u00a0<strong>coincidan con el periodo lectivo fijado en este Calendario Provincial<\/strong>, los Consejos Escolares Municipales o los de Centro, podr\u00e1n fijar como no lectivos, 3 d\u00edas, 2 d\u00edas o 1 d\u00eda, respectivamente.<\/p>\n<h2>Por la importancia para las familias comunicamos uno de los aspectos tratados en el \u00faltimo Consejo\u00a0 Municipal de Educaci\u00f3n respecto al CALENDARIO ESCOLAR\u00a0 ha fijado los d\u00edas de libre disposici\u00f3n para este curso:<\/h2>\n<h2>\n<strong>&#8211; 31 de octubre<\/strong><br \/>\n<strong>&#8211; 27 de febrero<\/strong><br \/>\n<strong>&#8211; 4 de mayo<\/strong><\/h2>\n<p>https:\/\/youtube.com\/shorts\/ShewpU_hcPY?feature=shared<\/p>\n","protected":false},"excerpt":{"rendered":"<p>Hemos celebrado el Consejo Escolar Municipal, un espacio donde toda la comunidad educativa de Atarfe&#8230;<\/p>\n","protected":false},"author":1,"featured_media":79038,"comment_status":"closed","ping_status":"closed","sticky":false,"template":"","format":"standard","meta":{"_coblocks_attr":"","_coblocks_dimensions":"","_coblocks_responsive_height":"","_coblocks_accordion_ie_support":"","jetpack_post_was_ever_published":false,"_jetpack_newsletter_access":"","_jetpack_dont_email_post_to_subs":false,"_jetpack_newsletter_tier_id":0,"_jetpack_memberships_contains_paywalled_content":false,"_jetpack_memberships_contains_paid_content":false,"footnotes":"","jetpack_publicize_message":"","jetpack_publicize_feature_enabled":true,"jetpack_social_post_already_shared":true,"jetpack_social_options":{"image_generator_settings":{"template":"highway","default_image_id":0,"enabled":false},"version":2}},"categories":[187,1161,44],"tags":[],"class_list":["post-79037","post","type-post","status-publish","format-standard","has-post-thumbnail","hentry","category-centros-educativos","category-ciudadania","category-noticias-de-hoy"],"jetpack_publicize_connections":[],"jetpack_featured_media_url":"https:\/\/i0.wp.com\/miradordeatarfe.es\/wp-content\/uploads\/2025\/09\/CALEN.jpeg?fit=344%2C180&ssl=1","jetpack_likes_enabled":true,"jetpack_sharing_enabled":true,"_links":{"self":[{"href":"https:\/\/miradordeatarfe.es\/index.php?rest_route=\/wp\/v2\/posts\/79037","targetHints":{"allow":["GET"]}}],"collection":[{"href":"https:\/\/miradordeatarfe.es\/index.php?rest_route=\/wp\/v2\/posts"}],"about":[{"href":"https:\/\/miradordeatarfe.es\/index.php?rest_route=\/wp\/v2\/types\/post"}],"author":[{"embeddable":true,"href":"https:\/\/miradordeatarfe.es\/index.php?rest_route=\/wp\/v2\/users\/1"}],"replies":[{"embeddable":true,"href":"https:\/\/miradordeatarfe.es\/index.php?rest_route=%2Fwp%2Fv2%2Fcomments&post=79037"}],"version-history":[{"count":1,"href":"https:\/\/miradordeatarfe.es\/index.php?rest_route=\/wp\/v2\/posts\/79037\/revisions"}],"predecessor-version":[{"id":79039,"href":"https:\/\/miradordeatarfe.es\/index.php?rest_route=\/wp\/v2\/posts\/79037\/revisions\/79039"}],"wp:featuredmedia":[{"embeddable":true,"href":"https:\/\/miradordeatarfe.es\/index.php?rest_route=\/wp\/v2\/media\/79038"}],"wp:attachment":[{"href":"https:\/\/miradordeatarfe.es\/index.php?rest_route=%2Fwp%2Fv2%2Fmedia&parent=79037"}],"wp:term":[{"taxonomy":"category","embeddable":true,"href":"https:\/\/miradordeatarfe.es\/index.php?rest_route=%2Fwp%2Fv2%2Fcategories&post=79037"},{"taxonomy":"post_tag","embeddable":true,"href":"https:\/\/miradordeatarfe.es\/index.php?rest_route=%2Fwp%2Fv2%2Ftags&post=79037"}],"curies":[{"name":"wp","href":"https:\/\/api.w.org\/{rel}","templated":true}]}}