{"id":7904,"date":"2016-03-30T09:00:22","date_gmt":"2016-03-30T09:00:22","guid":{"rendered":"http:\/\/miradordeatarfe.es\/?p=7904"},"modified":"2016-03-30T08:45:47","modified_gmt":"2016-03-30T08:45:47","slug":"el-ies-iliberis-ha-participado-en-el-concurso-de-guiones-cuidados-camara-y-accion","status":"publish","type":"post","link":"https:\/\/miradordeatarfe.es\/?p=7904","title":{"rendered":"El IES Iliberis ha participado en el Concurso de Guiones Cuidados, C\u00e1mara y Acci\u00f3n"},"content":{"rendered":"<p style=\"text-align: justify;\">74 estudiantes del IES ILIBERIS participan en el concurso de guiones Cuidados, C\u00e1mara y Acci\u00f3n<!--more--><\/p>\n<p style=\"text-align: justify;\">El IES Iliberis ha participado en el <a title=\"Concurso Guiones Cuidados, C\u00e1mara y Acci\u00f3n\" href=\"http:\/\/laotraactualidad.ecosfron.org\/?page_id=142\" target=\"_blank\">Concurso de Guiones Cuidados, C\u00e1mara y Acci\u00f3n<\/a>, a propuesta de la organizaci\u00f3n <strong>Economistas sin Fronteras<\/strong>, donde <strong>74 estudiante<\/strong>s de 3\u00ba A y 4\u00ba A de la ESO y 1\u00ba B de Bachillerato han presentado, por grupos, sus historias y guiones literarios (14 en total).<\/p>\n<p style=\"text-align: justify;\">Desde un punto de vista cr\u00edtico y constructivo, los grupos han reflexionado sobre diversas tem\u00e1ticas relacionadas con<strong> la<\/strong><strong> econom\u00eda de los cuidados<\/strong> y c\u00f3mo contribuye al bienestar y sostenimiento de la sociedad. Numerosas historias \u2013m\u00e1s de 50 en total- que nos hablan de c\u00f3mo los recortes en pol\u00edticas sociales (educaci\u00f3n, sanidad\u2026) tienen un impacto mayor en las mujeres y la responsabilidad de los gobiernos en ello. O sobre la corresponsabilidad en los hogares, donde todas las personas que forman una familia deben contribuir a los trabajos de cuidados y los problemas que se generan cuando no es as\u00ed. O sobre la discriminaci\u00f3n en el \u00e1mbito laboral que afrontan las mujeres, con peores sueldos, con personas dependientes \u2013y no tan dependientes- a su cargo, despedidas por embarazo o incluso v\u00edctimas de acoso sexual.<\/p>\n<p style=\"text-align: justify;\">En definitiva, estos guiones ponen el foco en la necesidad de reconocer y distribuir los trabajos de cuidados para lograr una sociedad m\u00e1s justa, tanto en nuestro entorno como en todo el planeta.<\/p>\n<p style=\"text-align: justify;\">En este concurso han participado un total de 270 estudiantes de cinco institutos de secundaria.<\/p>\n<p style=\"text-align: justify;\">Se seleccionar\u00e1n 5 guiones \u2013un guion por centro-, cuyos resultados se comunican el 15 de marzo. Estos cinco guiones ser\u00e1n producidos con el apoyo t\u00e9cnico de la escuela de cine Nexo AV y presentados en una Gala final el 20 de mayo.<\/p>\n<p style=\"text-align: justify;\">\u00bfQuieres saber cu\u00e1les son los guiones seleccionados? Pincha en este <a title=\"Los otros guiones\" href=\"http:\/\/laotraactualidad.ecosfron.org\/?p=904\" target=\"_blank\">enlace<\/a><\/p>\n<p style=\"text-align: justify;\">\u201c<strong>Los viajes de una amapola aventurera<\/strong>\u201d, del IES Iliberis, de 1\u00ba de Bachillerato<\/p>\n<p style=\"text-align: justify;\">Ya han contactado con los centros para planificar la fase de grabaci\u00f3n de los guiones, que empezar\u00e1 en la semana del 28 de marzo.<\/p>\n","protected":false},"excerpt":{"rendered":"<p>74 estudiantes del IES ILIBERIS participan en el concurso de guiones Cuidados, C\u00e1mara y Acci\u00f3n<\/p>\n","protected":false},"author":1,"featured_media":7905,"comment_status":"closed","ping_status":"closed","sticky":false,"template":"","format":"standard","meta":{"_coblocks_attr":"","_coblocks_dimensions":"","_coblocks_responsive_height":"","_coblocks_accordion_ie_support":"","jetpack_post_was_ever_published":false,"_jetpack_newsletter_access":"","_jetpack_dont_email_post_to_subs":false,"_jetpack_newsletter_tier_id":0,"_jetpack_memberships_contains_paywalled_content":false,"_jetpack_memberships_contains_paid_content":false,"footnotes":"","jetpack_publicize_message":"","jetpack_publicize_feature_enabled":true,"jetpack_social_post_already_shared":false,"jetpack_social_options":{"image_generator_settings":{"template":"highway","default_image_id":0,"enabled":false},"version":2}},"categories":[2,187,44,15],"tags":[81,27,55],"class_list":["post-7904","post","type-post","status-publish","format-standard","has-post-thumbnail","hentry","category-atarfe","category-centros-educativos","category-noticias-de-hoy","category-ultimas-noticias","tag-atarfe","tag-educacion","tag-salud"],"jetpack_publicize_connections":[],"jetpack_featured_media_url":"https:\/\/i0.wp.com\/miradordeatarfe.es\/wp-content\/uploads\/2016\/03\/alimentar-a-mayores.jpg?fit=352%2C199&ssl=1","jetpack_likes_enabled":true,"jetpack_sharing_enabled":true,"_links":{"self":[{"href":"https:\/\/miradordeatarfe.es\/index.php?rest_route=\/wp\/v2\/posts\/7904","targetHints":{"allow":["GET"]}}],"collection":[{"href":"https:\/\/miradordeatarfe.es\/index.php?rest_route=\/wp\/v2\/posts"}],"about":[{"href":"https:\/\/miradordeatarfe.es\/index.php?rest_route=\/wp\/v2\/types\/post"}],"author":[{"embeddable":true,"href":"https:\/\/miradordeatarfe.es\/index.php?rest_route=\/wp\/v2\/users\/1"}],"replies":[{"embeddable":true,"href":"https:\/\/miradordeatarfe.es\/index.php?rest_route=%2Fwp%2Fv2%2Fcomments&post=7904"}],"version-history":[{"count":1,"href":"https:\/\/miradordeatarfe.es\/index.php?rest_route=\/wp\/v2\/posts\/7904\/revisions"}],"predecessor-version":[{"id":7906,"href":"https:\/\/miradordeatarfe.es\/index.php?rest_route=\/wp\/v2\/posts\/7904\/revisions\/7906"}],"wp:featuredmedia":[{"embeddable":true,"href":"https:\/\/miradordeatarfe.es\/index.php?rest_route=\/wp\/v2\/media\/7905"}],"wp:attachment":[{"href":"https:\/\/miradordeatarfe.es\/index.php?rest_route=%2Fwp%2Fv2%2Fmedia&parent=7904"}],"wp:term":[{"taxonomy":"category","embeddable":true,"href":"https:\/\/miradordeatarfe.es\/index.php?rest_route=%2Fwp%2Fv2%2Fcategories&post=7904"},{"taxonomy":"post_tag","embeddable":true,"href":"https:\/\/miradordeatarfe.es\/index.php?rest_route=%2Fwp%2Fv2%2Ftags&post=7904"}],"curies":[{"name":"wp","href":"https:\/\/api.w.org\/{rel}","templated":true}]}}