{"id":79040,"date":"2025-09-28T11:00:23","date_gmt":"2025-09-28T09:00:23","guid":{"rendered":"https:\/\/miradordeatarfe.es\/?p=79040"},"modified":"2025-09-26T20:01:58","modified_gmt":"2025-09-26T18:01:58","slug":"atarfe-romeria-2025","status":"publish","type":"post","link":"https:\/\/miradordeatarfe.es\/?p=79040","title":{"rendered":"ATARFE: ROMER\u00cdA 2025"},"content":{"rendered":"<h3><span class=\"style-scope yt-formatted-string\" dir=\"auto\">\u00a1Ya est\u00e1 aqu\u00ed una de nuestras tradiciones m\u00e1s queridas! El pr\u00f3ximo s\u00e1bado 4 de octubre viviremos una jornada \u00fanica de convivencia, m\u00fasica, caballos y tradici\u00f3n. &#x1f4cd; Desde el Paseo de Santa Ana hasta el Recinto Ferial acompa\u00f1aremos a las carrozas, caballistas y amazonas en un d\u00eda lleno de color y alegr\u00eda. <\/span><\/h3>\n<p><span class=\"style-scope yt-formatted-string\" dir=\"auto\">\u00a0La m\u00fasica no faltar\u00e1, con la actuaci\u00f3n de nuestro<strong> Coro Rociero de Atarfe y los grupos Aires con Arte y Somos del Sur.<\/strong> <\/span><\/p>\n<p><span class=\"style-scope yt-formatted-string\" dir=\"auto\">\u00a0La Romer\u00eda de Atarfe es m\u00e1s que una fiesta, es una celebraci\u00f3n de nuestra identidad y nuestras ra\u00edces. <\/span><\/p>\n<p><span class=\"style-scope yt-formatted-string\" dir=\"auto\">\u00a0Ap\u00fantalo en tu calendario: S\u00e1bado 4 de octubre. \u00a1Vente con nosotros a disfrutar de la Romer\u00eda 2025! <\/span><\/p>\n<p><span class=\"style-scope yt-formatted-string\" dir=\"auto\">Todas las carretas con m\u00e1s de 8 participantes, ser\u00e1n obsequiadas con un jam\u00f3n. Inscripci\u00f3n en el Centro Cultural Medina Elvira hasta el 30 de Septiembre <\/span><\/p>\n<p><img data-recalc-dims=\"1\" loading=\"lazy\" decoding=\"async\" class=\"alignnone wp-image-79047 size-full\" src=\"https:\/\/i0.wp.com\/miradordeatarfe.es\/wp-content\/uploads\/2025\/09\/Screenshot-2025-09-26-at-20-00-08-cartel-romeria-2025.pdf.png?resize=615%2C796&#038;ssl=1\" alt=\"\" width=\"615\" height=\"796\" srcset=\"https:\/\/i0.wp.com\/miradordeatarfe.es\/wp-content\/uploads\/2025\/09\/Screenshot-2025-09-26-at-20-00-08-cartel-romeria-2025.pdf.png?w=615&amp;ssl=1 615w, https:\/\/i0.wp.com\/miradordeatarfe.es\/wp-content\/uploads\/2025\/09\/Screenshot-2025-09-26-at-20-00-08-cartel-romeria-2025.pdf.png?resize=232%2C300&amp;ssl=1 232w\" sizes=\"auto, (max-width: 615px) 100vw, 615px\" \/><\/p>\n<p>&nbsp;<\/p>\n<p><iframe loading=\"lazy\" title=\"\ud83c\udf39\ud83d\udc34 ROMER\u00cdA DE ATARFE 2025 \ud83d\udc34\ud83c\udf39\" width=\"540\" height=\"960\" src=\"https:\/\/www.youtube.com\/embed\/6BoXQ_OKbKY?feature=oembed\" frameborder=\"0\" allow=\"accelerometer; autoplay; clipboard-write; encrypted-media; gyroscope; picture-in-picture; web-share\" referrerpolicy=\"strict-origin-when-cross-origin\" allowfullscreen><\/iframe><\/p>\n","protected":false},"excerpt":{"rendered":"<p>\u00a1Ya est\u00e1 aqu\u00ed una de nuestras tradiciones m\u00e1s queridas! El pr\u00f3ximo s\u00e1bado 4 de octubre&#8230;<\/p>\n","protected":false},"author":1,"featured_media":79042,"comment_status":"closed","ping_status":"closed","sticky":false,"template":"","format":"standard","meta":{"_coblocks_attr":"","_coblocks_dimensions":"","_coblocks_responsive_height":"","_coblocks_accordion_ie_support":"","jetpack_post_was_ever_published":false,"_jetpack_newsletter_access":"","_jetpack_dont_email_post_to_subs":false,"_jetpack_newsletter_tier_id":0,"_jetpack_memberships_contains_paywalled_content":false,"_jetpack_memberships_contains_paid_content":false,"footnotes":"","jetpack_publicize_message":"","jetpack_publicize_feature_enabled":true,"jetpack_social_post_already_shared":true,"jetpack_social_options":{"image_generator_settings":{"template":"highway","default_image_id":0,"enabled":false},"version":2}},"categories":[12,1161,186,44],"tags":[],"class_list":["post-79040","post","type-post","status-publish","format-standard","has-post-thumbnail","hentry","category-cultura","category-ciudadania","category-instituciones","category-noticias-de-hoy"],"jetpack_publicize_connections":[],"jetpack_featured_media_url":"https:\/\/i0.wp.com\/miradordeatarfe.es\/wp-content\/uploads\/2025\/09\/Screenshot-2025-09-26-at-19-50-14-cartel-romeria-2025.pdf.png?fit=1726%2C689&ssl=1","jetpack_likes_enabled":true,"jetpack_sharing_enabled":true,"_links":{"self":[{"href":"https:\/\/miradordeatarfe.es\/index.php?rest_route=\/wp\/v2\/posts\/79040","targetHints":{"allow":["GET"]}}],"collection":[{"href":"https:\/\/miradordeatarfe.es\/index.php?rest_route=\/wp\/v2\/posts"}],"about":[{"href":"https:\/\/miradordeatarfe.es\/index.php?rest_route=\/wp\/v2\/types\/post"}],"author":[{"embeddable":true,"href":"https:\/\/miradordeatarfe.es\/index.php?rest_route=\/wp\/v2\/users\/1"}],"replies":[{"embeddable":true,"href":"https:\/\/miradordeatarfe.es\/index.php?rest_route=%2Fwp%2Fv2%2Fcomments&post=79040"}],"version-history":[{"count":1,"href":"https:\/\/miradordeatarfe.es\/index.php?rest_route=\/wp\/v2\/posts\/79040\/revisions"}],"predecessor-version":[{"id":79048,"href":"https:\/\/miradordeatarfe.es\/index.php?rest_route=\/wp\/v2\/posts\/79040\/revisions\/79048"}],"wp:featuredmedia":[{"embeddable":true,"href":"https:\/\/miradordeatarfe.es\/index.php?rest_route=\/wp\/v2\/media\/79042"}],"wp:attachment":[{"href":"https:\/\/miradordeatarfe.es\/index.php?rest_route=%2Fwp%2Fv2%2Fmedia&parent=79040"}],"wp:term":[{"taxonomy":"category","embeddable":true,"href":"https:\/\/miradordeatarfe.es\/index.php?rest_route=%2Fwp%2Fv2%2Fcategories&post=79040"},{"taxonomy":"post_tag","embeddable":true,"href":"https:\/\/miradordeatarfe.es\/index.php?rest_route=%2Fwp%2Fv2%2Ftags&post=79040"}],"curies":[{"name":"wp","href":"https:\/\/api.w.org\/{rel}","templated":true}]}}