{"id":79050,"date":"2025-09-28T09:10:31","date_gmt":"2025-09-28T07:10:31","guid":{"rendered":"https:\/\/miradordeatarfe.es\/?p=79050"},"modified":"2025-09-28T14:24:17","modified_gmt":"2025-09-28T12:24:17","slug":"oficina-antiocupas-para-ocupar-titulares-por-agustin-martinez","status":"publish","type":"post","link":"https:\/\/miradordeatarfe.es\/?p=79050","title":{"rendered":"\u00abOficina antiocupas\u2026 para ocupar titulares\u00bb por Agust\u00edn Mart\u00ednez"},"content":{"rendered":"<div class=\"cuerpo\">\n<p style=\"text-align: justify;\"><strong>En un alarde de audacia pol\u00edtica sin precedentes, el Ayuntamiento de Granada -ese templo de las prioridades bien enfocadas- ha decidido crear una flamante oficina antiocupaci\u00f3n. S\u00ed, como lo oyen. Con los problemas reales de Granada resueltos (iron\u00eda on), el equipo de gobierno con mayor\u00eda absoluta del PP ha decidido volcar recursos p\u00fablicos en combatir un problema tan residual en la ciudad como el sentido com\u00fan en algunos plenos municipales.<\/strong><\/p>\n<p style=\"text-align: justify;\">Porque no se trata de resolver lo urgente, lo estructural, lo que realmente angustia a la ciudadan\u00eda -como el acceso a la vivienda, los alquileres disparados, los desahucios silenciosos, o la turistificaci\u00f3n galopante-. No. Se trata de ocupar titulares, de alimentar el relato de miedo que tanto gusta a sus socios de palco, y sobre todo de regalar ox\u00edgeno pol\u00edtico a Vox, esa fuerza tan irrelevante en la gesti\u00f3n de Granada como persistente en el ruido medi\u00e1tico.<\/p>\n<p class=\"sumari\" style=\"text-align: justify;\">Lo importante es el relato: que el espa\u00f1olito (o el granadino) de a pie se levante temiendo que, mientras compra el pan, una turba le asalte el piso con el benepl\u00e1cito del C\u00f3digo Penal. Y ah\u00ed llega el PP, con su mayor\u00eda holgada, a decirle a Vox: \u201cTranquilos, muchachos, ya os hacemos nosotros el trabajo sucio. Y gratis\u201d<\/p>\n<p style=\"text-align: justify;\">\u00bfCasos de ocupaci\u00f3n conflictiva en Granada? Los que caben en una servilleta. Y no precisamente de las grandes. Pero, claro, eso da igual. Lo importante es el relato: que el espa\u00f1olito (o el granadino) de a pie se levante temiendo que, mientras compra el pan, una turba le asalte el piso con el benepl\u00e1cito del C\u00f3digo Penal. Y ah\u00ed llega el PP, con su mayor\u00eda holgada, a decirle a Vox: \u201cTranquilos, muchachos, ya os hacemos nosotros el trabajo sucio. Y gratis\u201d.<\/p>\n<p style=\"text-align: justify;\">Lo que preocupa, y mucho, es que estas concesiones \u201cmenores\u201d no lo son tanto. Porque blanquear los discursos alarmistas y falsamente prioritarios es ir cediendo terreno ideol\u00f3gico. Hoy es una oficina absurda para perseguir fantasmas; ma\u00f1ana, puede ser una ordenanza que criminalice la pobreza o que limite derechos en nombre de una supuesta \u201cseguridad\u201d. Y, mientras tanto, los de Vox se frotan las manos: no gobiernan, no gestionan, pero marcan el paso.<\/p>\n<p style=\"text-align: justify;\">Por si fuera poco, esta nueva oficina -de dudosa utilidad p\u00fablica- podr\u00eda convertirse en un chiringuito institucional m\u00e1s, con sueldos, asesores y ruedas de prensa, que engorde la maquinaria del miedo sin aportar ni una soluci\u00f3n efectiva. Pero ya sabemos que lo importante aqu\u00ed no es solucionar problemas, sino simular que se hace algo, aunque sea contra problemas que apenas existen.<\/p>\n<p style=\"text-align: justify;\">Granada no necesitaba una oficina antiocupas. Lo que necesita, con urgencia, es una oficina antipopulismo, una oficina anticlich\u00e9s, y ya puestos, una oficina para devolver la sensatez a quienes creen que gobernar es jugar al Qui\u00e9n da m\u00e1s con la ultraderecha.<\/p>\n<p style=\"text-align: justify;\">Pero claro, eso no da votos. Ni titulares. Ni palmaditas en el hombro en seg\u00fan qu\u00e9 foros. Qu\u00e9 l\u00e1stima.<\/p>\n<\/div>\n","protected":false},"excerpt":{"rendered":"<p>En un alarde de audacia pol\u00edtica sin precedentes, el Ayuntamiento de Granada -ese templo de&#8230;<\/p>\n","protected":false},"author":1,"featured_media":79051,"comment_status":"closed","ping_status":"closed","sticky":false,"template":"","format":"standard","meta":{"_coblocks_attr":"","_coblocks_dimensions":"","_coblocks_responsive_height":"","_coblocks_accordion_ie_support":"","jetpack_post_was_ever_published":false,"_jetpack_newsletter_access":"","_jetpack_dont_email_post_to_subs":false,"_jetpack_newsletter_tier_id":0,"_jetpack_memberships_contains_paywalled_content":false,"_jetpack_memberships_contains_paid_content":false,"footnotes":"","jetpack_publicize_message":"","jetpack_publicize_feature_enabled":true,"jetpack_social_post_already_shared":true,"jetpack_social_options":{"image_generator_settings":{"template":"highway","default_image_id":0,"enabled":false},"version":2}},"categories":[1161,10781,44,7671],"tags":[],"class_list":["post-79050","post","type-post","status-publish","format-standard","has-post-thumbnail","hentry","category-ciudadania","category-granada","category-noticias-de-hoy","category-politica"],"jetpack_publicize_connections":[],"jetpack_featured_media_url":"https:\/\/i0.wp.com\/miradordeatarfe.es\/wp-content\/uploads\/2025\/09\/ofirinca.jpg?fit=650%2C433&ssl=1","jetpack_likes_enabled":true,"jetpack_sharing_enabled":true,"_links":{"self":[{"href":"https:\/\/miradordeatarfe.es\/index.php?rest_route=\/wp\/v2\/posts\/79050","targetHints":{"allow":["GET"]}}],"collection":[{"href":"https:\/\/miradordeatarfe.es\/index.php?rest_route=\/wp\/v2\/posts"}],"about":[{"href":"https:\/\/miradordeatarfe.es\/index.php?rest_route=\/wp\/v2\/types\/post"}],"author":[{"embeddable":true,"href":"https:\/\/miradordeatarfe.es\/index.php?rest_route=\/wp\/v2\/users\/1"}],"replies":[{"embeddable":true,"href":"https:\/\/miradordeatarfe.es\/index.php?rest_route=%2Fwp%2Fv2%2Fcomments&post=79050"}],"version-history":[{"count":1,"href":"https:\/\/miradordeatarfe.es\/index.php?rest_route=\/wp\/v2\/posts\/79050\/revisions"}],"predecessor-version":[{"id":79052,"href":"https:\/\/miradordeatarfe.es\/index.php?rest_route=\/wp\/v2\/posts\/79050\/revisions\/79052"}],"wp:featuredmedia":[{"embeddable":true,"href":"https:\/\/miradordeatarfe.es\/index.php?rest_route=\/wp\/v2\/media\/79051"}],"wp:attachment":[{"href":"https:\/\/miradordeatarfe.es\/index.php?rest_route=%2Fwp%2Fv2%2Fmedia&parent=79050"}],"wp:term":[{"taxonomy":"category","embeddable":true,"href":"https:\/\/miradordeatarfe.es\/index.php?rest_route=%2Fwp%2Fv2%2Fcategories&post=79050"},{"taxonomy":"post_tag","embeddable":true,"href":"https:\/\/miradordeatarfe.es\/index.php?rest_route=%2Fwp%2Fv2%2Ftags&post=79050"}],"curies":[{"name":"wp","href":"https:\/\/api.w.org\/{rel}","templated":true}]}}