{"id":79053,"date":"2025-09-28T08:26:46","date_gmt":"2025-09-28T06:26:46","guid":{"rendered":"https:\/\/miradordeatarfe.es\/?p=79053"},"modified":"2025-09-28T14:24:25","modified_gmt":"2025-09-28T12:24:25","slug":"stop-desahucios-15m-recuerda-al-ayuntamiento-de-granada-que-el-verdadero-problema-no-son-las-ocupaciones-son-los-desahucios","status":"publish","type":"post","link":"https:\/\/miradordeatarfe.es\/?p=79053","title":{"rendered":"Stop Desahucios 15M recuerda al Ayuntamiento de Granada que \u00abel verdadero problema no son las ocupaciones, son los desahucios\u00bb"},"content":{"rendered":"<h3 style=\"text-align: justify;\">En Granada miles de familias siguen perdiendo su casa mientras se destinan recursos p\u00fablicos a blindar los privilegios de unos pocos\u00bb<\/h3>\n<p style=\"text-align: justify;\">La plataforma Stop Desahucios Granada 15M ha recordado al Ayuntamiento de la capital que \u00abel verdadero problema no son las ocupaciones de vivienda, sino los desahucios\u00bb. As\u00ed se ha pronunciado ante la puesta en marcha de la oficina municipal &#8216;antiokupaci\u00f3n&#8217;.<\/p>\n<p style=\"text-align: justify;\">A juicio del colectivo, la iniciativa \u00abrefleja de nuevo una prioridad pol\u00edtica equivocada\u00bb, dado que \u00abse protege a quienes menos lo necesitan mientras se abandona a quienes ven amenazado un derecho b\u00e1sico\u00bb.<\/p>\n<p style=\"text-align: justify;\">\u00abEn lugar de criminalizar y estigmatizar la ocupaci\u00f3n, deber\u00eda trabajar por garantizar el acceso a la vivienda, regular los precios del alquiler, reforzar el parque p\u00fablico y ofrecer apoyo jur\u00eddico real y eficaz a las familias que enfrentan un desahucio\u00bb, ha subrayado el colectivo, que ha recordado que todas estas cuestiones son competencia de las administraciones locales y auton\u00f3micas, \u00abque llevan a\u00f1os sin cumplirlas dejando de lado los tratados y textos legales que las comprometen (ley de vivienda, constituci\u00f3n espa\u00f1ola, carta universal de los derechos humanos y el resto de compromisos internacionales firmados por el estado espa\u00f1ol)\u00bb.<\/p>\n<div style=\"text-align: justify;\">\u00abPorque el problema no son las ocupaciones. El problema es que en Granada miles de familias siguen perdiendo su casa mientras se destinan recursos p\u00fablicos a blindar los privilegios de unos pocos\u00bb, ha subrayado la plataforma.<\/div>\n<p style=\"text-align: justify;\"><strong>Reproducimos a continuaci\u00f3n, en su integridad, el pronunciamiento de Stop Desahucios 15M:<\/strong><\/p>\n<p style=\"text-align: justify;\">Desde Stop Desahucios Granada 15M queremos manifestar nuestra preocupaci\u00f3n ante el anuncio de la puesta en marcha de la Oficina Municipal de Apoyo ante la Ocupaci\u00f3n Ilegal de Viviendas, un servicio sufragado con dinero p\u00fablico que vuelve a situar en primer plano un problema sobredimensionado, mientras se invisibiliza la verdadera emergencia habitacional que atraviesan miles de familias en nuestra ciudad.<\/p>\n<p style=\"text-align: justify;\">1. <strong>El verdadero problema no son las ocupaciones, son los desahucios.<\/strong> En Granada, como muestran los propios datos del Consejo General del Poder Judicial, los procedimientos judiciales por ocupaci\u00f3n son una m\u00ednima proporci\u00f3n frente a los procesos por impago de alquileres o de hipotecas. Sin embargo, se destina dinero y recursos a crear un servicio espec\u00edfico para \u201casesorar\u201d a propietarios, mientras se deja de lado a quienes est\u00e1n perdiendo sus hogares porque no pueden hacer frente a alquileres abusivos ni a cuotas hipotecarias impagables.<\/p>\n<p class=\"sumari\" style=\"text-align: justify;\">En 2024 casi 700 familias sufrieron ejecuciones hipotecarias que terminar\u00e1n en la p\u00e9rdida de su vivienda y un desahucio muy probablemente<\/p>\n<p style=\"text-align: justify;\">Los datos facilitados por el Consejo General del Poder Judicial as\u00ed lo atestiguan: en 2024 casi 700 familias sufrieron ejecuciones hipotecarias que terminar\u00e1n en la p\u00e9rdida de su vivienda y un desahucio muy probablemente. As\u00ed mismo, se produjeron m\u00e1s de 300 lanzamientos\/desahucios en la provincia (ante la imposibilidad de pagar las rentas del alquiler o de las cuotas hipotecarias) frente a las 183 denuncias por usurpaci\u00f3n (seg\u00fan los datos del Ministerio del Interior) y que se refieren a viviendas que no son ni la vivienda habitual ni una segunda residencia (en estos casos el delito es de allanamiento y el desalojo es inmediato). Y aunque el Consejo General del Poder Judicial no suele publicar los procedimientos de \u00abrecuperaci\u00f3n de la posesi\u00f3n\u00bb de manera desagregada por provincia o partido judicial, diferentes fuentes (como el diario El Independiente de Granada) informan de que en Granada ser\u00edan poco m\u00e1s de 50 los procesos verbales por ocupaci\u00f3n.<\/p>\n<div>\n<p style=\"text-align: justify;\">2.<strong> El acceso a la vivienda es el problema central.<\/strong> El derecho a la vivienda, reconocido en la Constituci\u00f3n, no se garantiza. Por el contrario, las administraciones siguen permitiendo que se especule con un bien de primera necesidad como si fuera una mercanc\u00eda m\u00e1s, reforzando un modelo basado en el rentismo y la especulaci\u00f3n.<\/p>\n<p style=\"text-align: justify;\">3. <strong>Una asimetr\u00eda en las respuestas<\/strong>. Mientras el Ayuntamiento corre a ofrecer apoyo jur\u00eddico gratuito para proteger los intereses de propietarios, no existe un servicio equivalente para inquilinos o familias hipotecadas que sufren subidas abusivas de los alquileres, contratos fraudulentos o ejecuciones hipotecarias. Tampoco para quienes necesitan orientaci\u00f3n y defensa frente a la banca, que sigue imponiendo sus reglas bajo un \u201cc\u00f3digo de buenas pr\u00e1cticas\u201d voluntario e incumplido sin consecuencias.<\/p>\n<p style=\"text-align: justify;\">4. <strong>El papel del Colegio de Abogados.<\/strong> Nos resulta llamativo que el Colegio de Abogados, que presume de contar con m\u00e1s de 100 profesionales especializados en ocupaci\u00f3n, no sea capaz de garantizar en el turno de oficio un grupo de abogados igualmente formados en procedimientos de desahucios o ejecuciones hipotecarias. Una carencia grav\u00edsima en una ciudad donde miles de familias han pasado y siguen pasando por estos procesos sin un asesoramiento adecuado sobre los derechos que les asisten.<\/p>\n<div>\n<p style=\"text-align: justify;\">5. <strong>La responsabilidad del Ayuntamiento<\/strong>. La alcaldesa declara que esta oficina responde a una \u201cnecesidad trasladada por numerosos vecinos\u201d. Pero ignora, de manera consciente, la voz de quienes sufren en carne propia la imposibilidad de acceder a una vivienda digna y que est\u00e1n siendo desahuciados. No olvidemos que incluso el propio Ayuntamiento impulsa procesos de desahucio contra vecinos del Zaid\u00edn que viven en viviendas sociales y que jam\u00e1s podr\u00edan acceder al mercado libre de la vivienda.<\/p>\n<p style=\"text-align: justify;\">6. <strong>Una pregunta necesaria:<\/strong> \u00bfcu\u00e1nto va a costar esta oficina? Exigimos transparencia sobre el gasto que supondr\u00e1 mantener este servicio y que se nos indique con qu\u00e9 recursos cuenta, en comparaci\u00f3n con la Oficina Social de la Vivienda. \u00bfQu\u00e9 recursos se dedican realmente a la defensa del derecho a la vivienda frente a los que se destinan a \u201cluchar\u201d contra un problema inflado en el discurso medi\u00e1tico y pol\u00edtico?<\/p>\n<p class=\"sumari\" style=\"text-align: justify;\"><strong>E<em>sta iniciativa refleja de nuevo una prioridad pol\u00edtica equivocada: se protege a quienes menos lo necesitan mientras se abandona a quienes ven amenazado un derecho b\u00e1sico<\/em><\/strong><\/p>\n<div>\n<p style=\"text-align: justify;\">En conclusi\u00f3n, esta iniciativa refleja de nuevo una prioridad pol\u00edtica equivocada: se protege a quienes menos lo necesitan mientras se abandona a quienes ven amenazado un derecho b\u00e1sico. El Ayuntamiento de Granada, en lugar de criminalizar y estigmatizar la ocupaci\u00f3n, deber\u00eda trabajar por garantizar el acceso a la vivienda, regular los precios del alquiler, reforzar el parque p\u00fablico y ofrecer apoyo jur\u00eddico real y eficaz a las familias que enfrentan un desahucio. Todas estas cuestiones son competencia de las administraciones locales y auton\u00f3micas que llevan a\u00f1os sin cumplirlas dejando de lado los tratados y textos legales que las comprometen (ley de vivienda, constituci\u00f3n espa\u00f1ola, carta universal de los derechos humanos y el resto de compromisos internacionales firmados por el estado espa\u00f1ol).<\/p>\n<p style=\"text-align: justify;\">Porque el problema no son las ocupaciones. El problema es que en Granada miles de familias siguen perdiendo su casa mientras se destinan recursos p\u00fablicos a blindar los privilegios de unos pocos.<\/p>\n<div style=\"text-align: justify;\">\u00a0<\/div>\n<\/div>\n<\/div>\n<\/div>\n","protected":false},"excerpt":{"rendered":"<p>En Granada miles de familias siguen perdiendo su casa mientras se destinan recursos p\u00fablicos a&#8230;<\/p>\n","protected":false},"author":1,"featured_media":79054,"comment_status":"closed","ping_status":"closed","sticky":false,"template":"","format":"standard","meta":{"_coblocks_attr":"","_coblocks_dimensions":"","_coblocks_responsive_height":"","_coblocks_accordion_ie_support":"","jetpack_post_was_ever_published":false,"_jetpack_newsletter_access":"","_jetpack_dont_email_post_to_subs":false,"_jetpack_newsletter_tier_id":0,"_jetpack_memberships_contains_paywalled_content":false,"_jetpack_memberships_contains_paid_content":false,"footnotes":"","jetpack_publicize_message":"","jetpack_publicize_feature_enabled":true,"jetpack_social_post_already_shared":true,"jetpack_social_options":{"image_generator_settings":{"template":"highway","default_image_id":0,"enabled":false},"version":2}},"categories":[1161,10781,44],"tags":[],"class_list":["post-79053","post","type-post","status-publish","format-standard","has-post-thumbnail","hentry","category-ciudadania","category-granada","category-noticias-de-hoy"],"jetpack_publicize_connections":[],"jetpack_featured_media_url":"https:\/\/i0.wp.com\/miradordeatarfe.es\/wp-content\/uploads\/2025\/09\/movilizacion_11_septiembre.1_002.jpg?fit=650%2C365&ssl=1","jetpack_likes_enabled":true,"jetpack_sharing_enabled":true,"_links":{"self":[{"href":"https:\/\/miradordeatarfe.es\/index.php?rest_route=\/wp\/v2\/posts\/79053","targetHints":{"allow":["GET"]}}],"collection":[{"href":"https:\/\/miradordeatarfe.es\/index.php?rest_route=\/wp\/v2\/posts"}],"about":[{"href":"https:\/\/miradordeatarfe.es\/index.php?rest_route=\/wp\/v2\/types\/post"}],"author":[{"embeddable":true,"href":"https:\/\/miradordeatarfe.es\/index.php?rest_route=\/wp\/v2\/users\/1"}],"replies":[{"embeddable":true,"href":"https:\/\/miradordeatarfe.es\/index.php?rest_route=%2Fwp%2Fv2%2Fcomments&post=79053"}],"version-history":[{"count":1,"href":"https:\/\/miradordeatarfe.es\/index.php?rest_route=\/wp\/v2\/posts\/79053\/revisions"}],"predecessor-version":[{"id":79055,"href":"https:\/\/miradordeatarfe.es\/index.php?rest_route=\/wp\/v2\/posts\/79053\/revisions\/79055"}],"wp:featuredmedia":[{"embeddable":true,"href":"https:\/\/miradordeatarfe.es\/index.php?rest_route=\/wp\/v2\/media\/79054"}],"wp:attachment":[{"href":"https:\/\/miradordeatarfe.es\/index.php?rest_route=%2Fwp%2Fv2%2Fmedia&parent=79053"}],"wp:term":[{"taxonomy":"category","embeddable":true,"href":"https:\/\/miradordeatarfe.es\/index.php?rest_route=%2Fwp%2Fv2%2Fcategories&post=79053"},{"taxonomy":"post_tag","embeddable":true,"href":"https:\/\/miradordeatarfe.es\/index.php?rest_route=%2Fwp%2Fv2%2Ftags&post=79053"}],"curies":[{"name":"wp","href":"https:\/\/api.w.org\/{rel}","templated":true}]}}