{"id":79056,"date":"2025-09-28T10:30:17","date_gmt":"2025-09-28T08:30:17","guid":{"rendered":"https:\/\/miradordeatarfe.es\/?p=79056"},"modified":"2025-09-28T14:24:01","modified_gmt":"2025-09-28T12:24:01","slug":"ciclo-de-conferencias-los-martes-de-castril-y-medina-elvira","status":"publish","type":"post","link":"https:\/\/miradordeatarfe.es\/?p=79056","title":{"rendered":"Ciclo de conferencias \u00abLos Martes de Castril\u00bb y Medina Elvira"},"content":{"rendered":"<h3>Este martes 30 de septiembre a las 18 y 19 horas tendr\u00e1 lugar en el Museo Arqueol\u00f3gico dos conferencias sobre el mundo \u00e1rabe.<\/h3>\n<p>\nFecha y hora: <strong>martes 30 de septiembre a las 19.00 h.\u00a0<\/strong><\/p>\n<p>Descripci\u00f3n: el \u00faltimo martes de septiembre retomamos nuestro ciclo \u201cLos Martes de Castril\u201d y lo hacemos con una sesi\u00f3n doble dedicada a Maqbaras del SE peninsular: investigaciones en curso y resultados:<\/p>\n<p>&#8211; 18:00h.: Conferencia: \u00a0<strong>\u201cLos cristianos de Medina Elvira a partir del registro osteoarqueol\u00f3gico\u201d<\/strong> D. Juan Manuel Pi\u00f1ero Palacios (Dpto. Historia Medieval y Ciencias T\u00e9cnicas e Historiogr\u00e1ficas, UGR).\u00a0<\/p>\n<p>&#8211; 19:00h.:\u00a0Conferencia: \u00a0<strong>\u201cEl \u00e1mbito funerario andalus\u00ed a trav\u00e9s de la epigraf\u00eda \u00e1rabe\u201d<\/strong> D\u00f1a. Mar\u00eda Antonia Mart\u00ednez (Colaboradora Honoraria, Departamento de Filolog\u00eda Griega, Estudios \u00c1rabes, Ling\u00fc\u00edstica General, Documentaci\u00f3n y Filolog\u00eda Latina, Universidad de M\u00e1laga).<\/p>\n<p><img data-recalc-dims=\"1\" loading=\"lazy\" decoding=\"async\" class=\"alignnone wp-image-79057 \" src=\"https:\/\/i0.wp.com\/miradordeatarfe.es\/wp-content\/uploads\/2025\/09\/Imagen-de-WhatsApp-2025-09-26-a-las-07.23.02_6ca03576.jpg?resize=319%2C393&#038;ssl=1\" alt=\"\" width=\"319\" height=\"393\" srcset=\"https:\/\/i0.wp.com\/miradordeatarfe.es\/wp-content\/uploads\/2025\/09\/Imagen-de-WhatsApp-2025-09-26-a-las-07.23.02_6ca03576.jpg?w=264&amp;ssl=1 264w, https:\/\/i0.wp.com\/miradordeatarfe.es\/wp-content\/uploads\/2025\/09\/Imagen-de-WhatsApp-2025-09-26-a-las-07.23.02_6ca03576.jpg?resize=244%2C300&amp;ssl=1 244w\" sizes=\"auto, (max-width: 319px) 100vw, 319px\" \/><\/p>\n<p>Conferencias dentro del ciclo anual \u201cMorir en Al-Andalus. Aproximaci\u00f3n a la muerte en la sociedad peninsular en la Edad Media\u201d (En colaboraci\u00f3n con la UGR: Proyecto I+D Maqbara\u2013 Noviembre 2024- Octubre 2025).<br \/>\nReserva y aforo: Acceso libre hasta completar aforo.<\/p>\n","protected":false},"excerpt":{"rendered":"<p>Este martes 30 de septiembre a las 18 y 19 horas tendr\u00e1 lugar en el&#8230;<\/p>\n","protected":false},"author":1,"featured_media":79058,"comment_status":"closed","ping_status":"closed","sticky":false,"template":"","format":"standard","meta":{"_coblocks_attr":"","_coblocks_dimensions":"","_coblocks_responsive_height":"","_coblocks_accordion_ie_support":"","jetpack_post_was_ever_published":false,"_jetpack_newsletter_access":"","_jetpack_dont_email_post_to_subs":false,"_jetpack_newsletter_tier_id":0,"_jetpack_memberships_contains_paywalled_content":false,"_jetpack_memberships_contains_paid_content":false,"footnotes":"","jetpack_publicize_message":"","jetpack_publicize_feature_enabled":true,"jetpack_social_post_already_shared":false,"jetpack_social_options":{"image_generator_settings":{"template":"highway","default_image_id":0,"enabled":false},"version":2}},"categories":[12,1225,186,10431,44],"tags":[],"class_list":["post-79056","post","type-post","status-publish","format-standard","has-post-thumbnail","hentry","category-cultura","category-ha-de-atarfe","category-instituciones","category-medina-elvira-2","category-noticias-de-hoy"],"jetpack_publicize_connections":[],"jetpack_featured_media_url":"https:\/\/i0.wp.com\/miradordeatarfe.es\/wp-content\/uploads\/2025\/09\/IMG20250201205158-1-scaled.jpg?fit=1928%2C2560&ssl=1","jetpack_likes_enabled":true,"jetpack_sharing_enabled":true,"_links":{"self":[{"href":"https:\/\/miradordeatarfe.es\/index.php?rest_route=\/wp\/v2\/posts\/79056","targetHints":{"allow":["GET"]}}],"collection":[{"href":"https:\/\/miradordeatarfe.es\/index.php?rest_route=\/wp\/v2\/posts"}],"about":[{"href":"https:\/\/miradordeatarfe.es\/index.php?rest_route=\/wp\/v2\/types\/post"}],"author":[{"embeddable":true,"href":"https:\/\/miradordeatarfe.es\/index.php?rest_route=\/wp\/v2\/users\/1"}],"replies":[{"embeddable":true,"href":"https:\/\/miradordeatarfe.es\/index.php?rest_route=%2Fwp%2Fv2%2Fcomments&post=79056"}],"version-history":[{"count":1,"href":"https:\/\/miradordeatarfe.es\/index.php?rest_route=\/wp\/v2\/posts\/79056\/revisions"}],"predecessor-version":[{"id":79059,"href":"https:\/\/miradordeatarfe.es\/index.php?rest_route=\/wp\/v2\/posts\/79056\/revisions\/79059"}],"wp:featuredmedia":[{"embeddable":true,"href":"https:\/\/miradordeatarfe.es\/index.php?rest_route=\/wp\/v2\/media\/79058"}],"wp:attachment":[{"href":"https:\/\/miradordeatarfe.es\/index.php?rest_route=%2Fwp%2Fv2%2Fmedia&parent=79056"}],"wp:term":[{"taxonomy":"category","embeddable":true,"href":"https:\/\/miradordeatarfe.es\/index.php?rest_route=%2Fwp%2Fv2%2Fcategories&post=79056"},{"taxonomy":"post_tag","embeddable":true,"href":"https:\/\/miradordeatarfe.es\/index.php?rest_route=%2Fwp%2Fv2%2Ftags&post=79056"}],"curies":[{"name":"wp","href":"https:\/\/api.w.org\/{rel}","templated":true}]}}