{"id":79068,"date":"2025-10-04T11:00:19","date_gmt":"2025-10-04T09:00:19","guid":{"rendered":"https:\/\/miradordeatarfe.es\/?p=79068"},"modified":"2025-10-02T13:01:24","modified_gmt":"2025-10-02T11:01:24","slug":"arte-moda-y-solidaridad-en-la-primera-edicion-de-ar-tarf","status":"publish","type":"post","link":"https:\/\/miradordeatarfe.es\/?p=79068","title":{"rendered":"ATARFE: Arte, moda y solidaridad en la primera edici\u00f3n de AR-TARF"},"content":{"rendered":"<h2 class=\"v-a-sub-t \" style=\"text-align: justify;\">La cita es el 10 de octubre en el Coliseo de Atarfe a beneficio de Granadown<\/h2>\n<p class=\"v-p\" style=\"text-align: justify;\">El pr\u00f3ximo 10 de octubre el Coliseo Ciudad de Atarfe ser\u00e1 escenario, a las 20:00 horas, de un evento solidario en el que la <span class=\"paywall pw-open\">moda, la m\u00fasica, el flamenco, la danza, el arte ecuestre y los enganches se fusionar\u00e1n a beneficio de la Asociaci\u00f3n S\u00edndrome de Down de Granada. Este viernes ha tenido lugar la presentaci\u00f3n de esta gala en la seda de Granadown con el respaldo de varios de sus protagonistas. La primera edici\u00f3n de Ar-Tarf convertir\u00e1 al coso atarfe\u00f1o en una pasarela para ver las creaciones de Claudina Mata y Portago Moda. En ese escenario se suceder\u00e1n las actuaciones de las cantantes Marta Quintero y Chonchi Heredia, del guitarrista Juan Habichuela, el bailaor Agust\u00edn Barajas, el tenor Miguel Machado y el cantaor Ismael Rodr\u00edguez. Junto a ellos, habr\u00e1 tambi\u00e9n dos exhibiciones a cargo del Granada Club de Enganches y el rejoneador granadino Sebasti\u00e1n Fern\u00e1ndez. <\/span><\/p>\n<div class=\"paywall\" data-mrf-recirculation=\"Link art\u00edculos\">\n<p class=\"v-p\" style=\"text-align: justify;\">El presidente de Granadown, Francisco Hidalgo, tom\u00f3 la palabra en primer lugar para destacar \u00abla tradici\u00f3n, el coraz\u00f3n y la solidaridad\u00bb de este espect\u00e1culo y agradecer el apoyo del Ayuntamiento de Atarfe, el patrocinio de la Diputaci\u00f3n de Granada y la ayuda de los organizadores y participantes. Todos los beneficios ir\u00e1n destinados a \u00abla labor de inclusi\u00f3n y apoyo a las personas con s\u00edndrome de Down para que tengan la mejor calidad de vida posible y sean aut\u00f3nomos e independientes, como un ciudadano m\u00e1s con todos sus derechos y obligaciones\u00bb.<\/p>\n<p class=\"v-p\" style=\"text-align: justify;\">La alcaldesa de Atarfe, Yolanda Fern\u00e1ndez, manifest\u00f3 el enorme orgullo que supone para su municipio ser anfitriones de esta velada cultural a beneficio de Granadown \u00abporque refleja muy bien la personalidad de nuestro pueblo. La integraci\u00f3n y la lucha por la igualdad \u00abson valores que defendemos con firmeza y hechos\u00bb. Por su parte, el diputado de Fondos Europeos, Desarrollo, Industria y Empleo, Antonio D\u00edaz, destac\u00f3 la labor fundamental de la marca Sabor Granada \u00abpor su compromiso con eventos como este\u00bb. Todos \u00abdeber\u00edamos interiorizar este tipo de causas porque aqu\u00ed no hay pol\u00edticas ni partidos. S\u00f3lo se va m\u00e1s r\u00e1pido pero juntos se llega m\u00e1s lejos, Ayuntamiento, Diputaci\u00f3n, artistas, cultura y asociaciones. Haremos un mundo mejor y una provincia mejor con actos como este\u00bb.<\/p>\n<p class=\"v-p\" style=\"text-align: justify;\">Los organizadores, Claudina Mata y Javier Portago, se mostraron ilusionados con un evento tan especial y esta nueva colaboraci\u00f3n juntos. Explicaron que en su pasarela habr\u00e1 sorpresas muy bonitas y que adelantar\u00e1n la temporada de 2026 para el desfile. En el caso de Claudina, su colecci\u00f3n estar\u00e1 inspirada en el arte taurino de Goya. \u00abCreo que todo el conjunto va a brillar mucho\u00bb.<\/p>\n<p class=\"v-p\" style=\"text-align: justify;\">El bailaor Agust\u00edn Barajas intervino en representaci\u00f3n de los artistas para trasladar el compromiso de todos. \u00abEra necesario aportar nuestro granito de arena. Vamos a disfrutar y pasar una velada con mucho coraz\u00f3n\u00bb.<\/p>\n<p class=\"v-p\" style=\"text-align: justify;\">Entre los asistentes destac\u00f3 la presencia del concejal de Fiestas de Atarfe, V\u00edctor Almohano, del tenor Miguel Machado, las influencers Ana P\u00e9rez y Carmen Fern\u00e1ndez, y la presidenta y secretario del Granada Club de Enganches, Lola Enr\u00edquez y Francisco \u00c1lvarez.<\/p>\n<\/div>\n","protected":false},"excerpt":{"rendered":"<p>La cita es el 10 de octubre en el Coliseo de Atarfe a beneficio de&#8230;<\/p>\n","protected":false},"author":1,"featured_media":79069,"comment_status":"closed","ping_status":"closed","sticky":false,"template":"","format":"standard","meta":{"_coblocks_attr":"","_coblocks_dimensions":"","_coblocks_responsive_height":"","_coblocks_accordion_ie_support":"","jetpack_post_was_ever_published":false,"_jetpack_newsletter_access":"","_jetpack_dont_email_post_to_subs":false,"_jetpack_newsletter_tier_id":0,"_jetpack_memberships_contains_paywalled_content":false,"_jetpack_memberships_contains_paid_content":false,"footnotes":"","jetpack_publicize_message":"","jetpack_publicize_feature_enabled":true,"jetpack_social_post_already_shared":true,"jetpack_social_options":{"image_generator_settings":{"template":"highway","default_image_id":0,"enabled":false},"version":2}},"categories":[6916,1161,44,6937],"tags":[],"class_list":["post-79068","post","type-post","status-publish","format-standard","has-post-thumbnail","hentry","category-ayuntamiento-de-atarfe","category-ciudadania","category-noticias-de-hoy","category-sociedad"],"jetpack_publicize_connections":[],"jetpack_featured_media_url":"https:\/\/i0.wp.com\/miradordeatarfe.es\/wp-content\/uploads\/2025\/09\/unnamed-k0oC-U2302983142662oY-1200x840%40Ideal.webp?fit=1200%2C840&ssl=1","jetpack_likes_enabled":true,"jetpack_sharing_enabled":true,"_links":{"self":[{"href":"https:\/\/miradordeatarfe.es\/index.php?rest_route=\/wp\/v2\/posts\/79068","targetHints":{"allow":["GET"]}}],"collection":[{"href":"https:\/\/miradordeatarfe.es\/index.php?rest_route=\/wp\/v2\/posts"}],"about":[{"href":"https:\/\/miradordeatarfe.es\/index.php?rest_route=\/wp\/v2\/types\/post"}],"author":[{"embeddable":true,"href":"https:\/\/miradordeatarfe.es\/index.php?rest_route=\/wp\/v2\/users\/1"}],"replies":[{"embeddable":true,"href":"https:\/\/miradordeatarfe.es\/index.php?rest_route=%2Fwp%2Fv2%2Fcomments&post=79068"}],"version-history":[{"count":2,"href":"https:\/\/miradordeatarfe.es\/index.php?rest_route=\/wp\/v2\/posts\/79068\/revisions"}],"predecessor-version":[{"id":79095,"href":"https:\/\/miradordeatarfe.es\/index.php?rest_route=\/wp\/v2\/posts\/79068\/revisions\/79095"}],"wp:featuredmedia":[{"embeddable":true,"href":"https:\/\/miradordeatarfe.es\/index.php?rest_route=\/wp\/v2\/media\/79069"}],"wp:attachment":[{"href":"https:\/\/miradordeatarfe.es\/index.php?rest_route=%2Fwp%2Fv2%2Fmedia&parent=79068"}],"wp:term":[{"taxonomy":"category","embeddable":true,"href":"https:\/\/miradordeatarfe.es\/index.php?rest_route=%2Fwp%2Fv2%2Fcategories&post=79068"},{"taxonomy":"post_tag","embeddable":true,"href":"https:\/\/miradordeatarfe.es\/index.php?rest_route=%2Fwp%2Fv2%2Ftags&post=79068"}],"curies":[{"name":"wp","href":"https:\/\/api.w.org\/{rel}","templated":true}]}}