{"id":7907,"date":"2016-04-01T08:20:02","date_gmt":"2016-04-01T08:20:02","guid":{"rendered":"http:\/\/miradordeatarfe.es\/?p=7907"},"modified":"2016-04-01T08:20:21","modified_gmt":"2016-04-01T08:20:21","slug":"la-iglesia-por-un-lado-los-espanoles-por-otro","status":"publish","type":"post","link":"https:\/\/miradordeatarfe.es\/?p=7907","title":{"rendered":"La Iglesia por un lado, los espa\u00f1oles por otro"},"content":{"rendered":"<div class=\"row\">\n<div class=\"showbiz-container fullwidth nopaddings grafico\">\n<div class=\"entradilla\">La doctrina de la Iglesia Cat\u00f3lica mantiene, desde hace a\u00f1os, una l\u00ednea muy definida en temas sociales de gran calado como el aborto, las relaciones prematrimoniales o la homosexualidad.<!--more--><\/p>\n<\/div>\n<div id=\"HOTWordsTxt\">\n<p style=\"text-align: justify;\">La <strong>Iglesia Cat\u00f3lica<\/strong> tiene un gran predicamento en Espa\u00f1a, donde es la confesi\u00f3n religiosa mayoritaria. Respondiendo a una realidad social y a pesar de que la Constituci\u00f3n consagra la laicidad del Estado, lo cierto es que la Iglesia cuenta en nuestro pa\u00eds con una serie de beneficios y prebendas, muchos de ellos fijados en el Concordato firmado por el Gobierno espa\u00f1ol con la Santa Sede, que la sit\u00faan en una posici\u00f3n de clara preeminencia.<br \/>\nLas ideas de la Iglesia en lo referente a los temas relacionados con el sexo, suelen ser muy inmovilistas y claramente ligadas a la concepci\u00f3n. En pleno siglo XXI,<strong> la Iglesia Cat\u00f3lica defiende la virginidad hasta llegar al matrimonio, condena las relaciones homosexuales y juzga el aborto como un aut\u00e9ntico crimen que deber\u00eda estar penado por ley<\/strong>.<\/p>\n<p style=\"text-align: justify;\">\nAunque la llegada del Papa Francisco ha supuesto un indudable soplo de aire fresco para las caducas estructuras vaticanas, a\u00fan parece que queda un camino por recorrer hasta alcanzar a la realidad y ponerse a la altura de las circunstancias.<br \/>\nHemos querido consultar a los <strong>miembros del Club Opinamos<\/strong>, dentro de un gran <strong>Estudio sobre la Religi\u00f3n en Espa\u00f1a<\/strong>, que llevamos a cabo el mes pasado, sobre algunos de los temas que condena la Iglesia y su nivel de sinton\u00eda con la postura cat\u00f3lica.<br \/>\nVaya por delante que los<strong> 1.000 ciudadanos<\/strong> que han contestado a esta encuesta, tres de cada cinco se definieron como cat\u00f3licos, porcentaje muy semejante a los que habitualmente se reconocen por el Gobierno a trav\u00e9s de los estudios del CIS. Partiendo de esta base, les hemos preguntado <strong>en cu\u00e1l de estos temas: aborto, homosexualidad o relaciones prematrimoniales, estaban m\u00e1s de acuerdo con la postura oficial de la Iglesia<\/strong>.<\/p>\n<p style=\"text-align: justify;\">\nApenas un <strong>3 %<\/strong> de los ciudadanos se manifestaban<strong> afines a la postura cat\u00f3lica sobre la homosexualidad<\/strong> y menos a\u00fan, un escaso <strong>2\u20197 %<\/strong> apoyaban a la Iglesia en lo referente a las <strong>relaciones prematrimoniales<\/strong>.<br \/>\nSin duda m\u00e1s amplio, un <strong>12 %<\/strong>, era el apoyo a la<strong> condena del aborto<\/strong>, que ha movilizado a la Iglesia, en diversas ocasiones, en los \u00faltimos tiempos. A estos tres porcentajes habr\u00eda que sumar el del<strong> 8\u20199 %<\/strong> de los espa\u00f1oles que est\u00e1n <strong>de acuerdo con la Iglesia en los tres temas.<\/strong><\/p>\n<p style=\"text-align: justify;\">\nPara el final hemos dejado la opci\u00f3n mayoritaria, apoyada de manera notable por un <strong>73\u20194 %<\/strong> de los encuestados, que manifiestan <strong>no estar de acuerdo con la Iglesia en ninguno de los tres temas: aborto, homosexualidad y relaciones prematrimoniales.<\/strong><\/p>\n<\/div>\n<\/div>\n<\/div>\n<div class=\"row\" style=\"text-align: justify;\">\n<div class=\"col-md-12 nill-singlecontent\">\n<div id=\"texto-graph_1\" class=\"texto-graph\">\n<p>Cuando aplicamos las herramientas de <strong>segmentaci\u00f3n por edad<\/strong> descubrimos que todav\u00eda las ideas del Iglesia cuentan con bastante seguimiento entre los grupos con m\u00e1s edad de nuestra poblaci\u00f3n. Si concretamos en el tema del<strong> aborto,<\/strong> podemos ver que los <strong>ciudadanos de entre 45 y 59 a\u00f1os<\/strong> <strong>apoyan la postura cat\u00f3lica en un gran 21\u20197 %<\/strong> y los <strong>mayores de 60 a\u00f1os<\/strong> lo hacen con un buen <strong>18\u20198 %<\/strong>. En este mismo sentido, <strong>los que est\u00e1n de acuerdo con la Iglesia en los tres temas llegan al 12\u20195 % entre los mayores de 60 a\u00f1os.<\/strong><br \/>\nAl dividir por sexo, vemos que <strong>los<\/strong> <strong>hombres espa\u00f1oles apoyan m\u00e1s las posturas de la Iglesia que las mujeres<\/strong> y en el pol\u00e9mico tema del aborto, un cuantioso <strong>16\u20194 % de los varones<\/strong> se alinea con el pensamiento cat\u00f3lico que <strong>tilda de crimen al aborto.<\/strong><\/p>\n<\/div>\n<\/div>\n<\/div>\n<div class=\"row\" style=\"text-align: justify;\">\n<div class=\"col-md-12 nill-singlecontent conclusiones\">\n<p>Una vez m\u00e1s, los estudios demosc\u00f3picos que realizamos en <strong>Encuestamos<\/strong> nos permiten observar hasta qu\u00e9 punto las ideas religiosas influyen en las personas y el grado real de impacto social que tienen determinadas doctrinas. Seguiremos ahondando en este interesante tema que a\u00fana a <strong>la Religi\u00f3n y los Espa\u00f1oles<\/strong>.<\/p>\n<\/div>\n<\/div>\n<p style=\"text-align: justify;\">\n<div class=\"clearfix\" style=\"text-align: justify;\"><\/div>\n<p style=\"text-align: justify;\">\n<div class=\"row\" style=\"text-align: justify;\"><\/div>\n","protected":false},"excerpt":{"rendered":"<p>La doctrina de la Iglesia Cat\u00f3lica mantiene, desde hace a\u00f1os, una l\u00ednea muy definida en&#8230;<\/p>\n","protected":false},"author":1,"featured_media":7908,"comment_status":"closed","ping_status":"closed","sticky":false,"template":"","format":"standard","meta":{"_coblocks_attr":"","_coblocks_dimensions":"","_coblocks_responsive_height":"","_coblocks_accordion_ie_support":"","jetpack_post_was_ever_published":false,"_jetpack_newsletter_access":"","_jetpack_dont_email_post_to_subs":false,"_jetpack_newsletter_tier_id":0,"_jetpack_memberships_contains_paywalled_content":false,"_jetpack_memberships_contains_paid_content":false,"footnotes":"","jetpack_publicize_message":"","jetpack_publicize_feature_enabled":true,"jetpack_social_post_already_shared":false,"jetpack_social_options":{"image_generator_settings":{"template":"highway","default_image_id":0,"enabled":false},"version":2}},"categories":[186,44,15],"tags":[500,28,23],"class_list":["post-7907","post","type-post","status-publish","format-standard","has-post-thumbnail","hentry","category-instituciones","category-noticias-de-hoy","category-ultimas-noticias","tag-ciudadanos","tag-iglesia","tag-religion"],"jetpack_publicize_connections":[],"jetpack_featured_media_url":"https:\/\/i0.wp.com\/miradordeatarfe.es\/wp-content\/uploads\/2016\/03\/Monsenor_Carlos_Amigo.jpg?fit=1200%2C458&ssl=1","jetpack_likes_enabled":true,"jetpack_sharing_enabled":true,"_links":{"self":[{"href":"https:\/\/miradordeatarfe.es\/index.php?rest_route=\/wp\/v2\/posts\/7907","targetHints":{"allow":["GET"]}}],"collection":[{"href":"https:\/\/miradordeatarfe.es\/index.php?rest_route=\/wp\/v2\/posts"}],"about":[{"href":"https:\/\/miradordeatarfe.es\/index.php?rest_route=\/wp\/v2\/types\/post"}],"author":[{"embeddable":true,"href":"https:\/\/miradordeatarfe.es\/index.php?rest_route=\/wp\/v2\/users\/1"}],"replies":[{"embeddable":true,"href":"https:\/\/miradordeatarfe.es\/index.php?rest_route=%2Fwp%2Fv2%2Fcomments&post=7907"}],"version-history":[{"count":1,"href":"https:\/\/miradordeatarfe.es\/index.php?rest_route=\/wp\/v2\/posts\/7907\/revisions"}],"predecessor-version":[{"id":7909,"href":"https:\/\/miradordeatarfe.es\/index.php?rest_route=\/wp\/v2\/posts\/7907\/revisions\/7909"}],"wp:featuredmedia":[{"embeddable":true,"href":"https:\/\/miradordeatarfe.es\/index.php?rest_route=\/wp\/v2\/media\/7908"}],"wp:attachment":[{"href":"https:\/\/miradordeatarfe.es\/index.php?rest_route=%2Fwp%2Fv2%2Fmedia&parent=7907"}],"wp:term":[{"taxonomy":"category","embeddable":true,"href":"https:\/\/miradordeatarfe.es\/index.php?rest_route=%2Fwp%2Fv2%2Fcategories&post=7907"},{"taxonomy":"post_tag","embeddable":true,"href":"https:\/\/miradordeatarfe.es\/index.php?rest_route=%2Fwp%2Fv2%2Ftags&post=7907"}],"curies":[{"name":"wp","href":"https:\/\/api.w.org\/{rel}","templated":true}]}}