{"id":79077,"date":"2025-09-30T11:00:51","date_gmt":"2025-09-30T09:00:51","guid":{"rendered":"https:\/\/miradordeatarfe.es\/?p=79077"},"modified":"2025-09-29T13:42:39","modified_gmt":"2025-09-29T11:42:39","slug":"atarfe-nuevo-gimnasio-en-los-bajos-de-la-plaza-toros","status":"publish","type":"post","link":"https:\/\/miradordeatarfe.es\/?p=79077","title":{"rendered":"ATARFE: NUEVO GIMNASIO EN LOS BAJOS DE LA PLAZA TOROS"},"content":{"rendered":"<h3 style=\"text-align: justify;\">Hace unos d\u00edas el Ayuntamiento de Atarfe\u00a0\u00a0 puso en sus redes una noticia muy esperada: hab\u00edan firmado el comienzo de las obras del nuevo Gimnasio Municipal, que estar\u00e1 ubicado en los bajos de la Plaza de Toros.<\/h3>\n<p style=\"text-align: justify;\">En muy poco tiempo, Atarfe podr\u00e1 disfrutar de un nuevo equipamiento deportivo moderno y de calidad, que se suma a la mejora constante de \u00ednuestras instalaciones.<\/p>\n<p style=\"text-align: justify;\">La licitaci\u00f3n ha sido adjudicada a BIBIAN MORENO MESSIA OBRAS Y SERVICIOS SL de ARJONA Espa\u00f1a con un tiempo de ejecuci\u00f3n de tres meses.<\/p>\n<p style=\"text-align: justify;\">Una apuesta firme por el deporte, la salud y el bienestar de nuestros vecinos y vecinas.<\/p>\n<p style=\"text-align: justify;\">Todo preparado para celebrar con orgullo que seremos<strong> Villa Europea del Deporte 2026.<\/strong><\/p>\n<p style=\"text-align: justify;\">Atarfe sigue creciendo, cumpliendo compromisos y situ\u00e1ndose como referente deportivo en el \u00e1rea metropolitana.<\/p>\n<p>https:\/\/youtube.com\/shorts\/oTLnjVd5Ue4?feature=shared<\/p>\n","protected":false},"excerpt":{"rendered":"<p>Hace unos d\u00edas el Ayuntamiento de Atarfe\u00a0\u00a0 puso en sus redes una noticia muy esperada:&#8230;<\/p>\n","protected":false},"author":1,"featured_media":79079,"comment_status":"closed","ping_status":"closed","sticky":false,"template":"","format":"standard","meta":{"_coblocks_attr":"","_coblocks_dimensions":"","_coblocks_responsive_height":"","_coblocks_accordion_ie_support":"","jetpack_post_was_ever_published":false,"_jetpack_newsletter_access":"","_jetpack_dont_email_post_to_subs":false,"_jetpack_newsletter_tier_id":0,"_jetpack_memberships_contains_paywalled_content":false,"_jetpack_memberships_contains_paid_content":false,"footnotes":"","jetpack_publicize_message":"","jetpack_publicize_feature_enabled":true,"jetpack_social_post_already_shared":true,"jetpack_social_options":{"image_generator_settings":{"template":"highway","default_image_id":0,"enabled":false},"version":2}},"categories":[6916,1161,44,10],"tags":[],"class_list":["post-79077","post","type-post","status-publish","format-standard","has-post-thumbnail","hentry","category-ayuntamiento-de-atarfe","category-ciudadania","category-noticias-de-hoy","category-salud"],"jetpack_publicize_connections":[],"jetpack_featured_media_url":"https:\/\/i0.wp.com\/miradordeatarfe.es\/wp-content\/uploads\/2025\/09\/acuerdo.png?fit=416%2C390&ssl=1","jetpack_likes_enabled":true,"jetpack_sharing_enabled":true,"_links":{"self":[{"href":"https:\/\/miradordeatarfe.es\/index.php?rest_route=\/wp\/v2\/posts\/79077","targetHints":{"allow":["GET"]}}],"collection":[{"href":"https:\/\/miradordeatarfe.es\/index.php?rest_route=\/wp\/v2\/posts"}],"about":[{"href":"https:\/\/miradordeatarfe.es\/index.php?rest_route=\/wp\/v2\/types\/post"}],"author":[{"embeddable":true,"href":"https:\/\/miradordeatarfe.es\/index.php?rest_route=\/wp\/v2\/users\/1"}],"replies":[{"embeddable":true,"href":"https:\/\/miradordeatarfe.es\/index.php?rest_route=%2Fwp%2Fv2%2Fcomments&post=79077"}],"version-history":[{"count":2,"href":"https:\/\/miradordeatarfe.es\/index.php?rest_route=\/wp\/v2\/posts\/79077\/revisions"}],"predecessor-version":[{"id":79081,"href":"https:\/\/miradordeatarfe.es\/index.php?rest_route=\/wp\/v2\/posts\/79077\/revisions\/79081"}],"wp:featuredmedia":[{"embeddable":true,"href":"https:\/\/miradordeatarfe.es\/index.php?rest_route=\/wp\/v2\/media\/79079"}],"wp:attachment":[{"href":"https:\/\/miradordeatarfe.es\/index.php?rest_route=%2Fwp%2Fv2%2Fmedia&parent=79077"}],"wp:term":[{"taxonomy":"category","embeddable":true,"href":"https:\/\/miradordeatarfe.es\/index.php?rest_route=%2Fwp%2Fv2%2Fcategories&post=79077"},{"taxonomy":"post_tag","embeddable":true,"href":"https:\/\/miradordeatarfe.es\/index.php?rest_route=%2Fwp%2Fv2%2Ftags&post=79077"}],"curies":[{"name":"wp","href":"https:\/\/api.w.org\/{rel}","templated":true}]}}