{"id":79082,"date":"2025-09-29T11:19:53","date_gmt":"2025-09-29T09:19:53","guid":{"rendered":"https:\/\/miradordeatarfe.es\/?p=79082"},"modified":"2025-09-28T21:25:48","modified_gmt":"2025-09-28T19:25:48","slug":"atarfe-nueva-concentracion-por-palestina","status":"publish","type":"post","link":"https:\/\/miradordeatarfe.es\/?p=79082","title":{"rendered":"ATARFE NUEVA CONCENTRACI\u00d3N POR PALESTINA"},"content":{"rendered":"<h3 style=\"text-align: justify;\" data-subtree=\"aimfl\">Las concentraciones por Palestina son\u00a0<span style=\"color: #ffffff;\"><mark class=\"HxTRcb\">actos de protesta y solidaridad que se llevan a cabo en diversas ciudades de Espa\u00f1a y el mundo para exigir un alto al fuego definitivo, condenar lo que consideran un genocidio en Gaza, y demandar el fin de la ocupaci\u00f3n y el respeto de los derechos del pueblo palestino<\/mark><\/span>.<\/h3>\n<div style=\"text-align: justify;\" data-subtree=\"aimfl\">Organizaciones como \u00a0<strong>ATARFE con PALESTINA<\/strong> como movimientos ciudadanos convocan regularmente estas manifestaciones, que incluyen marchas y concentraciones, buscando la unidad de acci\u00f3n y la denuncia de la situaci\u00f3n.<\/div>\n<div data-subtree=\"aimfl\">\u00a0<\/div>\n<div data-subtree=\"aimfl\">Anteriormente \u00ab<strong>Atarfe con Palestina\u00bb<\/strong> en la Plaza del Escorpio de Atarfe acogi\u00f3 una concentraci\u00f3n para denunciar el genocidio del pueblo palestino. se ley\u00f3 un manifiesto\u00a0 por dos personas adultas, animando a toda la ciudadan\u00eda atarfe\u00f1a a seguir participando para \u00abno permanecer indiferentes ante el gran sufrimiento humano\u00bb en los rostros de la poblaci\u00f3n palestina y la conculcaci\u00f3n de los Derechos Humanos en pleno s.XXI. El acto finaliz\u00f3 al grito colectivo de \u00abViva, Palestina libre\u00bb. Con pancartas, banderas, carteles y pa\u00f1uelos palestinos en el encuentro se gritaron consignas contra el genocidio de la poblaci\u00f3n Palestina.<\/div>\n<div data-subtree=\"aimfl\">\n<div class=\"xdj266r x14z9mp xat24cr x1lziwak x1vvkbs x126k92a\">\n<div dir=\"auto\">\u00a0<\/div>\n<div dir=\"auto\">Esta semana\u00a0 ATARFE\u00a0 vuelve a alzar la voz en defensa del multilateralismo y de los derechos humanos para parar el genocidio que est\u00e1 sufriendo el pueblo palestino.<\/div>\n<div dir=\"auto\">\u00a0<\/div>\n<\/div>\n<div class=\"x14z9mp xat24cr x1lziwak x1vvkbs xtlvy1s x126k92a\">\n<div dir=\"auto\">Es indecente la pasividad no dando la cara y no poni\u00e9ndose del lado de los derechos humanos, del derecho internacional . TE ESPERAMOS en la plaza de<span style=\"color: #800000;\"><strong><em> Juan Carlos I de Atarfe en la barriada de Sta, Amalia este martes a las 19h\u00a0<\/em><\/strong><\/span><\/div>\n<\/div>\n<\/div>\n<div dir=\"auto\">\u00a0<\/div>\n<div data-subtree=\"aimfl\">\u00a0<\/div>\n<div data-subtree=\"aimfl\"><img data-recalc-dims=\"1\" loading=\"lazy\" decoding=\"async\" class=\"alignnone wp-image-79084 size-full\" src=\"https:\/\/i0.wp.com\/miradordeatarfe.es\/wp-content\/uploads\/2025\/09\/IMG-20250928-WA0086.jpg?resize=640%2C905&#038;ssl=1\" alt=\"\" width=\"640\" height=\"905\" srcset=\"https:\/\/i0.wp.com\/miradordeatarfe.es\/wp-content\/uploads\/2025\/09\/IMG-20250928-WA0086.jpg?w=1131&amp;ssl=1 1131w, https:\/\/i0.wp.com\/miradordeatarfe.es\/wp-content\/uploads\/2025\/09\/IMG-20250928-WA0086.jpg?resize=212%2C300&amp;ssl=1 212w, https:\/\/i0.wp.com\/miradordeatarfe.es\/wp-content\/uploads\/2025\/09\/IMG-20250928-WA0086.jpg?resize=724%2C1024&amp;ssl=1 724w, https:\/\/i0.wp.com\/miradordeatarfe.es\/wp-content\/uploads\/2025\/09\/IMG-20250928-WA0086.jpg?resize=768%2C1086&amp;ssl=1 768w, https:\/\/i0.wp.com\/miradordeatarfe.es\/wp-content\/uploads\/2025\/09\/IMG-20250928-WA0086.jpg?resize=1086%2C1536&amp;ssl=1 1086w, https:\/\/i0.wp.com\/miradordeatarfe.es\/wp-content\/uploads\/2025\/09\/IMG-20250928-WA0086.jpg?resize=1024%2C1449&amp;ssl=1 1024w\" sizes=\"auto, (max-width: 640px) 100vw, 640px\" \/><\/div>\n<div data-subtree=\"aimfl\">\u00a0<\/div>\n","protected":false},"excerpt":{"rendered":"<p>Las concentraciones por Palestina son\u00a0actos de protesta y solidaridad que se llevan a cabo en&#8230;<\/p>\n","protected":false},"author":1,"featured_media":79085,"comment_status":"closed","ping_status":"closed","sticky":false,"template":"","format":"standard","meta":{"_coblocks_attr":"","_coblocks_dimensions":"","_coblocks_responsive_height":"","_coblocks_accordion_ie_support":"","jetpack_post_was_ever_published":false,"_jetpack_newsletter_access":"","_jetpack_dont_email_post_to_subs":false,"_jetpack_newsletter_tier_id":0,"_jetpack_memberships_contains_paywalled_content":false,"_jetpack_memberships_contains_paid_content":false,"footnotes":"","jetpack_publicize_message":"","jetpack_publicize_feature_enabled":true,"jetpack_social_post_already_shared":true,"jetpack_social_options":{"image_generator_settings":{"template":"highway","default_image_id":0,"enabled":false},"version":2}},"categories":[1161,186,44,7671],"tags":[],"class_list":["post-79082","post","type-post","status-publish","format-standard","has-post-thumbnail","hentry","category-ciudadania","category-instituciones","category-noticias-de-hoy","category-politica"],"jetpack_publicize_connections":[],"jetpack_featured_media_url":"https:\/\/i0.wp.com\/miradordeatarfe.es\/wp-content\/uploads\/2025\/09\/IMG-20250928-WA0088.jpg?fit=756%2C489&ssl=1","jetpack_likes_enabled":true,"jetpack_sharing_enabled":true,"_links":{"self":[{"href":"https:\/\/miradordeatarfe.es\/index.php?rest_route=\/wp\/v2\/posts\/79082","targetHints":{"allow":["GET"]}}],"collection":[{"href":"https:\/\/miradordeatarfe.es\/index.php?rest_route=\/wp\/v2\/posts"}],"about":[{"href":"https:\/\/miradordeatarfe.es\/index.php?rest_route=\/wp\/v2\/types\/post"}],"author":[{"embeddable":true,"href":"https:\/\/miradordeatarfe.es\/index.php?rest_route=\/wp\/v2\/users\/1"}],"replies":[{"embeddable":true,"href":"https:\/\/miradordeatarfe.es\/index.php?rest_route=%2Fwp%2Fv2%2Fcomments&post=79082"}],"version-history":[{"count":3,"href":"https:\/\/miradordeatarfe.es\/index.php?rest_route=\/wp\/v2\/posts\/79082\/revisions"}],"predecessor-version":[{"id":79088,"href":"https:\/\/miradordeatarfe.es\/index.php?rest_route=\/wp\/v2\/posts\/79082\/revisions\/79088"}],"wp:featuredmedia":[{"embeddable":true,"href":"https:\/\/miradordeatarfe.es\/index.php?rest_route=\/wp\/v2\/media\/79085"}],"wp:attachment":[{"href":"https:\/\/miradordeatarfe.es\/index.php?rest_route=%2Fwp%2Fv2%2Fmedia&parent=79082"}],"wp:term":[{"taxonomy":"category","embeddable":true,"href":"https:\/\/miradordeatarfe.es\/index.php?rest_route=%2Fwp%2Fv2%2Fcategories&post=79082"},{"taxonomy":"post_tag","embeddable":true,"href":"https:\/\/miradordeatarfe.es\/index.php?rest_route=%2Fwp%2Fv2%2Ftags&post=79082"}],"curies":[{"name":"wp","href":"https:\/\/api.w.org\/{rel}","templated":true}]}}