{"id":7910,"date":"2016-04-02T06:04:05","date_gmt":"2016-04-02T06:04:05","guid":{"rendered":"http:\/\/miradordeatarfe.es\/?p=7910"},"modified":"2016-03-31T14:38:58","modified_gmt":"2016-03-31T14:38:58","slug":"cual-ha-sido-la-mejor-serie-de-television-del-ano","status":"publish","type":"post","link":"https:\/\/miradordeatarfe.es\/?p=7910","title":{"rendered":"\u00bfCu\u00e1l ha sido la mejor serie de televisi\u00f3n del a\u00f1o?"},"content":{"rendered":"<p style=\"text-align: justify;\">La televisi\u00f3n es algo de gran calado en la sociedad actual y las ficciones que nos gustan, se convierten en un dato m\u00e1s de nuestro perfil personal. \u00bfCu\u00e1l habr\u00e1 sido la mejor serie de estos \u00faltimos doce meses?<!--more-->En el marco de la<strong> Gran Encuesta del A\u00f1o<\/strong> ya hemos repasado nuestros presentadores y programas favoritos y ahora llega el turno de localizar cu\u00e1l es<strong> la mejor serie de televisi\u00f3n<\/strong>. Hemos querido centrarnos en la ficci\u00f3n realizada en nuestro pa\u00eds, no s\u00f3lo por la cercan\u00eda, sino porque los \u00edndices de audiencia se\u00f1alan a las series espa\u00f1olas como las m\u00e1s vistas por la audiencia.<\/p>\n<p style=\"text-align: justify;\">\nSobre este particular hemos consultado a los <strong>2.000 miembros del Club Opinamos<\/strong> que han participado en este estudio. Ellos provienen de 379 localidades distintas distribuidas por las 50 provincias de Espa\u00f1a y responden a diferentes edades, niveles de estudios e ingresos, con el objetivo de crear una foto fija de la poblaci\u00f3n espa\u00f1ola que nos sirva como muestra del conjunto de nuestra sociedad. Nuestros encuestados han respondido sobre <strong>cu\u00e1l les parec\u00eda la mejor serie de ficci\u00f3n de nuestra televisi\u00f3n de los \u00faltimos doce meses.<\/strong><\/p>\n<p style=\"text-align: justify;\">\nHay que decir que los votos han estado muy repartidos y s\u00f3lo <strong>Gym Tony<\/strong> de Cuatro, con un escaso <strong>4\u20197 %<\/strong> de los apoyos, se ha quedado atr\u00e1s.<br \/>\nEn un apretado grupo aparecen tres estrenos de 2015, las series de Antena 3, <strong>Vis a vis,<\/strong> un intenso drama carcelario escogido por un buen <strong>12\u20192 %<\/strong> de los encuestados y la divertida comedia, <strong>All\u00ed abajo<\/strong>, a la que elige el <strong>15\u20198 %<\/strong> de los ciudadanos. Tan s\u00f3lo un d\u00e9cima menos, el <strong>15\u20197 %<\/strong> de los votos, obtiene la serie hist\u00f3rica de TVE, <strong>Carlos, Rey Emperador.<\/strong><\/p>\n<p style=\"text-align: justify;\">\nPor delante, la segunda plaza es para un cl\u00e1sico referencia en Telecinco,<strong> La que se avecina<\/strong>, que es la serie favorita de un importante <strong>24 %<\/strong> de los encuestados.<\/p>\n<p style=\"text-align: justify;\">\n<em>La victoria es para otro estreno de esta temporada, una arriesgada apuesta de la televisi\u00f3n p\u00fablica por las series hist\u00f3ricas y de aventuras.<span style=\"text-decoration: underline;\"> Nos referimos al<\/span><strong> Ministerio del Tiempo<\/strong><\/em>, que ahora vuelve con su segunda temporada. Un extraordinario<strong> 27\u20196 %<\/strong> de los espa\u00f1oles la escoge como la mejor serie de televisi\u00f3n del a\u00f1o.<\/p>\n<p style=\"text-align: justify;\">Las <strong>herramientas de segmentaci\u00f3n<\/strong> nos dan pistas sobre los gustos de los espa\u00f1oles de distintas edades y sus series favoritas de la tele. Los <strong>j\u00f3vene<\/strong>s escogen en primer lugar, con un excelente <strong>30\u20192 %<\/strong> de los votos, a <strong>La que se avecina<\/strong> y los mayores, sin embargo, se decantan por <strong>El<\/strong> <strong>Ministerio del Tiempo<\/strong>, que es la elecci\u00f3n de un estupendo <strong>29\u20194 %<\/strong> <strong>de los encuestados mayores de 40 a\u00f1os.<\/strong><\/p>\n<p style=\"text-align: justify;\">\nSi nos remitimos a los niveles de estudios de los individuos entrevistados se observa que <strong>El Ministerio del Tiempo<\/strong> se impone entre los <strong>encuestados con estudios universitarios o superiores<\/strong>, mientras que <strong>La que se avecina<\/strong> es la serie preferida de los <strong>espa\u00f1oles con FP, bachillerato o menores niveles de estudios<\/strong>.<\/p>\n<p style=\"text-align: justify;\">La <strong>Gran Encuesta del A\u00f1o<\/strong> nos deja un selecto grupo de ganadores. Personas y programas favoritos del p\u00fablico espa\u00f1ol.\u00a0 <strong>Ana Pastor<\/strong> ha sido elegida como mejor presentadora,<strong> Bert\u00edn Osborne<\/strong> como mejor presentador y <strong>Pedro Piqueras<\/strong> como mejor conductor de informativos.<\/p>\n<p style=\"text-align: justify;\">En el apartado de programas, <strong>Salvados<\/strong> se impuso entre los espacio dedicados a la actualidad y <strong>Masterchef<\/strong> triunf\u00f3 como el mejor programa de entretenimiento. Hoy hemos sabido que<strong> El Ministerio del Tiempo<\/strong> es la mejor serie del a\u00f1o seg\u00fan los 2.000 miembros del <strong>Club Opinamos<\/strong> que han participado en el estudio.<\/p>\n<p><a href=\"http:\/\/www.encuestamos.com\/cual-ha-sido-la-mejor-serie-de-television-del-ano\/\">http:\/\/www.encuestamos.com\/cual-ha-sido-la-mejor-serie-de-television-del-ano\/<\/a><\/p>\n","protected":false},"excerpt":{"rendered":"<p>La televisi\u00f3n es algo de gran calado en la sociedad actual y las ficciones que&#8230;<\/p>\n","protected":false},"author":1,"featured_media":7911,"comment_status":"closed","ping_status":"closed","sticky":false,"template":"","format":"standard","meta":{"_coblocks_attr":"","_coblocks_dimensions":"","_coblocks_responsive_height":"","_coblocks_accordion_ie_support":"","jetpack_post_was_ever_published":false,"_jetpack_newsletter_access":"","_jetpack_dont_email_post_to_subs":false,"_jetpack_newsletter_tier_id":0,"_jetpack_memberships_contains_paywalled_content":false,"_jetpack_memberships_contains_paid_content":false,"footnotes":"","jetpack_publicize_message":"","jetpack_publicize_feature_enabled":true,"jetpack_social_post_already_shared":false,"jetpack_social_options":{"image_generator_settings":{"template":"highway","default_image_id":0,"enabled":false},"version":2}},"categories":[186,9,44,15],"tags":[2406,2066],"class_list":["post-7910","post","type-post","status-publish","format-standard","has-post-thumbnail","hentry","category-instituciones","category-medio-ambiente","category-noticias-de-hoy","category-ultimas-noticias","tag-series","tag-television"],"jetpack_publicize_connections":[],"jetpack_featured_media_url":"https:\/\/i0.wp.com\/miradordeatarfe.es\/wp-content\/uploads\/2016\/03\/ministerio-tiempo.jpg?fit=1200%2C450&ssl=1","jetpack_likes_enabled":true,"jetpack_sharing_enabled":true,"_links":{"self":[{"href":"https:\/\/miradordeatarfe.es\/index.php?rest_route=\/wp\/v2\/posts\/7910","targetHints":{"allow":["GET"]}}],"collection":[{"href":"https:\/\/miradordeatarfe.es\/index.php?rest_route=\/wp\/v2\/posts"}],"about":[{"href":"https:\/\/miradordeatarfe.es\/index.php?rest_route=\/wp\/v2\/types\/post"}],"author":[{"embeddable":true,"href":"https:\/\/miradordeatarfe.es\/index.php?rest_route=\/wp\/v2\/users\/1"}],"replies":[{"embeddable":true,"href":"https:\/\/miradordeatarfe.es\/index.php?rest_route=%2Fwp%2Fv2%2Fcomments&post=7910"}],"version-history":[{"count":1,"href":"https:\/\/miradordeatarfe.es\/index.php?rest_route=\/wp\/v2\/posts\/7910\/revisions"}],"predecessor-version":[{"id":7912,"href":"https:\/\/miradordeatarfe.es\/index.php?rest_route=\/wp\/v2\/posts\/7910\/revisions\/7912"}],"wp:featuredmedia":[{"embeddable":true,"href":"https:\/\/miradordeatarfe.es\/index.php?rest_route=\/wp\/v2\/media\/7911"}],"wp:attachment":[{"href":"https:\/\/miradordeatarfe.es\/index.php?rest_route=%2Fwp%2Fv2%2Fmedia&parent=7910"}],"wp:term":[{"taxonomy":"category","embeddable":true,"href":"https:\/\/miradordeatarfe.es\/index.php?rest_route=%2Fwp%2Fv2%2Fcategories&post=7910"},{"taxonomy":"post_tag","embeddable":true,"href":"https:\/\/miradordeatarfe.es\/index.php?rest_route=%2Fwp%2Fv2%2Ftags&post=7910"}],"curies":[{"name":"wp","href":"https:\/\/api.w.org\/{rel}","templated":true}]}}